{"id":7291,"date":"2019-03-12T13:38:30","date_gmt":"2019-03-12T17:38:30","guid":{"rendered":"https:\/\/mrcvs.ca\/un-bilan-positif-pour-les-premiers-mois-de-la-collecte-des-residus-alimentaires-dans-la-mrc-de-vaudreuil-soulanges\/"},"modified":"2019-03-12T13:38:33","modified_gmt":"2019-03-12T17:38:33","slug":"un-bilan-positif-pour-les-premiers-mois-de-la-collecte-des-residus-alimentaires-dans-la-mrc-de-vaudreuil-soulanges","status":"publish","type":"post","link":"https:\/\/mrcvs.ca\/en\/un-bilan-positif-pour-les-premiers-mois-de-la-collecte-des-residus-alimentaires-dans-la-mrc-de-vaudreuil-soulanges\/","title":{"rendered":"Un bilan positif pour les premiers mois de la collecte des r\u00e9sidus alimentaires dans la MRC de Vaudreuil-Soulanges"},"content":{"rendered":"<p>Les premiers mois de la collecte des r\u00e9sidus alimentaires auront permis de d\u00e9tourner 834 tonnes des sites d\u2019enfouissement. Le bilan est positif consid\u00e9rant que le projet a d\u00e9but\u00e9 par phasage au printemps\u00a02018.<\/p>\n<p>\u00ab\u00a0Le bilan pour l\u2019ann\u00e9e 2018 est tr\u00e8s bien et la participation est au rendez-vous. La valorisation des r\u00e9sidus alimentaires est un changement important dans les habitudes de vies et il faudra quelques ann\u00e9es pour atteindre l\u2019objectif de valorisation de 60%. Toutefois, pour les mois de d\u00e9marrage, je suis satisfait de ces statistiques\u00a0\u00bb, a mentionn\u00e9 Patrick Bousez, pr\u00e9fet de la MRC de Vaudreuil-Soulanges et maire de la municipalit\u00e9 de Rivi\u00e8re-Beaudette.<\/p>\n<p>Contrairement \u00e0 certains chiffres parus dans les m\u00e9dias sociaux, il faut \u00e9viter de faire des comparatifs entre les municipalit\u00e9s. Comme dans plusieurs municipalit\u00e9s la premi\u00e8re phase du projet exclut les multilogements et les industries, commerces et institutions (ICI), il est impossible de diviser les tonnages par la quantit\u00e9 totale de population. Ainsi donc, l\u2019utilisation d\u2019une m\u00e9thodologie de la sorte est erron\u00e9e et ne donne pas les vrais chiffres de participations des municipalit\u00e9s qui ont de nombreux multilogements comme la ville de Vaudreuil-Dorion entre autres. Dans les faits, les taux de participations sont comparables d\u2019une municipalit\u00e9 \u00e0 l\u2019autre.<\/p>\n","protected":false},"excerpt":{"rendered":"<p>Les premiers mois de la collecte des r\u00e9sidus alimentaires auront permis de d\u00e9tourner 834 tonnes des sites d\u2019enfouissement. Le bilan est positif consid\u00e9rant que le projet a d\u00e9but\u00e9 par phasage au printemps\u00a02018. \u00ab\u00a0Le bilan pour l\u2019ann\u00e9e 2018 est tr\u00e8s bien et la participation est au rendez-vous. La valorisation des r\u00e9sidus alimentaires est un changement important [&hellip;]<\/p>\n","protected":false},"author":5,"featured_media":7289,"comment_status":"closed","ping_status":"closed","sticky":false,"template":"","format":"standard","meta":{"_et_pb_use_builder":"","_et_pb_old_content":"","_et_gb_content_width":"","footnotes":""},"categories":[25],"tags":[],"yoast_head":"<!-- This site is optimized with the Yoast SEO plugin v23.0 - https:\/\/yoast.com\/wordpress\/plugins\/seo\/ -->\n<title>Un bilan positif pour les premiers mois de la collecte des r\u00e9sidus alimentaires dans la MRC de Vaudreuil-Soulanges - MRC of Vaudreuil-Soulanges<\/title>\n<meta name=\"robots\" content=\"index, follow, max-snippet:-1, max-image-preview:large, max-video-preview:-1\" \/>\n<link rel=\"canonical\" href=\"https:\/\/mrcvs.ca\/en\/un-bilan-positif-pour-les-premiers-mois-de-la-collecte-des-residus-alimentaires-dans-la-mrc-de-vaudreuil-soulanges\/\" \/>\n<meta property=\"og:locale\" content=\"en_US\" \/>\n<meta property=\"og:type\" content=\"article\" \/>\n<meta property=\"og:title\" content=\"Un bilan positif pour les premiers mois de la collecte des r\u00e9sidus alimentaires dans la MRC de Vaudreuil-Soulanges - MRC of Vaudreuil-Soulanges\" \/>\n<meta property=\"og:description\" content=\"Les premiers mois de la collecte des r\u00e9sidus alimentaires auront permis de d\u00e9tourner 834 tonnes des sites d\u2019enfouissement. Le bilan est positif consid\u00e9rant que le projet a d\u00e9but\u00e9 par phasage au printemps\u00a02018. \u00ab\u00a0Le bilan pour l\u2019ann\u00e9e 2018 est tr\u00e8s bien et la participation est au rendez-vous. La valorisation des r\u00e9sidus alimentaires est un changement important [&hellip;]\" \/>\n<meta property=\"og:url\" content=\"https:\/\/mrcvs.ca\/en\/un-bilan-positif-pour-les-premiers-mois-de-la-collecte-des-residus-alimentaires-dans-la-mrc-de-vaudreuil-soulanges\/\" \/>\n<meta property=\"og:site_name\" content=\"MRC of Vaudreuil-Soulanges\" \/>\n<meta property=\"article:publisher\" content=\"https:\/\/www.facebook.com\/mrcvaudreuilsoulanges\/\" \/>\n<meta property=\"article:published_time\" content=\"2019-03-12T17:38:30+00:00\" \/>\n<meta property=\"article:modified_time\" content=\"2019-03-12T17:38:33+00:00\" \/>\n<meta property=\"og:image\" content=\"https:\/\/mrcvs.ca\/wp-content\/uploads\/2019\/03\/organique.jpg\" \/>\n\t<meta property=\"og:image:width\" content=\"2494\" \/>\n\t<meta property=\"og:image:height\" content=\"1660\" \/>\n\t<meta property=\"og:image:type\" content=\"image\/jpeg\" \/>\n<meta name=\"author\" content=\"Marie-Eve Gingras-Gosselin\" \/>\n<meta name=\"twitter:card\" content=\"summary_large_image\" \/>\n<meta name=\"twitter:label1\" content=\"Written by\" \/>\n\t<meta name=\"twitter:data1\" content=\"Marie-Eve Gingras-Gosselin\" \/>\n\t<meta name=\"twitter:label2\" content=\"Est. reading time\" \/>\n\t<meta name=\"twitter:data2\" content=\"1 minute\" \/>\n<script type=\"application\/ld+json\" class=\"yoast-schema-graph\">{\"@context\":\"https:\/\/schema.org\",\"@graph\":[{\"@type\":\"Article\",\"@id\":\"https:\/\/mrcvs.ca\/en\/un-bilan-positif-pour-les-premiers-mois-de-la-collecte-des-residus-alimentaires-dans-la-mrc-de-vaudreuil-soulanges\/#article\",\"isPartOf\":{\"@id\":\"https:\/\/mrcvs.ca\/en\/un-bilan-positif-pour-les-premiers-mois-de-la-collecte-des-residus-alimentaires-dans-la-mrc-de-vaudreuil-soulanges\/\"},\"author\":{\"name\":\"Marie-Eve Gingras-Gosselin\",\"@id\":\"https:\/\/mrcvs.ca\/#\/schema\/person\/8fd29c6e3cd29daca3de077a77e5e3d6\"},\"headline\":\"Un bilan positif pour les premiers mois de la collecte des r\u00e9sidus alimentaires dans la MRC de Vaudreuil-Soulanges\",\"datePublished\":\"2019-03-12T17:38:30+00:00\",\"dateModified\":\"2019-03-12T17:38:33+00:00\",\"mainEntityOfPage\":{\"@id\":\"https:\/\/mrcvs.ca\/en\/un-bilan-positif-pour-les-premiers-mois-de-la-collecte-des-residus-alimentaires-dans-la-mrc-de-vaudreuil-soulanges\/\"},\"wordCount\":237,\"publisher\":{\"@id\":\"https:\/\/mrcvs.ca\/#organization\"},\"image\":{\"@id\":\"https:\/\/mrcvs.ca\/en\/un-bilan-positif-pour-les-premiers-mois-de-la-collecte-des-residus-alimentaires-dans-la-mrc-de-vaudreuil-soulanges\/#primaryimage\"},\"thumbnailUrl\":\"https:\/\/mrcvs.ca\/wp-content\/uploads\/2019\/03\/organique.jpg\",\"inLanguage\":\"en-US\"},{\"@type\":\"WebPage\",\"@id\":\"https:\/\/mrcvs.ca\/en\/un-bilan-positif-pour-les-premiers-mois-de-la-collecte-des-residus-alimentaires-dans-la-mrc-de-vaudreuil-soulanges\/\",\"url\":\"https:\/\/mrcvs.ca\/en\/un-bilan-positif-pour-les-premiers-mois-de-la-collecte-des-residus-alimentaires-dans-la-mrc-de-vaudreuil-soulanges\/\",\"name\":\"Un bilan positif pour les premiers mois de la collecte des r\u00e9sidus alimentaires dans la MRC de Vaudreuil-Soulanges - MRC of Vaudreuil-Soulanges\",\"isPartOf\":{\"@id\":\"https:\/\/mrcvs.ca\/#website\"},\"primaryImageOfPage\":{\"@id\":\"https:\/\/mrcvs.ca\/en\/un-bilan-positif-pour-les-premiers-mois-de-la-collecte-des-residus-alimentaires-dans-la-mrc-de-vaudreuil-soulanges\/#primaryimage\"},\"image\":{\"@id\":\"https:\/\/mrcvs.ca\/en\/un-bilan-positif-pour-les-premiers-mois-de-la-collecte-des-residus-alimentaires-dans-la-mrc-de-vaudreuil-soulanges\/#primaryimage\"},\"thumbnailUrl\":\"https:\/\/mrcvs.ca\/wp-content\/uploads\/2019\/03\/organique.jpg\",\"datePublished\":\"2019-03-12T17:38:30+00:00\",\"dateModified\":\"2019-03-12T17:38:33+00:00\",\"breadcrumb\":{\"@id\":\"https:\/\/mrcvs.ca\/en\/un-bilan-positif-pour-les-premiers-mois-de-la-collecte-des-residus-alimentaires-dans-la-mrc-de-vaudreuil-soulanges\/#breadcrumb\"},\"inLanguage\":\"en-US\",\"potentialAction\":[{\"@type\":\"ReadAction\",\"target\":[\"https:\/\/mrcvs.ca\/en\/un-bilan-positif-pour-les-premiers-mois-de-la-collecte-des-residus-alimentaires-dans-la-mrc-de-vaudreuil-soulanges\/\"]}]},{\"@type\":\"ImageObject\",\"inLanguage\":\"en-US\",\"@id\":\"https:\/\/mrcvs.ca\/en\/un-bilan-positif-pour-les-premiers-mois-de-la-collecte-des-residus-alimentaires-dans-la-mrc-de-vaudreuil-soulanges\/#primaryimage\",\"url\":\"https:\/\/mrcvs.ca\/wp-content\/uploads\/2019\/03\/organique.jpg\",\"contentUrl\":\"https:\/\/mrcvs.ca\/wp-content\/uploads\/2019\/03\/organique.jpg\",\"width\":2494,\"height\":1660},{\"@type\":\"BreadcrumbList\",\"@id\":\"https:\/\/mrcvs.ca\/en\/un-bilan-positif-pour-les-premiers-mois-de-la-collecte-des-residus-alimentaires-dans-la-mrc-de-vaudreuil-soulanges\/#breadcrumb\",\"itemListElement\":[{\"@type\":\"ListItem\",\"position\":1,\"name\":\"Accueil\",\"item\":\"https:\/\/mrcvs.ca\/en\/\"},{\"@type\":\"ListItem\",\"position\":2,\"name\":\"Un bilan positif pour les premiers mois de la collecte des r\u00e9sidus alimentaires dans la MRC de Vaudreuil-Soulanges\"}]},{\"@type\":\"WebSite\",\"@id\":\"https:\/\/mrcvs.ca\/#website\",\"url\":\"https:\/\/mrcvs.ca\/\",\"name\":\"MRC de Vaudreuil-Soulanges\",\"description\":\"MRC of Vaudreuil-Soulanges \",\"publisher\":{\"@id\":\"https:\/\/mrcvs.ca\/#organization\"},\"potentialAction\":[{\"@type\":\"SearchAction\",\"target\":{\"@type\":\"EntryPoint\",\"urlTemplate\":\"https:\/\/mrcvs.ca\/?s={search_term_string}\"},\"query-input\":\"required name=search_term_string\"}],\"inLanguage\":\"en-US\"},{\"@type\":\"Organization\",\"@id\":\"https:\/\/mrcvs.ca\/#organization\",\"name\":\"MRC Vaudreuil-Soulanges\",\"url\":\"https:\/\/mrcvs.ca\/\",\"logo\":{\"@type\":\"ImageObject\",\"inLanguage\":\"en-US\",\"@id\":\"https:\/\/mrcvs.ca\/#\/schema\/logo\/image\/\",\"url\":\"https:\/\/mrcvs.ca\/wp-content\/uploads\/2018\/10\/MRC_VS_LOGO.png\",\"contentUrl\":\"https:\/\/mrcvs.ca\/wp-content\/uploads\/2018\/10\/MRC_VS_LOGO.png\",\"width\":1080,\"height\":460,\"caption\":\"MRC Vaudreuil-Soulanges\"},\"image\":{\"@id\":\"https:\/\/mrcvs.ca\/#\/schema\/logo\/image\/\"},\"sameAs\":[\"https:\/\/www.facebook.com\/mrcvaudreuilsoulanges\/\"]},{\"@type\":\"Person\",\"@id\":\"https:\/\/mrcvs.ca\/#\/schema\/person\/8fd29c6e3cd29daca3de077a77e5e3d6\",\"name\":\"Marie-Eve Gingras-Gosselin\",\"sameAs\":[\"https:\/\/mrcvs.ca\"]}]}<\/script>\n<!-- \/ Yoast SEO plugin. -->","yoast_head_json":{"title":"Un bilan positif pour les premiers mois de la collecte des r\u00e9sidus alimentaires dans la MRC de Vaudreuil-Soulanges - MRC of Vaudreuil-Soulanges","robots":{"index":"index","follow":"follow","max-snippet":"max-snippet:-1","max-image-preview":"max-image-preview:large","max-video-preview":"max-video-preview:-1"},"canonical":"https:\/\/mrcvs.ca\/en\/un-bilan-positif-pour-les-premiers-mois-de-la-collecte-des-residus-alimentaires-dans-la-mrc-de-vaudreuil-soulanges\/","og_locale":"en_US","og_type":"article","og_title":"Un bilan positif pour les premiers mois de la collecte des r\u00e9sidus alimentaires dans la MRC de Vaudreuil-Soulanges - MRC of Vaudreuil-Soulanges","og_description":"Les premiers mois de la collecte des r\u00e9sidus alimentaires auront permis de d\u00e9tourner 834 tonnes des sites d\u2019enfouissement. Le bilan est positif consid\u00e9rant que le projet a d\u00e9but\u00e9 par phasage au printemps\u00a02018. \u00ab\u00a0Le bilan pour l\u2019ann\u00e9e 2018 est tr\u00e8s bien et la participation est au rendez-vous. La valorisation des r\u00e9sidus alimentaires est un changement important [&hellip;]","og_url":"https:\/\/mrcvs.ca\/en\/un-bilan-positif-pour-les-premiers-mois-de-la-collecte-des-residus-alimentaires-dans-la-mrc-de-vaudreuil-soulanges\/","og_site_name":"MRC of Vaudreuil-Soulanges","article_publisher":"https:\/\/www.facebook.com\/mrcvaudreuilsoulanges\/","article_published_time":"2019-03-12T17:38:30+00:00","article_modified_time":"2019-03-12T17:38:33+00:00","og_image":[{"width":2494,"height":1660,"url":"https:\/\/mrcvs.ca\/wp-content\/uploads\/2019\/03\/organique.jpg","type":"image\/jpeg"}],"author":"Marie-Eve Gingras-Gosselin","twitter_card":"summary_large_image","twitter_misc":{"Written by":"Marie-Eve Gingras-Gosselin","Est. reading time":"1 minute"},"schema":{"@context":"https:\/\/schema.org","@graph":[{"@type":"Article","@id":"https:\/\/mrcvs.ca\/en\/un-bilan-positif-pour-les-premiers-mois-de-la-collecte-des-residus-alimentaires-dans-la-mrc-de-vaudreuil-soulanges\/#article","isPartOf":{"@id":"https:\/\/mrcvs.ca\/en\/un-bilan-positif-pour-les-premiers-mois-de-la-collecte-des-residus-alimentaires-dans-la-mrc-de-vaudreuil-soulanges\/"},"author":{"name":"Marie-Eve Gingras-Gosselin","@id":"https:\/\/mrcvs.ca\/#\/schema\/person\/8fd29c6e3cd29daca3de077a77e5e3d6"},"headline":"Un bilan positif pour les premiers mois de la collecte des r\u00e9sidus alimentaires dans la MRC de Vaudreuil-Soulanges","datePublished":"2019-03-12T17:38:30+00:00","dateModified":"2019-03-12T17:38:33+00:00","mainEntityOfPage":{"@id":"https:\/\/mrcvs.ca\/en\/un-bilan-positif-pour-les-premiers-mois-de-la-collecte-des-residus-alimentaires-dans-la-mrc-de-vaudreuil-soulanges\/"},"wordCount":237,"publisher":{"@id":"https:\/\/mrcvs.ca\/#organization"},"image":{"@id":"https:\/\/mrcvs.ca\/en\/un-bilan-positif-pour-les-premiers-mois-de-la-collecte-des-residus-alimentaires-dans-la-mrc-de-vaudreuil-soulanges\/#primaryimage"},"thumbnailUrl":"https:\/\/mrcvs.ca\/wp-content\/uploads\/2019\/03\/organique.jpg","inLanguage":"en-US"},{"@type":"WebPage","@id":"https:\/\/mrcvs.ca\/en\/un-bilan-positif-pour-les-premiers-mois-de-la-collecte-des-residus-alimentaires-dans-la-mrc-de-vaudreuil-soulanges\/","url":"https:\/\/mrcvs.ca\/en\/un-bilan-positif-pour-les-premiers-mois-de-la-collecte-des-residus-alimentaires-dans-la-mrc-de-vaudreuil-soulanges\/","name":"Un bilan positif pour les premiers mois de la collecte des r\u00e9sidus alimentaires dans la MRC de Vaudreuil-Soulanges - MRC of Vaudreuil-Soulanges","isPartOf":{"@id":"https:\/\/mrcvs.ca\/#website"},"primaryImageOfPage":{"@id":"https:\/\/mrcvs.ca\/en\/un-bilan-positif-pour-les-premiers-mois-de-la-collecte-des-residus-alimentaires-dans-la-mrc-de-vaudreuil-soulanges\/#primaryimage"},"image":{"@id":"https:\/\/mrcvs.ca\/en\/un-bilan-positif-pour-les-premiers-mois-de-la-collecte-des-residus-alimentaires-dans-la-mrc-de-vaudreuil-soulanges\/#primaryimage"},"thumbnailUrl":"https:\/\/mrcvs.ca\/wp-content\/uploads\/2019\/03\/organique.jpg","datePublished":"2019-03-12T17:38:30+00:00","dateModified":"2019-03-12T17:38:33+00:00","breadcrumb":{"@id":"https:\/\/mrcvs.ca\/en\/un-bilan-positif-pour-les-premiers-mois-de-la-collecte-des-residus-alimentaires-dans-la-mrc-de-vaudreuil-soulanges\/#breadcrumb"},"inLanguage":"en-US","potentialAction":[{"@type":"ReadAction","target":["https:\/\/mrcvs.ca\/en\/un-bilan-positif-pour-les-premiers-mois-de-la-collecte-des-residus-alimentaires-dans-la-mrc-de-vaudreuil-soulanges\/"]}]},{"@type":"ImageObject","inLanguage":"en-US","@id":"https:\/\/mrcvs.ca\/en\/un-bilan-positif-pour-les-premiers-mois-de-la-collecte-des-residus-alimentaires-dans-la-mrc-de-vaudreuil-soulanges\/#primaryimage","url":"https:\/\/mrcvs.ca\/wp-content\/uploads\/2019\/03\/organique.jpg","contentUrl":"https:\/\/mrcvs.ca\/wp-content\/uploads\/2019\/03\/organique.jpg","width":2494,"height":1660},{"@type":"BreadcrumbList","@id":"https:\/\/mrcvs.ca\/en\/un-bilan-positif-pour-les-premiers-mois-de-la-collecte-des-residus-alimentaires-dans-la-mrc-de-vaudreuil-soulanges\/#breadcrumb","itemListElement":[{"@type":"ListItem","position":1,"name":"Accueil","item":"https:\/\/mrcvs.ca\/en\/"},{"@type":"ListItem","position":2,"name":"Un bilan positif pour les premiers mois de la collecte des r\u00e9sidus alimentaires dans la MRC de Vaudreuil-Soulanges"}]},{"@type":"WebSite","@id":"https:\/\/mrcvs.ca\/#website","url":"https:\/\/mrcvs.ca\/","name":"MRC de Vaudreuil-Soulanges","description":"MRC of Vaudreuil-Soulanges ","publisher":{"@id":"https:\/\/mrcvs.ca\/#organization"},"potentialAction":[{"@type":"SearchAction","target":{"@type":"EntryPoint","urlTemplate":"https:\/\/mrcvs.ca\/?s={search_term_string}"},"query-input":"required name=search_term_string"}],"inLanguage":"en-US"},{"@type":"Organization","@id":"https:\/\/mrcvs.ca\/#organization","name":"MRC Vaudreuil-Soulanges","url":"https:\/\/mrcvs.ca\/","logo":{"@type":"ImageObject","inLanguage":"en-US","@id":"https:\/\/mrcvs.ca\/#\/schema\/logo\/image\/","url":"https:\/\/mrcvs.ca\/wp-content\/uploads\/2018\/10\/MRC_VS_LOGO.png","contentUrl":"https:\/\/mrcvs.ca\/wp-content\/uploads\/2018\/10\/MRC_VS_LOGO.png","width":1080,"height":460,"caption":"MRC Vaudreuil-Soulanges"},"image":{"@id":"https:\/\/mrcvs.ca\/#\/schema\/logo\/image\/"},"sameAs":["https:\/\/www.facebook.com\/mrcvaudreuilsoulanges\/"]},{"@type":"Person","@id":"https:\/\/mrcvs.ca\/#\/schema\/person\/8fd29c6e3cd29daca3de077a77e5e3d6","name":"Marie-Eve Gingras-Gosselin","sameAs":["https:\/\/mrcvs.ca"]}]}},"_links":{"self":[{"href":"https:\/\/mrcvs.ca\/en\/wp-json\/wp\/v2\/posts\/7291"}],"collection":[{"href":"https:\/\/mrcvs.ca\/en\/wp-json\/wp\/v2\/posts"}],"about":[{"href":"https:\/\/mrcvs.ca\/en\/wp-json\/wp\/v2\/types\/post"}],"author":[{"embeddable":true,"href":"https:\/\/mrcvs.ca\/en\/wp-json\/wp\/v2\/users\/5"}],"replies":[{"embeddable":true,"href":"https:\/\/mrcvs.ca\/en\/wp-json\/wp\/v2\/comments?post=7291"}],"version-history":[{"count":0,"href":"https:\/\/mrcvs.ca\/en\/wp-json\/wp\/v2\/posts\/7291\/revisions"}],"wp:featuredmedia":[{"embeddable":true,"href":"https:\/\/mrcvs.ca\/en\/wp-json\/wp\/v2\/media\/7289"}],"wp:attachment":[{"href":"https:\/\/mrcvs.ca\/en\/wp-json\/wp\/v2\/media?parent=7291"}],"wp:term":[{"taxonomy":"category","embeddable":true,"href":"https:\/\/mrcvs.ca\/en\/wp-json\/wp\/v2\/categories?post=7291"},{"taxonomy":"post_tag","embeddable":true,"href":"https:\/\/mrcvs.ca\/en\/wp-json\/wp\/v2\/tags?post=7291"}],"curies":[{"name":"wp","href":"https:\/\/api.w.org\/{rel}","templated":true}]}}