{"id":5409,"date":"2018-12-01T00:08:04","date_gmt":"2018-12-01T00:08:04","guid":{"rendered":"http:\/\/mrcvs.tofudev.com\/bureau-temporaire-du-ministere-de-la-securite-publique-a-la-mrc-de-vaudreuil-soulanges-le-jeudi-1er-fevrier-et-le-vendredi-2-fevrier\/"},"modified":"2018-12-01T00:08:04","modified_gmt":"2018-12-01T00:08:04","slug":"bureau-temporaire-du-ministere-de-la-securite-publique-a-la-mrc-de-vaudreuil-soulanges-le-jeudi-1er-fevrier-et-le-vendredi-2-fevrier","status":"publish","type":"post","link":"https:\/\/mrcvs.ca\/en\/bureau-temporaire-du-ministere-de-la-securite-publique-a-la-mrc-de-vaudreuil-soulanges-le-jeudi-1er-fevrier-et-le-vendredi-2-fevrier\/","title":{"rendered":"Bureau temporaire du minist\u00e8re de la S\u00e9curit\u00e9 publique \u00e0 la MRC de Vaudreuil-Soulanges le jeudi 1er f\u00e9vrier et le vendredi 2 f\u00e9vrier"},"content":{"rendered":"<p>Le minist\u00e8re de la S\u00e9curit\u00e9 publique offre un bureau temporaire d\u2019aide aux sinistr\u00e9s au P\u00f4le civique de la MRC de Vaudreuil-Soulanges afin de r\u00e9pondre aux questions des sinistr\u00e9s, leur assurer des services, les r\u00e9f\u00e9rer aux ressources appropri\u00e9es et leur offrir tout le soutien requis. Les sinistr\u00e9s d\u00e9sirant une rencontre peuvent prendre rendez-vous en contactant la r\u00e9ception du minist\u00e8re de la S\u00e9curit\u00e9 publique au 1 888 643-2433.<\/p>\n<p>Les sinistr\u00e9s pourront y rencontrer un analyste qui fera le tour de leur dossier. Il\u00a0 leur sera alors possible de poser toutes les questions ainsi que de remettre des documents \u00e0 d\u00e9poser \u00e0 leur dossier. L&#8217;analyste de son c\u00f4t\u00e9 pourra donner de l\u2019information sur l\u2019avancement du dossier du sinistr\u00e9.<\/p>\n<p>Les heures d&#8217;ouverture du bureau temporaire \u00e0 la MRC Vaudreuil-Soulanges :<\/p>\n<p><strong>Le jeudi 1er f\u00e9vrier de 13 h \u00e0 16 h 30 et le vendredi 2 f\u00e9vrier de 8 h 30 \u00e0 12 h.<\/strong><\/p>\n<p>L\u2019adresse du P\u00f4le civique de la MRC de Vaudreuil-Soulanges:<br \/>\n<strong>280, boulevard Harwood,<br \/>\nVaudreuil-Dorion (Qc)<br \/>\nJ7V 1Y5<\/strong><\/p>\n<p><strong>\u00c0 propos de la MRC de Vaudreuil-Soulanges<\/strong><br \/>\nLa MRC de Vaudreuil-Soulanges regroupe les 23 municipalit\u00e9s de son territoire de 855 km\u00b2, qui s\u2019\u00e9tend de L&#8217;\u00cele-Perrot jusqu\u2019\u00e0 la fronti\u00e8re ontarienne. Dirig\u00e9e par son pr\u00e9fet,<br \/>\nmonsieur Patrick Bousez, la mission de la MRC vise la concertation, la planification ainsi que la gestion de l\u2019am\u00e9nagement et du d\u00e9veloppement de son territoire selon les principes de d\u00e9veloppement durable. Son r\u00f4le de chef de file et de rassembleur aupr\u00e8s des principaux intervenants du territoire facilite la coordination d\u2019actions r\u00e9gionales selon quatre sph\u00e8res : la planification, le d\u00e9veloppement, les services aux municipalit\u00e9s et les services aux citoyens. Les ma\u00eetres-mots de la MRC sont planifier, concerter et agir. Pour plus d\u2019informations, visitez le\u00a0<a href=\"https:\/\/www.mrcvs.ca.%20\/\">www.mrcvs.ca.\u00a0<\/a><\/p>\n","protected":false},"excerpt":{"rendered":"<p>Le minist\u00e8re de la S\u00e9curit\u00e9 publique offre un bureau temporaire d\u2019aide aux sinistr\u00e9s au P\u00f4le civique de la MRC de Vaudreuil-Soulanges afin de r\u00e9pondre aux questions des sinistr\u00e9s, leur assurer des services, les r\u00e9f\u00e9rer aux ressources appropri\u00e9es et leur offrir tout le soutien requis. Les sinistr\u00e9s d\u00e9sirant une rencontre peuvent prendre rendez-vous en contactant la [&hellip;]<\/p>\n","protected":false},"author":5,"featured_media":5378,"comment_status":"closed","ping_status":"closed","sticky":false,"template":"","format":"standard","meta":{"_et_pb_use_builder":"","_et_pb_old_content":"","_et_gb_content_width":"","footnotes":""},"categories":[],"tags":[],"yoast_head":"<!-- This site is optimized with the Yoast SEO plugin v23.0 - https:\/\/yoast.com\/wordpress\/plugins\/seo\/ -->\n<title>Bureau temporaire du minist\u00e8re de la S\u00e9curit\u00e9 publique \u00e0 la MRC de Vaudreuil-Soulanges le jeudi 1er f\u00e9vrier et le vendredi 2 f\u00e9vrier - MRC of Vaudreuil-Soulanges<\/title>\n<meta name=\"robots\" content=\"index, follow, max-snippet:-1, max-image-preview:large, max-video-preview:-1\" \/>\n<link rel=\"canonical\" href=\"https:\/\/mrcvs.ca\/en\/bureau-temporaire-du-ministere-de-la-securite-publique-a-la-mrc-de-vaudreuil-soulanges-le-jeudi-1er-fevrier-et-le-vendredi-2-fevrier\/\" \/>\n<meta property=\"og:locale\" content=\"en_US\" \/>\n<meta property=\"og:type\" content=\"article\" \/>\n<meta property=\"og:title\" content=\"Bureau temporaire du minist\u00e8re de la S\u00e9curit\u00e9 publique \u00e0 la MRC de Vaudreuil-Soulanges le jeudi 1er f\u00e9vrier et le vendredi 2 f\u00e9vrier - MRC of Vaudreuil-Soulanges\" \/>\n<meta property=\"og:description\" content=\"Le minist\u00e8re de la S\u00e9curit\u00e9 publique offre un bureau temporaire d\u2019aide aux sinistr\u00e9s au P\u00f4le civique de la MRC de Vaudreuil-Soulanges afin de r\u00e9pondre aux questions des sinistr\u00e9s, leur assurer des services, les r\u00e9f\u00e9rer aux ressources appropri\u00e9es et leur offrir tout le soutien requis. Les sinistr\u00e9s d\u00e9sirant une rencontre peuvent prendre rendez-vous en contactant la [&hellip;]\" \/>\n<meta property=\"og:url\" content=\"https:\/\/mrcvs.ca\/en\/bureau-temporaire-du-ministere-de-la-securite-publique-a-la-mrc-de-vaudreuil-soulanges-le-jeudi-1er-fevrier-et-le-vendredi-2-fevrier\/\" \/>\n<meta property=\"og:site_name\" content=\"MRC of Vaudreuil-Soulanges\" \/>\n<meta property=\"article:publisher\" content=\"https:\/\/www.facebook.com\/mrcvaudreuilsoulanges\/\" \/>\n<meta property=\"article:published_time\" content=\"2018-12-01T00:08:04+00:00\" \/>\n<meta property=\"og:image\" content=\"https:\/\/mrcvs.ca\/wp-content\/uploads\/2018\/08\/MRCVS-Placeholder-3.png\" \/>\n\t<meta property=\"og:image:width\" content=\"600\" \/>\n\t<meta property=\"og:image:height\" content=\"398\" \/>\n\t<meta property=\"og:image:type\" content=\"image\/png\" \/>\n<meta name=\"author\" content=\"Marie-Eve Gingras-Gosselin\" \/>\n<meta name=\"twitter:card\" content=\"summary_large_image\" \/>\n<meta name=\"twitter:label1\" content=\"Written by\" \/>\n\t<meta name=\"twitter:data1\" content=\"Marie-Eve Gingras-Gosselin\" \/>\n\t<meta name=\"twitter:label2\" content=\"Est. reading time\" \/>\n\t<meta name=\"twitter:data2\" content=\"2 minutes\" \/>\n<script type=\"application\/ld+json\" class=\"yoast-schema-graph\">{\"@context\":\"https:\/\/schema.org\",\"@graph\":[{\"@type\":\"Article\",\"@id\":\"https:\/\/mrcvs.ca\/en\/bureau-temporaire-du-ministere-de-la-securite-publique-a-la-mrc-de-vaudreuil-soulanges-le-jeudi-1er-fevrier-et-le-vendredi-2-fevrier\/#article\",\"isPartOf\":{\"@id\":\"https:\/\/mrcvs.ca\/en\/bureau-temporaire-du-ministere-de-la-securite-publique-a-la-mrc-de-vaudreuil-soulanges-le-jeudi-1er-fevrier-et-le-vendredi-2-fevrier\/\"},\"author\":{\"name\":\"Marie-Eve Gingras-Gosselin\",\"@id\":\"https:\/\/mrcvs.ca\/#\/schema\/person\/8fd29c6e3cd29daca3de077a77e5e3d6\"},\"headline\":\"Bureau temporaire du minist\u00e8re de la S\u00e9curit\u00e9 publique \u00e0 la MRC de Vaudreuil-Soulanges le jeudi 1er f\u00e9vrier et le vendredi 2 f\u00e9vrier\",\"datePublished\":\"2018-12-01T00:08:04+00:00\",\"dateModified\":\"2018-12-01T00:08:04+00:00\",\"mainEntityOfPage\":{\"@id\":\"https:\/\/mrcvs.ca\/en\/bureau-temporaire-du-ministere-de-la-securite-publique-a-la-mrc-de-vaudreuil-soulanges-le-jeudi-1er-fevrier-et-le-vendredi-2-fevrier\/\"},\"wordCount\":334,\"publisher\":{\"@id\":\"https:\/\/mrcvs.ca\/#organization\"},\"image\":{\"@id\":\"https:\/\/mrcvs.ca\/en\/bureau-temporaire-du-ministere-de-la-securite-publique-a-la-mrc-de-vaudreuil-soulanges-le-jeudi-1er-fevrier-et-le-vendredi-2-fevrier\/#primaryimage\"},\"thumbnailUrl\":\"https:\/\/mrcvs.ca\/wp-content\/uploads\/2018\/08\/MRCVS-Placeholder-3.png\",\"inLanguage\":\"en-US\"},{\"@type\":\"WebPage\",\"@id\":\"https:\/\/mrcvs.ca\/en\/bureau-temporaire-du-ministere-de-la-securite-publique-a-la-mrc-de-vaudreuil-soulanges-le-jeudi-1er-fevrier-et-le-vendredi-2-fevrier\/\",\"url\":\"https:\/\/mrcvs.ca\/en\/bureau-temporaire-du-ministere-de-la-securite-publique-a-la-mrc-de-vaudreuil-soulanges-le-jeudi-1er-fevrier-et-le-vendredi-2-fevrier\/\",\"name\":\"Bureau temporaire du minist\u00e8re de la S\u00e9curit\u00e9 publique \u00e0 la MRC de Vaudreuil-Soulanges le jeudi 1er f\u00e9vrier et le vendredi 2 f\u00e9vrier - MRC of Vaudreuil-Soulanges\",\"isPartOf\":{\"@id\":\"https:\/\/mrcvs.ca\/#website\"},\"primaryImageOfPage\":{\"@id\":\"https:\/\/mrcvs.ca\/en\/bureau-temporaire-du-ministere-de-la-securite-publique-a-la-mrc-de-vaudreuil-soulanges-le-jeudi-1er-fevrier-et-le-vendredi-2-fevrier\/#primaryimage\"},\"image\":{\"@id\":\"https:\/\/mrcvs.ca\/en\/bureau-temporaire-du-ministere-de-la-securite-publique-a-la-mrc-de-vaudreuil-soulanges-le-jeudi-1er-fevrier-et-le-vendredi-2-fevrier\/#primaryimage\"},\"thumbnailUrl\":\"https:\/\/mrcvs.ca\/wp-content\/uploads\/2018\/08\/MRCVS-Placeholder-3.png\",\"datePublished\":\"2018-12-01T00:08:04+00:00\",\"dateModified\":\"2018-12-01T00:08:04+00:00\",\"breadcrumb\":{\"@id\":\"https:\/\/mrcvs.ca\/en\/bureau-temporaire-du-ministere-de-la-securite-publique-a-la-mrc-de-vaudreuil-soulanges-le-jeudi-1er-fevrier-et-le-vendredi-2-fevrier\/#breadcrumb\"},\"inLanguage\":\"en-US\",\"potentialAction\":[{\"@type\":\"ReadAction\",\"target\":[\"https:\/\/mrcvs.ca\/en\/bureau-temporaire-du-ministere-de-la-securite-publique-a-la-mrc-de-vaudreuil-soulanges-le-jeudi-1er-fevrier-et-le-vendredi-2-fevrier\/\"]}]},{\"@type\":\"ImageObject\",\"inLanguage\":\"en-US\",\"@id\":\"https:\/\/mrcvs.ca\/en\/bureau-temporaire-du-ministere-de-la-securite-publique-a-la-mrc-de-vaudreuil-soulanges-le-jeudi-1er-fevrier-et-le-vendredi-2-fevrier\/#primaryimage\",\"url\":\"https:\/\/mrcvs.ca\/wp-content\/uploads\/2018\/08\/MRCVS-Placeholder-3.png\",\"contentUrl\":\"https:\/\/mrcvs.ca\/wp-content\/uploads\/2018\/08\/MRCVS-Placeholder-3.png\",\"width\":600,\"height\":398},{\"@type\":\"BreadcrumbList\",\"@id\":\"https:\/\/mrcvs.ca\/en\/bureau-temporaire-du-ministere-de-la-securite-publique-a-la-mrc-de-vaudreuil-soulanges-le-jeudi-1er-fevrier-et-le-vendredi-2-fevrier\/#breadcrumb\",\"itemListElement\":[{\"@type\":\"ListItem\",\"position\":1,\"name\":\"Accueil\",\"item\":\"https:\/\/mrcvs.ca\/en\/\"},{\"@type\":\"ListItem\",\"position\":2,\"name\":\"Bureau temporaire du minist\u00e8re de la S\u00e9curit\u00e9 publique \u00e0 la MRC de Vaudreuil-Soulanges le jeudi 1er f\u00e9vrier et le vendredi 2 f\u00e9vrier\"}]},{\"@type\":\"WebSite\",\"@id\":\"https:\/\/mrcvs.ca\/#website\",\"url\":\"https:\/\/mrcvs.ca\/\",\"name\":\"MRC de Vaudreuil-Soulanges\",\"description\":\"MRC of Vaudreuil-Soulanges \",\"publisher\":{\"@id\":\"https:\/\/mrcvs.ca\/#organization\"},\"potentialAction\":[{\"@type\":\"SearchAction\",\"target\":{\"@type\":\"EntryPoint\",\"urlTemplate\":\"https:\/\/mrcvs.ca\/?s={search_term_string}\"},\"query-input\":\"required name=search_term_string\"}],\"inLanguage\":\"en-US\"},{\"@type\":\"Organization\",\"@id\":\"https:\/\/mrcvs.ca\/#organization\",\"name\":\"MRC Vaudreuil-Soulanges\",\"url\":\"https:\/\/mrcvs.ca\/\",\"logo\":{\"@type\":\"ImageObject\",\"inLanguage\":\"en-US\",\"@id\":\"https:\/\/mrcvs.ca\/#\/schema\/logo\/image\/\",\"url\":\"https:\/\/mrcvs.ca\/wp-content\/uploads\/2018\/10\/MRC_VS_LOGO.png\",\"contentUrl\":\"https:\/\/mrcvs.ca\/wp-content\/uploads\/2018\/10\/MRC_VS_LOGO.png\",\"width\":1080,\"height\":460,\"caption\":\"MRC Vaudreuil-Soulanges\"},\"image\":{\"@id\":\"https:\/\/mrcvs.ca\/#\/schema\/logo\/image\/\"},\"sameAs\":[\"https:\/\/www.facebook.com\/mrcvaudreuilsoulanges\/\"]},{\"@type\":\"Person\",\"@id\":\"https:\/\/mrcvs.ca\/#\/schema\/person\/8fd29c6e3cd29daca3de077a77e5e3d6\",\"name\":\"Marie-Eve Gingras-Gosselin\",\"sameAs\":[\"https:\/\/mrcvs.ca\"]}]}<\/script>\n<!-- \/ Yoast SEO plugin. -->","yoast_head_json":{"title":"Bureau temporaire du minist\u00e8re de la S\u00e9curit\u00e9 publique \u00e0 la MRC de Vaudreuil-Soulanges le jeudi 1er f\u00e9vrier et le vendredi 2 f\u00e9vrier - MRC of Vaudreuil-Soulanges","robots":{"index":"index","follow":"follow","max-snippet":"max-snippet:-1","max-image-preview":"max-image-preview:large","max-video-preview":"max-video-preview:-1"},"canonical":"https:\/\/mrcvs.ca\/en\/bureau-temporaire-du-ministere-de-la-securite-publique-a-la-mrc-de-vaudreuil-soulanges-le-jeudi-1er-fevrier-et-le-vendredi-2-fevrier\/","og_locale":"en_US","og_type":"article","og_title":"Bureau temporaire du minist\u00e8re de la S\u00e9curit\u00e9 publique \u00e0 la MRC de Vaudreuil-Soulanges le jeudi 1er f\u00e9vrier et le vendredi 2 f\u00e9vrier - MRC of Vaudreuil-Soulanges","og_description":"Le minist\u00e8re de la S\u00e9curit\u00e9 publique offre un bureau temporaire d\u2019aide aux sinistr\u00e9s au P\u00f4le civique de la MRC de Vaudreuil-Soulanges afin de r\u00e9pondre aux questions des sinistr\u00e9s, leur assurer des services, les r\u00e9f\u00e9rer aux ressources appropri\u00e9es et leur offrir tout le soutien requis. Les sinistr\u00e9s d\u00e9sirant une rencontre peuvent prendre rendez-vous en contactant la [&hellip;]","og_url":"https:\/\/mrcvs.ca\/en\/bureau-temporaire-du-ministere-de-la-securite-publique-a-la-mrc-de-vaudreuil-soulanges-le-jeudi-1er-fevrier-et-le-vendredi-2-fevrier\/","og_site_name":"MRC of Vaudreuil-Soulanges","article_publisher":"https:\/\/www.facebook.com\/mrcvaudreuilsoulanges\/","article_published_time":"2018-12-01T00:08:04+00:00","og_image":[{"width":600,"height":398,"url":"https:\/\/mrcvs.ca\/wp-content\/uploads\/2018\/08\/MRCVS-Placeholder-3.png","type":"image\/png"}],"author":"Marie-Eve Gingras-Gosselin","twitter_card":"summary_large_image","twitter_misc":{"Written by":"Marie-Eve Gingras-Gosselin","Est. reading time":"2 minutes"},"schema":{"@context":"https:\/\/schema.org","@graph":[{"@type":"Article","@id":"https:\/\/mrcvs.ca\/en\/bureau-temporaire-du-ministere-de-la-securite-publique-a-la-mrc-de-vaudreuil-soulanges-le-jeudi-1er-fevrier-et-le-vendredi-2-fevrier\/#article","isPartOf":{"@id":"https:\/\/mrcvs.ca\/en\/bureau-temporaire-du-ministere-de-la-securite-publique-a-la-mrc-de-vaudreuil-soulanges-le-jeudi-1er-fevrier-et-le-vendredi-2-fevrier\/"},"author":{"name":"Marie-Eve Gingras-Gosselin","@id":"https:\/\/mrcvs.ca\/#\/schema\/person\/8fd29c6e3cd29daca3de077a77e5e3d6"},"headline":"Bureau temporaire du minist\u00e8re de la S\u00e9curit\u00e9 publique \u00e0 la MRC de Vaudreuil-Soulanges le jeudi 1er f\u00e9vrier et le vendredi 2 f\u00e9vrier","datePublished":"2018-12-01T00:08:04+00:00","dateModified":"2018-12-01T00:08:04+00:00","mainEntityOfPage":{"@id":"https:\/\/mrcvs.ca\/en\/bureau-temporaire-du-ministere-de-la-securite-publique-a-la-mrc-de-vaudreuil-soulanges-le-jeudi-1er-fevrier-et-le-vendredi-2-fevrier\/"},"wordCount":334,"publisher":{"@id":"https:\/\/mrcvs.ca\/#organization"},"image":{"@id":"https:\/\/mrcvs.ca\/en\/bureau-temporaire-du-ministere-de-la-securite-publique-a-la-mrc-de-vaudreuil-soulanges-le-jeudi-1er-fevrier-et-le-vendredi-2-fevrier\/#primaryimage"},"thumbnailUrl":"https:\/\/mrcvs.ca\/wp-content\/uploads\/2018\/08\/MRCVS-Placeholder-3.png","inLanguage":"en-US"},{"@type":"WebPage","@id":"https:\/\/mrcvs.ca\/en\/bureau-temporaire-du-ministere-de-la-securite-publique-a-la-mrc-de-vaudreuil-soulanges-le-jeudi-1er-fevrier-et-le-vendredi-2-fevrier\/","url":"https:\/\/mrcvs.ca\/en\/bureau-temporaire-du-ministere-de-la-securite-publique-a-la-mrc-de-vaudreuil-soulanges-le-jeudi-1er-fevrier-et-le-vendredi-2-fevrier\/","name":"Bureau temporaire du minist\u00e8re de la S\u00e9curit\u00e9 publique \u00e0 la MRC de Vaudreuil-Soulanges le jeudi 1er f\u00e9vrier et le vendredi 2 f\u00e9vrier - MRC of Vaudreuil-Soulanges","isPartOf":{"@id":"https:\/\/mrcvs.ca\/#website"},"primaryImageOfPage":{"@id":"https:\/\/mrcvs.ca\/en\/bureau-temporaire-du-ministere-de-la-securite-publique-a-la-mrc-de-vaudreuil-soulanges-le-jeudi-1er-fevrier-et-le-vendredi-2-fevrier\/#primaryimage"},"image":{"@id":"https:\/\/mrcvs.ca\/en\/bureau-temporaire-du-ministere-de-la-securite-publique-a-la-mrc-de-vaudreuil-soulanges-le-jeudi-1er-fevrier-et-le-vendredi-2-fevrier\/#primaryimage"},"thumbnailUrl":"https:\/\/mrcvs.ca\/wp-content\/uploads\/2018\/08\/MRCVS-Placeholder-3.png","datePublished":"2018-12-01T00:08:04+00:00","dateModified":"2018-12-01T00:08:04+00:00","breadcrumb":{"@id":"https:\/\/mrcvs.ca\/en\/bureau-temporaire-du-ministere-de-la-securite-publique-a-la-mrc-de-vaudreuil-soulanges-le-jeudi-1er-fevrier-et-le-vendredi-2-fevrier\/#breadcrumb"},"inLanguage":"en-US","potentialAction":[{"@type":"ReadAction","target":["https:\/\/mrcvs.ca\/en\/bureau-temporaire-du-ministere-de-la-securite-publique-a-la-mrc-de-vaudreuil-soulanges-le-jeudi-1er-fevrier-et-le-vendredi-2-fevrier\/"]}]},{"@type":"ImageObject","inLanguage":"en-US","@id":"https:\/\/mrcvs.ca\/en\/bureau-temporaire-du-ministere-de-la-securite-publique-a-la-mrc-de-vaudreuil-soulanges-le-jeudi-1er-fevrier-et-le-vendredi-2-fevrier\/#primaryimage","url":"https:\/\/mrcvs.ca\/wp-content\/uploads\/2018\/08\/MRCVS-Placeholder-3.png","contentUrl":"https:\/\/mrcvs.ca\/wp-content\/uploads\/2018\/08\/MRCVS-Placeholder-3.png","width":600,"height":398},{"@type":"BreadcrumbList","@id":"https:\/\/mrcvs.ca\/en\/bureau-temporaire-du-ministere-de-la-securite-publique-a-la-mrc-de-vaudreuil-soulanges-le-jeudi-1er-fevrier-et-le-vendredi-2-fevrier\/#breadcrumb","itemListElement":[{"@type":"ListItem","position":1,"name":"Accueil","item":"https:\/\/mrcvs.ca\/en\/"},{"@type":"ListItem","position":2,"name":"Bureau temporaire du minist\u00e8re de la S\u00e9curit\u00e9 publique \u00e0 la MRC de Vaudreuil-Soulanges le jeudi 1er f\u00e9vrier et le vendredi 2 f\u00e9vrier"}]},{"@type":"WebSite","@id":"https:\/\/mrcvs.ca\/#website","url":"https:\/\/mrcvs.ca\/","name":"MRC de Vaudreuil-Soulanges","description":"MRC of Vaudreuil-Soulanges ","publisher":{"@id":"https:\/\/mrcvs.ca\/#organization"},"potentialAction":[{"@type":"SearchAction","target":{"@type":"EntryPoint","urlTemplate":"https:\/\/mrcvs.ca\/?s={search_term_string}"},"query-input":"required name=search_term_string"}],"inLanguage":"en-US"},{"@type":"Organization","@id":"https:\/\/mrcvs.ca\/#organization","name":"MRC Vaudreuil-Soulanges","url":"https:\/\/mrcvs.ca\/","logo":{"@type":"ImageObject","inLanguage":"en-US","@id":"https:\/\/mrcvs.ca\/#\/schema\/logo\/image\/","url":"https:\/\/mrcvs.ca\/wp-content\/uploads\/2018\/10\/MRC_VS_LOGO.png","contentUrl":"https:\/\/mrcvs.ca\/wp-content\/uploads\/2018\/10\/MRC_VS_LOGO.png","width":1080,"height":460,"caption":"MRC Vaudreuil-Soulanges"},"image":{"@id":"https:\/\/mrcvs.ca\/#\/schema\/logo\/image\/"},"sameAs":["https:\/\/www.facebook.com\/mrcvaudreuilsoulanges\/"]},{"@type":"Person","@id":"https:\/\/mrcvs.ca\/#\/schema\/person\/8fd29c6e3cd29daca3de077a77e5e3d6","name":"Marie-Eve Gingras-Gosselin","sameAs":["https:\/\/mrcvs.ca"]}]}},"_links":{"self":[{"href":"https:\/\/mrcvs.ca\/en\/wp-json\/wp\/v2\/posts\/5409"}],"collection":[{"href":"https:\/\/mrcvs.ca\/en\/wp-json\/wp\/v2\/posts"}],"about":[{"href":"https:\/\/mrcvs.ca\/en\/wp-json\/wp\/v2\/types\/post"}],"author":[{"embeddable":true,"href":"https:\/\/mrcvs.ca\/en\/wp-json\/wp\/v2\/users\/5"}],"replies":[{"embeddable":true,"href":"https:\/\/mrcvs.ca\/en\/wp-json\/wp\/v2\/comments?post=5409"}],"version-history":[{"count":0,"href":"https:\/\/mrcvs.ca\/en\/wp-json\/wp\/v2\/posts\/5409\/revisions"}],"wp:featuredmedia":[{"embeddable":true,"href":"https:\/\/mrcvs.ca\/en\/wp-json\/wp\/v2\/media\/5378"}],"wp:attachment":[{"href":"https:\/\/mrcvs.ca\/en\/wp-json\/wp\/v2\/media?parent=5409"}],"wp:term":[{"taxonomy":"category","embeddable":true,"href":"https:\/\/mrcvs.ca\/en\/wp-json\/wp\/v2\/categories?post=5409"},{"taxonomy":"post_tag","embeddable":true,"href":"https:\/\/mrcvs.ca\/en\/wp-json\/wp\/v2\/tags?post=5409"}],"curies":[{"name":"wp","href":"https:\/\/api.w.org\/{rel}","templated":true}]}}