{"id":5398,"date":"2018-12-01T00:05:28","date_gmt":"2018-12-01T00:05:28","guid":{"rendered":"http:\/\/mrcvs.tofudev.com\/les-agriculteurs-de-vaudreuil-soulanges-misent-sur-le-developpement-durable\/"},"modified":"2018-12-01T00:05:28","modified_gmt":"2018-12-01T00:05:28","slug":"les-agriculteurs-de-vaudreuil-soulanges-misent-sur-le-developpement-durable","status":"publish","type":"post","link":"https:\/\/mrcvs.ca\/en\/les-agriculteurs-de-vaudreuil-soulanges-misent-sur-le-developpement-durable\/","title":{"rendered":"Les agriculteurs de Vaudreuil-Soulanges misent sur le d\u00e9veloppement durable"},"content":{"rendered":"<p>Le 26 mars 2018, la MRC de Vaudreuil-Soulanges a soulign\u00e9 l\u2019engagement de plusieurs agriculteurs de la r\u00e9gion, qui, par leur participation aux projets de r\u00e9tention des sols agricoles et d\u2019am\u00e9lioration de la biodiversit\u00e9 de la rivi\u00e8re Delisle, r\u00e9alis\u00e9s en collaboration avec Nature Action Qu\u00e9bec, favorisent le d\u00e9veloppement durable de la r\u00e9gion.<\/p>\n<p>\u00ab La MRC de Vaudreuil-Soulanges est fi\u00e8re de la r\u00e9alisation de ces projets, qui sont compl\u00e9mentaires et s\u2019inscrivent dans le cadre du Plan de d\u00e9veloppement de la zone agricole, de la Politique de l\u2019arbre et des bois\u00e9s et de la Politique de gestion des cours d\u2019eau, mais surtout, qui favorisent le d\u00e9veloppement durable de la r\u00e9gion \u00bb de dire M. Patrick Bousez, pr\u00e9fet.<\/p>\n<p>Le secteur vis\u00e9 par la MRC dans le cadre de ces projets, soit celui du bassin versant de la rivi\u00e8re Delisle, et plus particuli\u00e8rement le sous-bassin de la rivi\u00e8re Noire (Saint-Polycarpe et Sainte-Justine-de-Newton), est strat\u00e9gique puisqu\u2019il fait face \u00e0 plusieurs grandes probl\u00e9matiques, dont l\u2019\u00e9rosion des berges, la perte des sols agricoles, et qu\u2019il permet la connectivit\u00e9 \u00e0 l\u2019int\u00e9rieur du corridor vert de Vaudreuil-Soulanges.<\/p>\n<p>\u00ab La MRC de Vaudreuil-Soulanges est heureuse de pouvoir compter sur la collaboration de Nature Action Qu\u00e9bec, mais surtout sur l\u2019implication et l\u2019enthousiasme des agriculteurs, qui comprennent les enjeux et contribuent au d\u00e9veloppement durable de la r\u00e9gion \u00bb de dire Monsieur Yvon B\u00e9riault, pr\u00e9sident de la Table de l\u2019eau et du Comit\u00e9 consultatif agricole de la MRC et maire de Saint-T\u00e9lesphore.<\/p>\n<p>R\u00e9tention des sols agricoles<br \/>\nEn 2016, la MRC de Vaudreuil-Soulanges s\u2019est lanc\u00e9e dans un programme afin de favoriser la r\u00e9tention des sols agricoles. \u00c0 partir d\u2019une enveloppe financi\u00e8re provenant du programme Prime-Vert du minist\u00e8re de l&#8217;Agriculture, des P\u00eacheries et de l&#8217;Alimentation du Qu\u00e9bec, la MRC a mobilis\u00e9 les agriculteurs et a facilit\u00e9 les d\u00e9marches administratives afin que Vaudreuil-Soulanges profite au maximum de ce fonds.<\/p>\n<p>Ce projet a pour objectifs d\u2019am\u00e9liorer la qualit\u00e9 des cours d\u2019eau en diminuant la quantit\u00e9 de s\u00e9diments dus \u00e0 l\u2019\u00e9rosion des berges, de diminuer les travaux d\u2019entretien n\u00e9cessaire dans les cours d\u2019eau et d\u2019am\u00e9liorer les conditions de culture sur de nombreuses terres agricoles. Il est rendu possible gr\u00e2ce \u00e0 la collaboration des clubs-conseils en agroenvironnement, \u00e0 l\u2019Union des producteurs agricoles et au Conseil du bassin versant de la r\u00e9gion de Vaudreuil-Soulanges.<\/p>\n<p>Au total, ce sont 20 entreprises agricoles qui se sont engag\u00e9es \u00e0 am\u00e9liorer leurs pratiques agricoles, \u00e0 am\u00e9liorer le rendement de leur terre en plus de favoriser le d\u00e9veloppement durable. Comme le financement disponible pour le projet est proportionnel \u00e0 la participation, les agriculteurs de la MRC de Vaudreuil-Soulanges pourraient toucher une enveloppe allant jusqu\u2019\u00e0 900 000 $ si 20 autres entreprises agricoles se joignaient au projet collectif.<\/p>\n<p>Am\u00e9lioration de la biodiversit\u00e9 de la rivi\u00e8re Delisle<br \/>\nDepuis 2016, ce sont 10 entreprises agricoles qui ont particip\u00e9 au projet, qui a pour objectifs de favoriser la biodiversit\u00e9 en milieu agricole, d\u2019am\u00e9liorer la qualit\u00e9 de l\u2019eau et de limiter l\u2019\u00e9rosion des sols du bassin versant de la rivi\u00e8re Delisle.<\/p>\n<p>Ce projet repr\u00e9sente des investissements de plus de 138 000 $ sur deux ans, dont 50 000 $ de la MRC Vaudreuil-Soulanges. Les autres partenaires financiers sont la Fondation de la Faune du Qu\u00e9bec (FFQ), le gouvernement du Qu\u00e9bec et le gouvernement du Canada.<\/p>\n<p>L\u2019enthousiasme des producteurs agricoles \u00e0 participer au projet a permis la plantation de 2,5 kilom\u00e8tres de v\u00e9g\u00e9taux en bande riveraine \u00e0 double rang\u00e9e et 1 km en haie brise-vent, pour un total de 6 km de plantations lin\u00e9aires, comprenant plus de 500 arbres et 6 000 arbustes. Il a aussi permis l\u2019installation de 11 nichoirs et 9 perchoirs pour les oiseaux champ\u00eatres et des abris \u00e0 abeilles indig\u00e8nes en bordure de champs ou dans des friches.<\/p>\n<p><img decoding=\"async\" src=\"https:\/\/www.mrcvs.ca\/sites\/default\/files\/photo_officielle_2.jpg\" alt=\"\" \/><\/p>\n<p>Photo de groupe prise dans le cadre de l\u2019\u00e9v\u00e9nement de reconnaissance des agriculteurs ayant particip\u00e9 aux projets de r\u00e9tention des sols agricoles et d\u2019am\u00e9lioration de la biodiversit\u00e9 de la rivi\u00e8re Delisle. M. Patrick Bousez, pr\u00e9fet de la MRC de Vaudreuil-Soulanges et maire de Rivi\u00e8re Beaudette, M. Robert Sauv\u00e9, vice-pr\u00e9sident de l\u2019UPA Vaudreuil-Soulanges, M. Yvon B\u00e9riault, pr\u00e9sident de la Table de l\u2019eau et du comit\u00e9 consultatif agricole de la MRC et maire de St-T\u00e9lesphore, M. Jean-Yves Poirier, pr\u00e9sident du Comit\u00e9 d\u2019am\u00e9nagement de la MRC et maire de St-Polycarpe et M. Denis Ranger, maire de Ste-Justine-de-Newton entour\u00e9s des participants et collaborateurs des projets.<\/p>\n","protected":false},"excerpt":{"rendered":"<p>Le 26 mars 2018, la MRC de Vaudreuil-Soulanges a soulign\u00e9 l\u2019engagement de plusieurs agriculteurs de la r\u00e9gion, qui, par leur participation aux projets de r\u00e9tention des sols agricoles et d\u2019am\u00e9lioration de la biodiversit\u00e9 de la rivi\u00e8re Delisle, r\u00e9alis\u00e9s en collaboration avec Nature Action Qu\u00e9bec, favorisent le d\u00e9veloppement durable de la r\u00e9gion. \u00ab La MRC de [&hellip;]<\/p>\n","protected":false},"author":5,"featured_media":5378,"comment_status":"closed","ping_status":"closed","sticky":false,"template":"","format":"standard","meta":{"_et_pb_use_builder":"","_et_pb_old_content":"","_et_gb_content_width":"","footnotes":""},"categories":[],"tags":[],"yoast_head":"<!-- This site is optimized with the Yoast SEO plugin v23.0 - https:\/\/yoast.com\/wordpress\/plugins\/seo\/ -->\n<title>Les agriculteurs de Vaudreuil-Soulanges misent sur le d\u00e9veloppement durable - MRC of Vaudreuil-Soulanges<\/title>\n<meta name=\"robots\" content=\"index, follow, max-snippet:-1, max-image-preview:large, max-video-preview:-1\" \/>\n<link rel=\"canonical\" href=\"https:\/\/mrcvs.ca\/en\/les-agriculteurs-de-vaudreuil-soulanges-misent-sur-le-developpement-durable\/\" \/>\n<meta property=\"og:locale\" content=\"en_US\" \/>\n<meta property=\"og:type\" content=\"article\" \/>\n<meta property=\"og:title\" content=\"Les agriculteurs de Vaudreuil-Soulanges misent sur le d\u00e9veloppement durable - MRC of Vaudreuil-Soulanges\" \/>\n<meta property=\"og:description\" content=\"Le 26 mars 2018, la MRC de Vaudreuil-Soulanges a soulign\u00e9 l\u2019engagement de plusieurs agriculteurs de la r\u00e9gion, qui, par leur participation aux projets de r\u00e9tention des sols agricoles et d\u2019am\u00e9lioration de la biodiversit\u00e9 de la rivi\u00e8re Delisle, r\u00e9alis\u00e9s en collaboration avec Nature Action Qu\u00e9bec, favorisent le d\u00e9veloppement durable de la r\u00e9gion. \u00ab La MRC de [&hellip;]\" \/>\n<meta property=\"og:url\" content=\"https:\/\/mrcvs.ca\/en\/les-agriculteurs-de-vaudreuil-soulanges-misent-sur-le-developpement-durable\/\" \/>\n<meta property=\"og:site_name\" content=\"MRC of Vaudreuil-Soulanges\" \/>\n<meta property=\"article:publisher\" content=\"https:\/\/www.facebook.com\/mrcvaudreuilsoulanges\/\" \/>\n<meta property=\"article:published_time\" content=\"2018-12-01T00:05:28+00:00\" \/>\n<meta property=\"og:image\" content=\"https:\/\/mrcvs.ca\/wp-content\/uploads\/2018\/08\/MRCVS-Placeholder-3.png\" \/>\n\t<meta property=\"og:image:width\" content=\"600\" \/>\n\t<meta property=\"og:image:height\" content=\"398\" \/>\n\t<meta property=\"og:image:type\" content=\"image\/png\" \/>\n<meta name=\"author\" content=\"Marie-Eve Gingras-Gosselin\" \/>\n<meta name=\"twitter:card\" content=\"summary_large_image\" \/>\n<meta name=\"twitter:label1\" content=\"Written by\" \/>\n\t<meta name=\"twitter:data1\" content=\"Marie-Eve Gingras-Gosselin\" \/>\n\t<meta name=\"twitter:label2\" content=\"Est. reading time\" \/>\n\t<meta name=\"twitter:data2\" content=\"4 minutes\" \/>\n<script type=\"application\/ld+json\" class=\"yoast-schema-graph\">{\"@context\":\"https:\/\/schema.org\",\"@graph\":[{\"@type\":\"Article\",\"@id\":\"https:\/\/mrcvs.ca\/en\/les-agriculteurs-de-vaudreuil-soulanges-misent-sur-le-developpement-durable\/#article\",\"isPartOf\":{\"@id\":\"https:\/\/mrcvs.ca\/en\/les-agriculteurs-de-vaudreuil-soulanges-misent-sur-le-developpement-durable\/\"},\"author\":{\"name\":\"Marie-Eve Gingras-Gosselin\",\"@id\":\"https:\/\/mrcvs.ca\/#\/schema\/person\/8fd29c6e3cd29daca3de077a77e5e3d6\"},\"headline\":\"Les agriculteurs de Vaudreuil-Soulanges misent sur le d\u00e9veloppement durable\",\"datePublished\":\"2018-12-01T00:05:28+00:00\",\"dateModified\":\"2018-12-01T00:05:28+00:00\",\"mainEntityOfPage\":{\"@id\":\"https:\/\/mrcvs.ca\/en\/les-agriculteurs-de-vaudreuil-soulanges-misent-sur-le-developpement-durable\/\"},\"wordCount\":788,\"publisher\":{\"@id\":\"https:\/\/mrcvs.ca\/#organization\"},\"image\":{\"@id\":\"https:\/\/mrcvs.ca\/en\/les-agriculteurs-de-vaudreuil-soulanges-misent-sur-le-developpement-durable\/#primaryimage\"},\"thumbnailUrl\":\"https:\/\/mrcvs.ca\/wp-content\/uploads\/2018\/08\/MRCVS-Placeholder-3.png\",\"inLanguage\":\"en-US\"},{\"@type\":\"WebPage\",\"@id\":\"https:\/\/mrcvs.ca\/en\/les-agriculteurs-de-vaudreuil-soulanges-misent-sur-le-developpement-durable\/\",\"url\":\"https:\/\/mrcvs.ca\/en\/les-agriculteurs-de-vaudreuil-soulanges-misent-sur-le-developpement-durable\/\",\"name\":\"Les agriculteurs de Vaudreuil-Soulanges misent sur le d\u00e9veloppement durable - MRC of Vaudreuil-Soulanges\",\"isPartOf\":{\"@id\":\"https:\/\/mrcvs.ca\/#website\"},\"primaryImageOfPage\":{\"@id\":\"https:\/\/mrcvs.ca\/en\/les-agriculteurs-de-vaudreuil-soulanges-misent-sur-le-developpement-durable\/#primaryimage\"},\"image\":{\"@id\":\"https:\/\/mrcvs.ca\/en\/les-agriculteurs-de-vaudreuil-soulanges-misent-sur-le-developpement-durable\/#primaryimage\"},\"thumbnailUrl\":\"https:\/\/mrcvs.ca\/wp-content\/uploads\/2018\/08\/MRCVS-Placeholder-3.png\",\"datePublished\":\"2018-12-01T00:05:28+00:00\",\"dateModified\":\"2018-12-01T00:05:28+00:00\",\"breadcrumb\":{\"@id\":\"https:\/\/mrcvs.ca\/en\/les-agriculteurs-de-vaudreuil-soulanges-misent-sur-le-developpement-durable\/#breadcrumb\"},\"inLanguage\":\"en-US\",\"potentialAction\":[{\"@type\":\"ReadAction\",\"target\":[\"https:\/\/mrcvs.ca\/en\/les-agriculteurs-de-vaudreuil-soulanges-misent-sur-le-developpement-durable\/\"]}]},{\"@type\":\"ImageObject\",\"inLanguage\":\"en-US\",\"@id\":\"https:\/\/mrcvs.ca\/en\/les-agriculteurs-de-vaudreuil-soulanges-misent-sur-le-developpement-durable\/#primaryimage\",\"url\":\"https:\/\/mrcvs.ca\/wp-content\/uploads\/2018\/08\/MRCVS-Placeholder-3.png\",\"contentUrl\":\"https:\/\/mrcvs.ca\/wp-content\/uploads\/2018\/08\/MRCVS-Placeholder-3.png\",\"width\":600,\"height\":398},{\"@type\":\"BreadcrumbList\",\"@id\":\"https:\/\/mrcvs.ca\/en\/les-agriculteurs-de-vaudreuil-soulanges-misent-sur-le-developpement-durable\/#breadcrumb\",\"itemListElement\":[{\"@type\":\"ListItem\",\"position\":1,\"name\":\"Accueil\",\"item\":\"https:\/\/mrcvs.ca\/en\/\"},{\"@type\":\"ListItem\",\"position\":2,\"name\":\"Les agriculteurs de Vaudreuil-Soulanges misent sur le d\u00e9veloppement durable\"}]},{\"@type\":\"WebSite\",\"@id\":\"https:\/\/mrcvs.ca\/#website\",\"url\":\"https:\/\/mrcvs.ca\/\",\"name\":\"MRC de Vaudreuil-Soulanges\",\"description\":\"MRC of Vaudreuil-Soulanges \",\"publisher\":{\"@id\":\"https:\/\/mrcvs.ca\/#organization\"},\"potentialAction\":[{\"@type\":\"SearchAction\",\"target\":{\"@type\":\"EntryPoint\",\"urlTemplate\":\"https:\/\/mrcvs.ca\/?s={search_term_string}\"},\"query-input\":\"required name=search_term_string\"}],\"inLanguage\":\"en-US\"},{\"@type\":\"Organization\",\"@id\":\"https:\/\/mrcvs.ca\/#organization\",\"name\":\"MRC Vaudreuil-Soulanges\",\"url\":\"https:\/\/mrcvs.ca\/\",\"logo\":{\"@type\":\"ImageObject\",\"inLanguage\":\"en-US\",\"@id\":\"https:\/\/mrcvs.ca\/#\/schema\/logo\/image\/\",\"url\":\"https:\/\/mrcvs.ca\/wp-content\/uploads\/2018\/10\/MRC_VS_LOGO.png\",\"contentUrl\":\"https:\/\/mrcvs.ca\/wp-content\/uploads\/2018\/10\/MRC_VS_LOGO.png\",\"width\":1080,\"height\":460,\"caption\":\"MRC Vaudreuil-Soulanges\"},\"image\":{\"@id\":\"https:\/\/mrcvs.ca\/#\/schema\/logo\/image\/\"},\"sameAs\":[\"https:\/\/www.facebook.com\/mrcvaudreuilsoulanges\/\"]},{\"@type\":\"Person\",\"@id\":\"https:\/\/mrcvs.ca\/#\/schema\/person\/8fd29c6e3cd29daca3de077a77e5e3d6\",\"name\":\"Marie-Eve Gingras-Gosselin\",\"sameAs\":[\"https:\/\/mrcvs.ca\"]}]}<\/script>\n<!-- \/ Yoast SEO plugin. -->","yoast_head_json":{"title":"Les agriculteurs de Vaudreuil-Soulanges misent sur le d\u00e9veloppement durable - MRC of Vaudreuil-Soulanges","robots":{"index":"index","follow":"follow","max-snippet":"max-snippet:-1","max-image-preview":"max-image-preview:large","max-video-preview":"max-video-preview:-1"},"canonical":"https:\/\/mrcvs.ca\/en\/les-agriculteurs-de-vaudreuil-soulanges-misent-sur-le-developpement-durable\/","og_locale":"en_US","og_type":"article","og_title":"Les agriculteurs de Vaudreuil-Soulanges misent sur le d\u00e9veloppement durable - MRC of Vaudreuil-Soulanges","og_description":"Le 26 mars 2018, la MRC de Vaudreuil-Soulanges a soulign\u00e9 l\u2019engagement de plusieurs agriculteurs de la r\u00e9gion, qui, par leur participation aux projets de r\u00e9tention des sols agricoles et d\u2019am\u00e9lioration de la biodiversit\u00e9 de la rivi\u00e8re Delisle, r\u00e9alis\u00e9s en collaboration avec Nature Action Qu\u00e9bec, favorisent le d\u00e9veloppement durable de la r\u00e9gion. \u00ab La MRC de [&hellip;]","og_url":"https:\/\/mrcvs.ca\/en\/les-agriculteurs-de-vaudreuil-soulanges-misent-sur-le-developpement-durable\/","og_site_name":"MRC of Vaudreuil-Soulanges","article_publisher":"https:\/\/www.facebook.com\/mrcvaudreuilsoulanges\/","article_published_time":"2018-12-01T00:05:28+00:00","og_image":[{"width":600,"height":398,"url":"https:\/\/mrcvs.ca\/wp-content\/uploads\/2018\/08\/MRCVS-Placeholder-3.png","type":"image\/png"}],"author":"Marie-Eve Gingras-Gosselin","twitter_card":"summary_large_image","twitter_misc":{"Written by":"Marie-Eve Gingras-Gosselin","Est. reading time":"4 minutes"},"schema":{"@context":"https:\/\/schema.org","@graph":[{"@type":"Article","@id":"https:\/\/mrcvs.ca\/en\/les-agriculteurs-de-vaudreuil-soulanges-misent-sur-le-developpement-durable\/#article","isPartOf":{"@id":"https:\/\/mrcvs.ca\/en\/les-agriculteurs-de-vaudreuil-soulanges-misent-sur-le-developpement-durable\/"},"author":{"name":"Marie-Eve Gingras-Gosselin","@id":"https:\/\/mrcvs.ca\/#\/schema\/person\/8fd29c6e3cd29daca3de077a77e5e3d6"},"headline":"Les agriculteurs de Vaudreuil-Soulanges misent sur le d\u00e9veloppement durable","datePublished":"2018-12-01T00:05:28+00:00","dateModified":"2018-12-01T00:05:28+00:00","mainEntityOfPage":{"@id":"https:\/\/mrcvs.ca\/en\/les-agriculteurs-de-vaudreuil-soulanges-misent-sur-le-developpement-durable\/"},"wordCount":788,"publisher":{"@id":"https:\/\/mrcvs.ca\/#organization"},"image":{"@id":"https:\/\/mrcvs.ca\/en\/les-agriculteurs-de-vaudreuil-soulanges-misent-sur-le-developpement-durable\/#primaryimage"},"thumbnailUrl":"https:\/\/mrcvs.ca\/wp-content\/uploads\/2018\/08\/MRCVS-Placeholder-3.png","inLanguage":"en-US"},{"@type":"WebPage","@id":"https:\/\/mrcvs.ca\/en\/les-agriculteurs-de-vaudreuil-soulanges-misent-sur-le-developpement-durable\/","url":"https:\/\/mrcvs.ca\/en\/les-agriculteurs-de-vaudreuil-soulanges-misent-sur-le-developpement-durable\/","name":"Les agriculteurs de Vaudreuil-Soulanges misent sur le d\u00e9veloppement durable - MRC of Vaudreuil-Soulanges","isPartOf":{"@id":"https:\/\/mrcvs.ca\/#website"},"primaryImageOfPage":{"@id":"https:\/\/mrcvs.ca\/en\/les-agriculteurs-de-vaudreuil-soulanges-misent-sur-le-developpement-durable\/#primaryimage"},"image":{"@id":"https:\/\/mrcvs.ca\/en\/les-agriculteurs-de-vaudreuil-soulanges-misent-sur-le-developpement-durable\/#primaryimage"},"thumbnailUrl":"https:\/\/mrcvs.ca\/wp-content\/uploads\/2018\/08\/MRCVS-Placeholder-3.png","datePublished":"2018-12-01T00:05:28+00:00","dateModified":"2018-12-01T00:05:28+00:00","breadcrumb":{"@id":"https:\/\/mrcvs.ca\/en\/les-agriculteurs-de-vaudreuil-soulanges-misent-sur-le-developpement-durable\/#breadcrumb"},"inLanguage":"en-US","potentialAction":[{"@type":"ReadAction","target":["https:\/\/mrcvs.ca\/en\/les-agriculteurs-de-vaudreuil-soulanges-misent-sur-le-developpement-durable\/"]}]},{"@type":"ImageObject","inLanguage":"en-US","@id":"https:\/\/mrcvs.ca\/en\/les-agriculteurs-de-vaudreuil-soulanges-misent-sur-le-developpement-durable\/#primaryimage","url":"https:\/\/mrcvs.ca\/wp-content\/uploads\/2018\/08\/MRCVS-Placeholder-3.png","contentUrl":"https:\/\/mrcvs.ca\/wp-content\/uploads\/2018\/08\/MRCVS-Placeholder-3.png","width":600,"height":398},{"@type":"BreadcrumbList","@id":"https:\/\/mrcvs.ca\/en\/les-agriculteurs-de-vaudreuil-soulanges-misent-sur-le-developpement-durable\/#breadcrumb","itemListElement":[{"@type":"ListItem","position":1,"name":"Accueil","item":"https:\/\/mrcvs.ca\/en\/"},{"@type":"ListItem","position":2,"name":"Les agriculteurs de Vaudreuil-Soulanges misent sur le d\u00e9veloppement durable"}]},{"@type":"WebSite","@id":"https:\/\/mrcvs.ca\/#website","url":"https:\/\/mrcvs.ca\/","name":"MRC de Vaudreuil-Soulanges","description":"MRC of Vaudreuil-Soulanges ","publisher":{"@id":"https:\/\/mrcvs.ca\/#organization"},"potentialAction":[{"@type":"SearchAction","target":{"@type":"EntryPoint","urlTemplate":"https:\/\/mrcvs.ca\/?s={search_term_string}"},"query-input":"required name=search_term_string"}],"inLanguage":"en-US"},{"@type":"Organization","@id":"https:\/\/mrcvs.ca\/#organization","name":"MRC Vaudreuil-Soulanges","url":"https:\/\/mrcvs.ca\/","logo":{"@type":"ImageObject","inLanguage":"en-US","@id":"https:\/\/mrcvs.ca\/#\/schema\/logo\/image\/","url":"https:\/\/mrcvs.ca\/wp-content\/uploads\/2018\/10\/MRC_VS_LOGO.png","contentUrl":"https:\/\/mrcvs.ca\/wp-content\/uploads\/2018\/10\/MRC_VS_LOGO.png","width":1080,"height":460,"caption":"MRC Vaudreuil-Soulanges"},"image":{"@id":"https:\/\/mrcvs.ca\/#\/schema\/logo\/image\/"},"sameAs":["https:\/\/www.facebook.com\/mrcvaudreuilsoulanges\/"]},{"@type":"Person","@id":"https:\/\/mrcvs.ca\/#\/schema\/person\/8fd29c6e3cd29daca3de077a77e5e3d6","name":"Marie-Eve Gingras-Gosselin","sameAs":["https:\/\/mrcvs.ca"]}]}},"_links":{"self":[{"href":"https:\/\/mrcvs.ca\/en\/wp-json\/wp\/v2\/posts\/5398"}],"collection":[{"href":"https:\/\/mrcvs.ca\/en\/wp-json\/wp\/v2\/posts"}],"about":[{"href":"https:\/\/mrcvs.ca\/en\/wp-json\/wp\/v2\/types\/post"}],"author":[{"embeddable":true,"href":"https:\/\/mrcvs.ca\/en\/wp-json\/wp\/v2\/users\/5"}],"replies":[{"embeddable":true,"href":"https:\/\/mrcvs.ca\/en\/wp-json\/wp\/v2\/comments?post=5398"}],"version-history":[{"count":0,"href":"https:\/\/mrcvs.ca\/en\/wp-json\/wp\/v2\/posts\/5398\/revisions"}],"wp:featuredmedia":[{"embeddable":true,"href":"https:\/\/mrcvs.ca\/en\/wp-json\/wp\/v2\/media\/5378"}],"wp:attachment":[{"href":"https:\/\/mrcvs.ca\/en\/wp-json\/wp\/v2\/media?parent=5398"}],"wp:term":[{"taxonomy":"category","embeddable":true,"href":"https:\/\/mrcvs.ca\/en\/wp-json\/wp\/v2\/categories?post=5398"},{"taxonomy":"post_tag","embeddable":true,"href":"https:\/\/mrcvs.ca\/en\/wp-json\/wp\/v2\/tags?post=5398"}],"curies":[{"name":"wp","href":"https:\/\/api.w.org\/{rel}","templated":true}]}}