{"id":5374,"date":"2018-11-30T23:59:38","date_gmt":"2018-11-30T23:59:38","guid":{"rendered":"http:\/\/mrcvs.tofudev.com\/la-mrc-de-vaudreuil-soulanges-lance-un-projet-pilote-de-collecte-intelligente-des-matieres-residuelles\/"},"modified":"2018-11-30T23:59:38","modified_gmt":"2018-11-30T23:59:38","slug":"la-mrc-de-vaudreuil-soulanges-lance-un-projet-pilote-de-collecte-intelligente-des-matieres-residuelles","status":"publish","type":"post","link":"https:\/\/mrcvs.ca\/en\/la-mrc-de-vaudreuil-soulanges-lance-un-projet-pilote-de-collecte-intelligente-des-matieres-residuelles\/","title":{"rendered":"La MRC de Vaudreuil-Soulanges lance un projet pilote de collecte intelligente des mati\u00e8res r\u00e9siduelles"},"content":{"rendered":"<p>La MRC de Vaudreuil-Soulanges, en collaboration avec les municipalit\u00e9s de Notre-Dame-de-l\u2019\u00cele-Perrot et de Sainte-Marthe, lance un projet pilote de collecte intelligente des d\u00e9chets et des mati\u00e8res recyclables, qui permettra de mesurer l\u2019ensemble des avantages et enjeux de ce type de collecte.<\/p>\n<p>Ce sont 650 r\u00e9sidences de Notre-Dame-de-l\u2019\u00cele-Perrot, en milieu urbain, et 450 r\u00e9sidences de Sainte-Marthe, en milieu agricole, qui participeront au projet pilote. La collecte intelligente est un syst\u00e8me qui utilise des technologies de tra\u00e7abilit\u00e9 par lecture de transpondeurs \u00e0 radio fr\u00e9quence infrarouge (puces RFID) sur les camions de collecte et les bacs roulants. Les participants sont invit\u00e9s \u00e0 mettre leur bac \u00e0 la rue uniquement s\u2019il est plein ou d\u00e9range.<\/p>\n<p>\u00ab La MRC de Vaudreuil-Soulanges est heureuse de mettre en place un tel projet d\u00e8s cet automne. Le projet vise \u00e0 r\u00e9duire les impacts environnementaux et \u00e0 \u00e9valuer les gains \u00e9conomiques de la collecte intelligente des mati\u00e8res r\u00e9siduelles \u00bb de dire Patrick Bousez, pr\u00e9fet de la MRC et maire de la municipalit\u00e9 de Rivi\u00e8re-Beaudette. La ville de Beaconsfield, qui a mis en place la collecte intelligente en 2016, a pour sa part r\u00e9duit ses co\u00fbts de collecte de 42 % et ses d\u00e9chets de 50 %. Le pr\u00e9sent projet vise \u00e0 \u00e9valuer les \u00e9l\u00e9ments suivants :<\/p>\n<p>\u2022 Le taux de pr\u00e9sentation moyen des bacs de recyclage et de d\u00e9chets;<br \/>\n\u2022 Les quantit\u00e9s de d\u00e9chets des secteurs du projet pilote par rapport aux autres r\u00e9sidents;<br \/>\n\u2022 Les facteurs influen\u00e7ant la mise en place de ces bonnes pratiques;<br \/>\n\u2022 Les technologies de suivi de la collecte intelligente;<br \/>\n\u2022 Les risques d\u2019un tel syst\u00e8me et les moyens de les att\u00e9nuer.<\/p>\n<p>Le projet pilote a aussi pour objectif de sensibiliser la population sur les changements propos\u00e9s. Un ensemble d\u2019outils de communications a \u00e9t\u00e9 d\u00e9velopp\u00e9 afin d\u2019optimiser la participation citoyenne et d\u2019am\u00e9liorer le tri des mati\u00e8res r\u00e9siduelles. Ultimement, la collecte intelligente vise \u00e0 r\u00e9duire la facture globale de la collecte des ordures m\u00e9nag\u00e8res en instaurant une tarification fond\u00e9e sur le principe de l\u2019utilisateur-payeur qui r\u00e9compense les r\u00e9sidents qui adoptent les bonnes pratiques en mati\u00e8re de gestion de r\u00e9sidus domestiques.<\/p>\n<p>La municipalit\u00e9 de Sainte-Marthe a d\u00e9j\u00e0 mis en place la collecte intelligente des d\u00e9chets depuis le printemps 2018. \u00ab L\u2019exp\u00e9rience d\u00e9velopp\u00e9e repr\u00e9sente une importante contribution au projet puisque nos r\u00e9sidents ont d\u00e9j\u00e0 \u00e9t\u00e9 sensibilis\u00e9s au nouveau syst\u00e8me. \u00c0 partir de l\u2019automne, les donn\u00e9es sur les bacs de recyclage pourront \u00e9galement \u00eatre mesur\u00e9es et ainsi offrir une base de r\u00e9f\u00e9rences \u00e0 la MRC, qui a la comp\u00e9tence de la collecte des mati\u00e8res recyclables \u00bb, de dire M. Fran\u00e7ois Pleau, maire de la municipalit\u00e9 de Sainte-Marthe.<\/p>\n<p>Du c\u00f4t\u00e9 de Notre-Dame-de-l\u2019\u00cele-Perrot, une brigade verte, la Brigade z\u00e9ro d\u00e9chet compos\u00e9e de citoyens b\u00e9n\u00e9voles, fera notamment du porte-\u00e0-porte en d\u00e9but octobre pour rencontrer les citoyens concern\u00e9s et leur expliquer le projet. \u00ab Nous sommes fiers de pouvoir faire partie des premiers \u00e0 tester ce type de technologie afin de non seulement faire des \u00e9conomies sur nos collectes, mais \u00e9galement r\u00e9duire leur impact sur l\u2019environnement \u00bb, de dire Mme Danie Desch\u00eanes, mairesse de Notre-Dame-de-l\u2019\u00cele-Perrot.<\/p>\n","protected":false},"excerpt":{"rendered":"<p>La MRC de Vaudreuil-Soulanges, en collaboration avec les municipalit\u00e9s de Notre-Dame-de-l\u2019\u00cele-Perrot et de Sainte-Marthe, lance un projet pilote de collecte intelligente des d\u00e9chets et des mati\u00e8res recyclables, qui permettra de mesurer l\u2019ensemble des avantages et enjeux de ce type de collecte. Ce sont 650 r\u00e9sidences de Notre-Dame-de-l\u2019\u00cele-Perrot, en milieu urbain, et 450 r\u00e9sidences de Sainte-Marthe, [&hellip;]<\/p>\n","protected":false},"author":5,"featured_media":3170,"comment_status":"closed","ping_status":"closed","sticky":false,"template":"","format":"standard","meta":{"_et_pb_use_builder":"","_et_pb_old_content":"","_et_gb_content_width":"","footnotes":""},"categories":[],"tags":[],"yoast_head":"<!-- This site is optimized with the Yoast SEO plugin v23.0 - https:\/\/yoast.com\/wordpress\/plugins\/seo\/ -->\n<title>La MRC de Vaudreuil-Soulanges lance un projet pilote de collecte intelligente des mati\u00e8res r\u00e9siduelles - MRC of Vaudreuil-Soulanges<\/title>\n<meta name=\"robots\" content=\"index, follow, max-snippet:-1, max-image-preview:large, max-video-preview:-1\" \/>\n<link rel=\"canonical\" href=\"https:\/\/mrcvs.ca\/en\/la-mrc-de-vaudreuil-soulanges-lance-un-projet-pilote-de-collecte-intelligente-des-matieres-residuelles\/\" \/>\n<meta property=\"og:locale\" content=\"en_US\" \/>\n<meta property=\"og:type\" content=\"article\" \/>\n<meta property=\"og:title\" content=\"La MRC de Vaudreuil-Soulanges lance un projet pilote de collecte intelligente des mati\u00e8res r\u00e9siduelles - MRC of Vaudreuil-Soulanges\" \/>\n<meta property=\"og:description\" content=\"La MRC de Vaudreuil-Soulanges, en collaboration avec les municipalit\u00e9s de Notre-Dame-de-l\u2019\u00cele-Perrot et de Sainte-Marthe, lance un projet pilote de collecte intelligente des d\u00e9chets et des mati\u00e8res recyclables, qui permettra de mesurer l\u2019ensemble des avantages et enjeux de ce type de collecte. Ce sont 650 r\u00e9sidences de Notre-Dame-de-l\u2019\u00cele-Perrot, en milieu urbain, et 450 r\u00e9sidences de Sainte-Marthe, [&hellip;]\" \/>\n<meta property=\"og:url\" content=\"https:\/\/mrcvs.ca\/en\/la-mrc-de-vaudreuil-soulanges-lance-un-projet-pilote-de-collecte-intelligente-des-matieres-residuelles\/\" \/>\n<meta property=\"og:site_name\" content=\"MRC of Vaudreuil-Soulanges\" \/>\n<meta property=\"article:publisher\" content=\"https:\/\/www.facebook.com\/mrcvaudreuilsoulanges\/\" \/>\n<meta property=\"article:published_time\" content=\"2018-11-30T23:59:38+00:00\" \/>\n<meta property=\"og:image\" content=\"https:\/\/mrcvs.ca\/wp-content\/uploads\/2018\/08\/cover_collecte-intelligente.jpg\" \/>\n\t<meta property=\"og:image:width\" content=\"600\" \/>\n\t<meta property=\"og:image:height\" content=\"398\" \/>\n\t<meta property=\"og:image:type\" content=\"image\/jpeg\" \/>\n<meta name=\"author\" content=\"Marie-Eve Gingras-Gosselin\" \/>\n<meta name=\"twitter:card\" content=\"summary_large_image\" \/>\n<meta name=\"twitter:label1\" content=\"Written by\" \/>\n\t<meta name=\"twitter:data1\" content=\"Marie-Eve Gingras-Gosselin\" \/>\n\t<meta name=\"twitter:label2\" content=\"Est. reading time\" \/>\n\t<meta name=\"twitter:data2\" content=\"3 minutes\" \/>\n<script type=\"application\/ld+json\" class=\"yoast-schema-graph\">{\"@context\":\"https:\/\/schema.org\",\"@graph\":[{\"@type\":\"Article\",\"@id\":\"https:\/\/mrcvs.ca\/en\/la-mrc-de-vaudreuil-soulanges-lance-un-projet-pilote-de-collecte-intelligente-des-matieres-residuelles\/#article\",\"isPartOf\":{\"@id\":\"https:\/\/mrcvs.ca\/en\/la-mrc-de-vaudreuil-soulanges-lance-un-projet-pilote-de-collecte-intelligente-des-matieres-residuelles\/\"},\"author\":{\"name\":\"Marie-Eve Gingras-Gosselin\",\"@id\":\"https:\/\/mrcvs.ca\/#\/schema\/person\/8fd29c6e3cd29daca3de077a77e5e3d6\"},\"headline\":\"La MRC de Vaudreuil-Soulanges lance un projet pilote de collecte intelligente des mati\u00e8res r\u00e9siduelles\",\"datePublished\":\"2018-11-30T23:59:38+00:00\",\"dateModified\":\"2018-11-30T23:59:38+00:00\",\"mainEntityOfPage\":{\"@id\":\"https:\/\/mrcvs.ca\/en\/la-mrc-de-vaudreuil-soulanges-lance-un-projet-pilote-de-collecte-intelligente-des-matieres-residuelles\/\"},\"wordCount\":573,\"publisher\":{\"@id\":\"https:\/\/mrcvs.ca\/#organization\"},\"image\":{\"@id\":\"https:\/\/mrcvs.ca\/en\/la-mrc-de-vaudreuil-soulanges-lance-un-projet-pilote-de-collecte-intelligente-des-matieres-residuelles\/#primaryimage\"},\"thumbnailUrl\":\"https:\/\/mrcvs.ca\/wp-content\/uploads\/2018\/08\/cover_collecte-intelligente.jpg\",\"inLanguage\":\"en-US\"},{\"@type\":\"WebPage\",\"@id\":\"https:\/\/mrcvs.ca\/en\/la-mrc-de-vaudreuil-soulanges-lance-un-projet-pilote-de-collecte-intelligente-des-matieres-residuelles\/\",\"url\":\"https:\/\/mrcvs.ca\/en\/la-mrc-de-vaudreuil-soulanges-lance-un-projet-pilote-de-collecte-intelligente-des-matieres-residuelles\/\",\"name\":\"La MRC de Vaudreuil-Soulanges lance un projet pilote de collecte intelligente des mati\u00e8res r\u00e9siduelles - MRC of Vaudreuil-Soulanges\",\"isPartOf\":{\"@id\":\"https:\/\/mrcvs.ca\/#website\"},\"primaryImageOfPage\":{\"@id\":\"https:\/\/mrcvs.ca\/en\/la-mrc-de-vaudreuil-soulanges-lance-un-projet-pilote-de-collecte-intelligente-des-matieres-residuelles\/#primaryimage\"},\"image\":{\"@id\":\"https:\/\/mrcvs.ca\/en\/la-mrc-de-vaudreuil-soulanges-lance-un-projet-pilote-de-collecte-intelligente-des-matieres-residuelles\/#primaryimage\"},\"thumbnailUrl\":\"https:\/\/mrcvs.ca\/wp-content\/uploads\/2018\/08\/cover_collecte-intelligente.jpg\",\"datePublished\":\"2018-11-30T23:59:38+00:00\",\"dateModified\":\"2018-11-30T23:59:38+00:00\",\"breadcrumb\":{\"@id\":\"https:\/\/mrcvs.ca\/en\/la-mrc-de-vaudreuil-soulanges-lance-un-projet-pilote-de-collecte-intelligente-des-matieres-residuelles\/#breadcrumb\"},\"inLanguage\":\"en-US\",\"potentialAction\":[{\"@type\":\"ReadAction\",\"target\":[\"https:\/\/mrcvs.ca\/en\/la-mrc-de-vaudreuil-soulanges-lance-un-projet-pilote-de-collecte-intelligente-des-matieres-residuelles\/\"]}]},{\"@type\":\"ImageObject\",\"inLanguage\":\"en-US\",\"@id\":\"https:\/\/mrcvs.ca\/en\/la-mrc-de-vaudreuil-soulanges-lance-un-projet-pilote-de-collecte-intelligente-des-matieres-residuelles\/#primaryimage\",\"url\":\"https:\/\/mrcvs.ca\/wp-content\/uploads\/2018\/08\/cover_collecte-intelligente.jpg\",\"contentUrl\":\"https:\/\/mrcvs.ca\/wp-content\/uploads\/2018\/08\/cover_collecte-intelligente.jpg\",\"width\":600,\"height\":398},{\"@type\":\"BreadcrumbList\",\"@id\":\"https:\/\/mrcvs.ca\/en\/la-mrc-de-vaudreuil-soulanges-lance-un-projet-pilote-de-collecte-intelligente-des-matieres-residuelles\/#breadcrumb\",\"itemListElement\":[{\"@type\":\"ListItem\",\"position\":1,\"name\":\"Accueil\",\"item\":\"https:\/\/mrcvs.ca\/en\/\"},{\"@type\":\"ListItem\",\"position\":2,\"name\":\"La MRC de Vaudreuil-Soulanges lance un projet pilote de collecte intelligente des mati\u00e8res r\u00e9siduelles\"}]},{\"@type\":\"WebSite\",\"@id\":\"https:\/\/mrcvs.ca\/#website\",\"url\":\"https:\/\/mrcvs.ca\/\",\"name\":\"MRC de Vaudreuil-Soulanges\",\"description\":\"MRC of Vaudreuil-Soulanges \",\"publisher\":{\"@id\":\"https:\/\/mrcvs.ca\/#organization\"},\"potentialAction\":[{\"@type\":\"SearchAction\",\"target\":{\"@type\":\"EntryPoint\",\"urlTemplate\":\"https:\/\/mrcvs.ca\/?s={search_term_string}\"},\"query-input\":\"required name=search_term_string\"}],\"inLanguage\":\"en-US\"},{\"@type\":\"Organization\",\"@id\":\"https:\/\/mrcvs.ca\/#organization\",\"name\":\"MRC Vaudreuil-Soulanges\",\"url\":\"https:\/\/mrcvs.ca\/\",\"logo\":{\"@type\":\"ImageObject\",\"inLanguage\":\"en-US\",\"@id\":\"https:\/\/mrcvs.ca\/#\/schema\/logo\/image\/\",\"url\":\"https:\/\/mrcvs.ca\/wp-content\/uploads\/2018\/10\/MRC_VS_LOGO.png\",\"contentUrl\":\"https:\/\/mrcvs.ca\/wp-content\/uploads\/2018\/10\/MRC_VS_LOGO.png\",\"width\":1080,\"height\":460,\"caption\":\"MRC Vaudreuil-Soulanges\"},\"image\":{\"@id\":\"https:\/\/mrcvs.ca\/#\/schema\/logo\/image\/\"},\"sameAs\":[\"https:\/\/www.facebook.com\/mrcvaudreuilsoulanges\/\"]},{\"@type\":\"Person\",\"@id\":\"https:\/\/mrcvs.ca\/#\/schema\/person\/8fd29c6e3cd29daca3de077a77e5e3d6\",\"name\":\"Marie-Eve Gingras-Gosselin\",\"sameAs\":[\"https:\/\/mrcvs.ca\"]}]}<\/script>\n<!-- \/ Yoast SEO plugin. -->","yoast_head_json":{"title":"La MRC de Vaudreuil-Soulanges lance un projet pilote de collecte intelligente des mati\u00e8res r\u00e9siduelles - MRC of Vaudreuil-Soulanges","robots":{"index":"index","follow":"follow","max-snippet":"max-snippet:-1","max-image-preview":"max-image-preview:large","max-video-preview":"max-video-preview:-1"},"canonical":"https:\/\/mrcvs.ca\/en\/la-mrc-de-vaudreuil-soulanges-lance-un-projet-pilote-de-collecte-intelligente-des-matieres-residuelles\/","og_locale":"en_US","og_type":"article","og_title":"La MRC de Vaudreuil-Soulanges lance un projet pilote de collecte intelligente des mati\u00e8res r\u00e9siduelles - MRC of Vaudreuil-Soulanges","og_description":"La MRC de Vaudreuil-Soulanges, en collaboration avec les municipalit\u00e9s de Notre-Dame-de-l\u2019\u00cele-Perrot et de Sainte-Marthe, lance un projet pilote de collecte intelligente des d\u00e9chets et des mati\u00e8res recyclables, qui permettra de mesurer l\u2019ensemble des avantages et enjeux de ce type de collecte. Ce sont 650 r\u00e9sidences de Notre-Dame-de-l\u2019\u00cele-Perrot, en milieu urbain, et 450 r\u00e9sidences de Sainte-Marthe, [&hellip;]","og_url":"https:\/\/mrcvs.ca\/en\/la-mrc-de-vaudreuil-soulanges-lance-un-projet-pilote-de-collecte-intelligente-des-matieres-residuelles\/","og_site_name":"MRC of Vaudreuil-Soulanges","article_publisher":"https:\/\/www.facebook.com\/mrcvaudreuilsoulanges\/","article_published_time":"2018-11-30T23:59:38+00:00","og_image":[{"width":600,"height":398,"url":"https:\/\/mrcvs.ca\/wp-content\/uploads\/2018\/08\/cover_collecte-intelligente.jpg","type":"image\/jpeg"}],"author":"Marie-Eve Gingras-Gosselin","twitter_card":"summary_large_image","twitter_misc":{"Written by":"Marie-Eve Gingras-Gosselin","Est. reading time":"3 minutes"},"schema":{"@context":"https:\/\/schema.org","@graph":[{"@type":"Article","@id":"https:\/\/mrcvs.ca\/en\/la-mrc-de-vaudreuil-soulanges-lance-un-projet-pilote-de-collecte-intelligente-des-matieres-residuelles\/#article","isPartOf":{"@id":"https:\/\/mrcvs.ca\/en\/la-mrc-de-vaudreuil-soulanges-lance-un-projet-pilote-de-collecte-intelligente-des-matieres-residuelles\/"},"author":{"name":"Marie-Eve Gingras-Gosselin","@id":"https:\/\/mrcvs.ca\/#\/schema\/person\/8fd29c6e3cd29daca3de077a77e5e3d6"},"headline":"La MRC de Vaudreuil-Soulanges lance un projet pilote de collecte intelligente des mati\u00e8res r\u00e9siduelles","datePublished":"2018-11-30T23:59:38+00:00","dateModified":"2018-11-30T23:59:38+00:00","mainEntityOfPage":{"@id":"https:\/\/mrcvs.ca\/en\/la-mrc-de-vaudreuil-soulanges-lance-un-projet-pilote-de-collecte-intelligente-des-matieres-residuelles\/"},"wordCount":573,"publisher":{"@id":"https:\/\/mrcvs.ca\/#organization"},"image":{"@id":"https:\/\/mrcvs.ca\/en\/la-mrc-de-vaudreuil-soulanges-lance-un-projet-pilote-de-collecte-intelligente-des-matieres-residuelles\/#primaryimage"},"thumbnailUrl":"https:\/\/mrcvs.ca\/wp-content\/uploads\/2018\/08\/cover_collecte-intelligente.jpg","inLanguage":"en-US"},{"@type":"WebPage","@id":"https:\/\/mrcvs.ca\/en\/la-mrc-de-vaudreuil-soulanges-lance-un-projet-pilote-de-collecte-intelligente-des-matieres-residuelles\/","url":"https:\/\/mrcvs.ca\/en\/la-mrc-de-vaudreuil-soulanges-lance-un-projet-pilote-de-collecte-intelligente-des-matieres-residuelles\/","name":"La MRC de Vaudreuil-Soulanges lance un projet pilote de collecte intelligente des mati\u00e8res r\u00e9siduelles - MRC of Vaudreuil-Soulanges","isPartOf":{"@id":"https:\/\/mrcvs.ca\/#website"},"primaryImageOfPage":{"@id":"https:\/\/mrcvs.ca\/en\/la-mrc-de-vaudreuil-soulanges-lance-un-projet-pilote-de-collecte-intelligente-des-matieres-residuelles\/#primaryimage"},"image":{"@id":"https:\/\/mrcvs.ca\/en\/la-mrc-de-vaudreuil-soulanges-lance-un-projet-pilote-de-collecte-intelligente-des-matieres-residuelles\/#primaryimage"},"thumbnailUrl":"https:\/\/mrcvs.ca\/wp-content\/uploads\/2018\/08\/cover_collecte-intelligente.jpg","datePublished":"2018-11-30T23:59:38+00:00","dateModified":"2018-11-30T23:59:38+00:00","breadcrumb":{"@id":"https:\/\/mrcvs.ca\/en\/la-mrc-de-vaudreuil-soulanges-lance-un-projet-pilote-de-collecte-intelligente-des-matieres-residuelles\/#breadcrumb"},"inLanguage":"en-US","potentialAction":[{"@type":"ReadAction","target":["https:\/\/mrcvs.ca\/en\/la-mrc-de-vaudreuil-soulanges-lance-un-projet-pilote-de-collecte-intelligente-des-matieres-residuelles\/"]}]},{"@type":"ImageObject","inLanguage":"en-US","@id":"https:\/\/mrcvs.ca\/en\/la-mrc-de-vaudreuil-soulanges-lance-un-projet-pilote-de-collecte-intelligente-des-matieres-residuelles\/#primaryimage","url":"https:\/\/mrcvs.ca\/wp-content\/uploads\/2018\/08\/cover_collecte-intelligente.jpg","contentUrl":"https:\/\/mrcvs.ca\/wp-content\/uploads\/2018\/08\/cover_collecte-intelligente.jpg","width":600,"height":398},{"@type":"BreadcrumbList","@id":"https:\/\/mrcvs.ca\/en\/la-mrc-de-vaudreuil-soulanges-lance-un-projet-pilote-de-collecte-intelligente-des-matieres-residuelles\/#breadcrumb","itemListElement":[{"@type":"ListItem","position":1,"name":"Accueil","item":"https:\/\/mrcvs.ca\/en\/"},{"@type":"ListItem","position":2,"name":"La MRC de Vaudreuil-Soulanges lance un projet pilote de collecte intelligente des mati\u00e8res r\u00e9siduelles"}]},{"@type":"WebSite","@id":"https:\/\/mrcvs.ca\/#website","url":"https:\/\/mrcvs.ca\/","name":"MRC de Vaudreuil-Soulanges","description":"MRC of Vaudreuil-Soulanges ","publisher":{"@id":"https:\/\/mrcvs.ca\/#organization"},"potentialAction":[{"@type":"SearchAction","target":{"@type":"EntryPoint","urlTemplate":"https:\/\/mrcvs.ca\/?s={search_term_string}"},"query-input":"required name=search_term_string"}],"inLanguage":"en-US"},{"@type":"Organization","@id":"https:\/\/mrcvs.ca\/#organization","name":"MRC Vaudreuil-Soulanges","url":"https:\/\/mrcvs.ca\/","logo":{"@type":"ImageObject","inLanguage":"en-US","@id":"https:\/\/mrcvs.ca\/#\/schema\/logo\/image\/","url":"https:\/\/mrcvs.ca\/wp-content\/uploads\/2018\/10\/MRC_VS_LOGO.png","contentUrl":"https:\/\/mrcvs.ca\/wp-content\/uploads\/2018\/10\/MRC_VS_LOGO.png","width":1080,"height":460,"caption":"MRC Vaudreuil-Soulanges"},"image":{"@id":"https:\/\/mrcvs.ca\/#\/schema\/logo\/image\/"},"sameAs":["https:\/\/www.facebook.com\/mrcvaudreuilsoulanges\/"]},{"@type":"Person","@id":"https:\/\/mrcvs.ca\/#\/schema\/person\/8fd29c6e3cd29daca3de077a77e5e3d6","name":"Marie-Eve Gingras-Gosselin","sameAs":["https:\/\/mrcvs.ca"]}]}},"_links":{"self":[{"href":"https:\/\/mrcvs.ca\/en\/wp-json\/wp\/v2\/posts\/5374"}],"collection":[{"href":"https:\/\/mrcvs.ca\/en\/wp-json\/wp\/v2\/posts"}],"about":[{"href":"https:\/\/mrcvs.ca\/en\/wp-json\/wp\/v2\/types\/post"}],"author":[{"embeddable":true,"href":"https:\/\/mrcvs.ca\/en\/wp-json\/wp\/v2\/users\/5"}],"replies":[{"embeddable":true,"href":"https:\/\/mrcvs.ca\/en\/wp-json\/wp\/v2\/comments?post=5374"}],"version-history":[{"count":0,"href":"https:\/\/mrcvs.ca\/en\/wp-json\/wp\/v2\/posts\/5374\/revisions"}],"wp:featuredmedia":[{"embeddable":true,"href":"https:\/\/mrcvs.ca\/en\/wp-json\/wp\/v2\/media\/3170"}],"wp:attachment":[{"href":"https:\/\/mrcvs.ca\/en\/wp-json\/wp\/v2\/media?parent=5374"}],"wp:term":[{"taxonomy":"category","embeddable":true,"href":"https:\/\/mrcvs.ca\/en\/wp-json\/wp\/v2\/categories?post=5374"},{"taxonomy":"post_tag","embeddable":true,"href":"https:\/\/mrcvs.ca\/en\/wp-json\/wp\/v2\/tags?post=5374"}],"curies":[{"name":"wp","href":"https:\/\/api.w.org\/{rel}","templated":true}]}}