{"id":5370,"date":"2018-11-30T23:58:47","date_gmt":"2018-11-30T23:58:47","guid":{"rendered":"http:\/\/mrcvs.tofudev.com\/un-nouvel-appel-de-projets-pour-le-fonds-de-developpement-des-communautes\/"},"modified":"2018-11-30T23:58:47","modified_gmt":"2018-11-30T23:58:47","slug":"un-nouvel-appel-de-projets-pour-le-fonds-de-developpement-des-communautes","status":"publish","type":"post","link":"https:\/\/mrcvs.ca\/en\/un-nouvel-appel-de-projets-pour-le-fonds-de-developpement-des-communautes\/","title":{"rendered":"Un nouvel appel de projets pour le Fonds de d\u00e9veloppement des communaut\u00e9s"},"content":{"rendered":"<p>Pour faire suite au succ\u00e8s du Fonds de d\u00e9veloppement des communaut\u00e9s (FDC) 2017-2018, la MRC de Vaudreuil-Soulanges et D\u00e9veloppement Vaudreuil-Soulanges lancent un nouvel appel de projets.<\/p>\n<p>La derni\u00e8re mouture du Fonds de d\u00e9veloppement des communaut\u00e9s avait permis de soutenir une quinzaine de projets de municipalit\u00e9s, d\u2019organismes communautaires et de coop\u00e9ratives qui ont g\u00e9n\u00e9r\u00e9 plus de 400 000 $ d\u2019investissements. Cette mesure de soutien est rendue possible gr\u00e2ce au Fonds de d\u00e9veloppement des territoires du minist\u00e8re des Affaires municipales et de l\u2019Occupation du territoire.<\/p>\n<p>Les projets doivent s\u2019inscrire dans le cadre de la Politique de d\u00e9veloppement social durable (PDSD), soit proposer la mise en place de moyens qui permettent aux citoyens d\u2019am\u00e9liorer leur qualit\u00e9 de vie et de participer au dynamisme des organisations du milieu. Les promoteurs int\u00e9ress\u00e9s b\u00e9n\u00e9ficieront d\u2019un accompagnement personnalis\u00e9 pour stimuler leur r\u00e9flexion et proposer des initiatives structurantes qui r\u00e9pondent aux besoins des communaut\u00e9s de Vaudreuil-Soulanges.<\/p>\n<p>\u00ab Le Fonds de d\u00e9veloppement des communaut\u00e9s est une occasion en or pour les municipalit\u00e9s et les organismes d\u2019obtenir du financement pour r\u00e9aliser les projets qui leur tiennent \u00e0 c\u0153ur. Dans le pass\u00e9, nous avons ainsi pu soutenir diff\u00e9rentes actions qui visaient notamment les jeunes, les ain\u00e9s et les personnes immigrantes. \u00bb de dire Patrick Bousez, pr\u00e9fet de la MRC de Vaudreuil-Soulanges et maire de Rivi\u00e8re-Beaudette.<\/p>\n<p>Les personnes d\u00e9sireuses de pr\u00e9senter un projet ont jusqu\u2019au 16 novembre 2018 pour manifester leur int\u00e9r\u00eat via courriel \u00e0 messieurs S\u00e9bastien Legros (<a href=\"mailto:slegros@mrcvs.ca\">slegros@mrcvs.ca<\/a>) et Philippe Roy (<a href=\"mailto:proy@developpementvs.com\">proy@developpementvs.com<\/a>). Par la suite, les promoteurs auront jusqu\u2019au 17 d\u00e9cembre 2018 pour compl\u00e9ter le d\u00e9p\u00f4t de leur dossier. Pour en savoir plus sur le Fonds de d\u00e9veloppement des communaut\u00e9s :\u00a0<a href=\"https:\/\/www.mrcvs.ca\/fdc\">https:\/\/www.mrcvs.ca\/fdc<\/a><\/p>\n<p>&nbsp;<\/p>\n<ul>\n<li><a href=\"https:\/\/mrcvs.ca\/wp-content\/uploads\/2018\/11\/formulaire_fdc_2018-19.pdf\" target=\"_blank\" rel=\"noopener\">Formulaire &#8211; Fonds de d\u00e9veloppement des communaut\u00e9s<\/a><\/li>\n<li><a href=\"https:\/\/mrcvs.ca\/wp-content\/uploads\/2018\/11\/programme_fonds_dev_communautes_2018-2019_2018-10-12.pdf\" target=\"_blank\" rel=\"noopener\">Programme de subvention &#8211; Fonds de d\u00e9veloppement des communaut\u00e9s<\/a><\/li>\n<\/ul>\n","protected":false},"excerpt":{"rendered":"<p>Pour faire suite au succ\u00e8s du Fonds de d\u00e9veloppement des communaut\u00e9s (FDC) 2017-2018, la MRC de Vaudreuil-Soulanges et D\u00e9veloppement Vaudreuil-Soulanges lancent un nouvel appel de projets. La derni\u00e8re mouture du Fonds de d\u00e9veloppement des communaut\u00e9s avait permis de soutenir une quinzaine de projets de municipalit\u00e9s, d\u2019organismes communautaires et de coop\u00e9ratives qui ont g\u00e9n\u00e9r\u00e9 plus de [&hellip;]<\/p>\n","protected":false},"author":5,"featured_media":3189,"comment_status":"closed","ping_status":"closed","sticky":false,"template":"","format":"standard","meta":{"_et_pb_use_builder":"","_et_pb_old_content":"","_et_gb_content_width":"","footnotes":""},"categories":[],"tags":[],"yoast_head":"<!-- This site is optimized with the Yoast SEO plugin v23.0 - https:\/\/yoast.com\/wordpress\/plugins\/seo\/ -->\n<title>Un nouvel appel de projets pour le Fonds de d\u00e9veloppement des communaut\u00e9s - MRC of Vaudreuil-Soulanges<\/title>\n<meta name=\"robots\" content=\"index, follow, max-snippet:-1, max-image-preview:large, max-video-preview:-1\" \/>\n<link rel=\"canonical\" href=\"https:\/\/mrcvs.ca\/en\/un-nouvel-appel-de-projets-pour-le-fonds-de-developpement-des-communautes\/\" \/>\n<meta property=\"og:locale\" content=\"en_US\" \/>\n<meta property=\"og:type\" content=\"article\" \/>\n<meta property=\"og:title\" content=\"Un nouvel appel de projets pour le Fonds de d\u00e9veloppement des communaut\u00e9s - MRC of Vaudreuil-Soulanges\" \/>\n<meta property=\"og:description\" content=\"Pour faire suite au succ\u00e8s du Fonds de d\u00e9veloppement des communaut\u00e9s (FDC) 2017-2018, la MRC de Vaudreuil-Soulanges et D\u00e9veloppement Vaudreuil-Soulanges lancent un nouvel appel de projets. La derni\u00e8re mouture du Fonds de d\u00e9veloppement des communaut\u00e9s avait permis de soutenir une quinzaine de projets de municipalit\u00e9s, d\u2019organismes communautaires et de coop\u00e9ratives qui ont g\u00e9n\u00e9r\u00e9 plus de [&hellip;]\" \/>\n<meta property=\"og:url\" content=\"https:\/\/mrcvs.ca\/en\/un-nouvel-appel-de-projets-pour-le-fonds-de-developpement-des-communautes\/\" \/>\n<meta property=\"og:site_name\" content=\"MRC of Vaudreuil-Soulanges\" \/>\n<meta property=\"article:publisher\" content=\"https:\/\/www.facebook.com\/mrcvaudreuilsoulanges\/\" \/>\n<meta property=\"article:published_time\" content=\"2018-11-30T23:58:47+00:00\" \/>\n<meta property=\"og:image\" content=\"https:\/\/mrcvs.ca\/wp-content\/uploads\/2018\/10\/fdc_web.jpg\" \/>\n\t<meta property=\"og:image:width\" content=\"600\" \/>\n\t<meta property=\"og:image:height\" content=\"398\" \/>\n\t<meta property=\"og:image:type\" content=\"image\/jpeg\" \/>\n<meta name=\"author\" content=\"Marie-Eve Gingras-Gosselin\" \/>\n<meta name=\"twitter:card\" content=\"summary_large_image\" \/>\n<meta name=\"twitter:label1\" content=\"Written by\" \/>\n\t<meta name=\"twitter:data1\" content=\"Marie-Eve Gingras-Gosselin\" \/>\n\t<meta name=\"twitter:label2\" content=\"Est. reading time\" \/>\n\t<meta name=\"twitter:data2\" content=\"2 minutes\" \/>\n<script type=\"application\/ld+json\" class=\"yoast-schema-graph\">{\"@context\":\"https:\/\/schema.org\",\"@graph\":[{\"@type\":\"Article\",\"@id\":\"https:\/\/mrcvs.ca\/en\/un-nouvel-appel-de-projets-pour-le-fonds-de-developpement-des-communautes\/#article\",\"isPartOf\":{\"@id\":\"https:\/\/mrcvs.ca\/en\/un-nouvel-appel-de-projets-pour-le-fonds-de-developpement-des-communautes\/\"},\"author\":{\"name\":\"Marie-Eve Gingras-Gosselin\",\"@id\":\"https:\/\/mrcvs.ca\/#\/schema\/person\/8fd29c6e3cd29daca3de077a77e5e3d6\"},\"headline\":\"Un nouvel appel de projets pour le Fonds de d\u00e9veloppement des communaut\u00e9s\",\"datePublished\":\"2018-11-30T23:58:47+00:00\",\"dateModified\":\"2018-11-30T23:58:47+00:00\",\"mainEntityOfPage\":{\"@id\":\"https:\/\/mrcvs.ca\/en\/un-nouvel-appel-de-projets-pour-le-fonds-de-developpement-des-communautes\/\"},\"wordCount\":354,\"publisher\":{\"@id\":\"https:\/\/mrcvs.ca\/#organization\"},\"image\":{\"@id\":\"https:\/\/mrcvs.ca\/en\/un-nouvel-appel-de-projets-pour-le-fonds-de-developpement-des-communautes\/#primaryimage\"},\"thumbnailUrl\":\"https:\/\/mrcvs.ca\/wp-content\/uploads\/2018\/10\/fdc_web.jpg\",\"inLanguage\":\"en-US\"},{\"@type\":\"WebPage\",\"@id\":\"https:\/\/mrcvs.ca\/en\/un-nouvel-appel-de-projets-pour-le-fonds-de-developpement-des-communautes\/\",\"url\":\"https:\/\/mrcvs.ca\/en\/un-nouvel-appel-de-projets-pour-le-fonds-de-developpement-des-communautes\/\",\"name\":\"Un nouvel appel de projets pour le Fonds de d\u00e9veloppement des communaut\u00e9s - MRC of Vaudreuil-Soulanges\",\"isPartOf\":{\"@id\":\"https:\/\/mrcvs.ca\/#website\"},\"primaryImageOfPage\":{\"@id\":\"https:\/\/mrcvs.ca\/en\/un-nouvel-appel-de-projets-pour-le-fonds-de-developpement-des-communautes\/#primaryimage\"},\"image\":{\"@id\":\"https:\/\/mrcvs.ca\/en\/un-nouvel-appel-de-projets-pour-le-fonds-de-developpement-des-communautes\/#primaryimage\"},\"thumbnailUrl\":\"https:\/\/mrcvs.ca\/wp-content\/uploads\/2018\/10\/fdc_web.jpg\",\"datePublished\":\"2018-11-30T23:58:47+00:00\",\"dateModified\":\"2018-11-30T23:58:47+00:00\",\"breadcrumb\":{\"@id\":\"https:\/\/mrcvs.ca\/en\/un-nouvel-appel-de-projets-pour-le-fonds-de-developpement-des-communautes\/#breadcrumb\"},\"inLanguage\":\"en-US\",\"potentialAction\":[{\"@type\":\"ReadAction\",\"target\":[\"https:\/\/mrcvs.ca\/en\/un-nouvel-appel-de-projets-pour-le-fonds-de-developpement-des-communautes\/\"]}]},{\"@type\":\"ImageObject\",\"inLanguage\":\"en-US\",\"@id\":\"https:\/\/mrcvs.ca\/en\/un-nouvel-appel-de-projets-pour-le-fonds-de-developpement-des-communautes\/#primaryimage\",\"url\":\"https:\/\/mrcvs.ca\/wp-content\/uploads\/2018\/10\/fdc_web.jpg\",\"contentUrl\":\"https:\/\/mrcvs.ca\/wp-content\/uploads\/2018\/10\/fdc_web.jpg\",\"width\":600,\"height\":398},{\"@type\":\"BreadcrumbList\",\"@id\":\"https:\/\/mrcvs.ca\/en\/un-nouvel-appel-de-projets-pour-le-fonds-de-developpement-des-communautes\/#breadcrumb\",\"itemListElement\":[{\"@type\":\"ListItem\",\"position\":1,\"name\":\"Accueil\",\"item\":\"https:\/\/mrcvs.ca\/en\/\"},{\"@type\":\"ListItem\",\"position\":2,\"name\":\"Un nouvel appel de projets pour le Fonds de d\u00e9veloppement des communaut\u00e9s\"}]},{\"@type\":\"WebSite\",\"@id\":\"https:\/\/mrcvs.ca\/#website\",\"url\":\"https:\/\/mrcvs.ca\/\",\"name\":\"MRC de Vaudreuil-Soulanges\",\"description\":\"MRC of Vaudreuil-Soulanges \",\"publisher\":{\"@id\":\"https:\/\/mrcvs.ca\/#organization\"},\"potentialAction\":[{\"@type\":\"SearchAction\",\"target\":{\"@type\":\"EntryPoint\",\"urlTemplate\":\"https:\/\/mrcvs.ca\/?s={search_term_string}\"},\"query-input\":\"required name=search_term_string\"}],\"inLanguage\":\"en-US\"},{\"@type\":\"Organization\",\"@id\":\"https:\/\/mrcvs.ca\/#organization\",\"name\":\"MRC Vaudreuil-Soulanges\",\"url\":\"https:\/\/mrcvs.ca\/\",\"logo\":{\"@type\":\"ImageObject\",\"inLanguage\":\"en-US\",\"@id\":\"https:\/\/mrcvs.ca\/#\/schema\/logo\/image\/\",\"url\":\"https:\/\/mrcvs.ca\/wp-content\/uploads\/2018\/10\/MRC_VS_LOGO.png\",\"contentUrl\":\"https:\/\/mrcvs.ca\/wp-content\/uploads\/2018\/10\/MRC_VS_LOGO.png\",\"width\":1080,\"height\":460,\"caption\":\"MRC Vaudreuil-Soulanges\"},\"image\":{\"@id\":\"https:\/\/mrcvs.ca\/#\/schema\/logo\/image\/\"},\"sameAs\":[\"https:\/\/www.facebook.com\/mrcvaudreuilsoulanges\/\"]},{\"@type\":\"Person\",\"@id\":\"https:\/\/mrcvs.ca\/#\/schema\/person\/8fd29c6e3cd29daca3de077a77e5e3d6\",\"name\":\"Marie-Eve Gingras-Gosselin\",\"sameAs\":[\"https:\/\/mrcvs.ca\"]}]}<\/script>\n<!-- \/ Yoast SEO plugin. -->","yoast_head_json":{"title":"Un nouvel appel de projets pour le Fonds de d\u00e9veloppement des communaut\u00e9s - MRC of Vaudreuil-Soulanges","robots":{"index":"index","follow":"follow","max-snippet":"max-snippet:-1","max-image-preview":"max-image-preview:large","max-video-preview":"max-video-preview:-1"},"canonical":"https:\/\/mrcvs.ca\/en\/un-nouvel-appel-de-projets-pour-le-fonds-de-developpement-des-communautes\/","og_locale":"en_US","og_type":"article","og_title":"Un nouvel appel de projets pour le Fonds de d\u00e9veloppement des communaut\u00e9s - MRC of Vaudreuil-Soulanges","og_description":"Pour faire suite au succ\u00e8s du Fonds de d\u00e9veloppement des communaut\u00e9s (FDC) 2017-2018, la MRC de Vaudreuil-Soulanges et D\u00e9veloppement Vaudreuil-Soulanges lancent un nouvel appel de projets. La derni\u00e8re mouture du Fonds de d\u00e9veloppement des communaut\u00e9s avait permis de soutenir une quinzaine de projets de municipalit\u00e9s, d\u2019organismes communautaires et de coop\u00e9ratives qui ont g\u00e9n\u00e9r\u00e9 plus de [&hellip;]","og_url":"https:\/\/mrcvs.ca\/en\/un-nouvel-appel-de-projets-pour-le-fonds-de-developpement-des-communautes\/","og_site_name":"MRC of Vaudreuil-Soulanges","article_publisher":"https:\/\/www.facebook.com\/mrcvaudreuilsoulanges\/","article_published_time":"2018-11-30T23:58:47+00:00","og_image":[{"width":600,"height":398,"url":"https:\/\/mrcvs.ca\/wp-content\/uploads\/2018\/10\/fdc_web.jpg","type":"image\/jpeg"}],"author":"Marie-Eve Gingras-Gosselin","twitter_card":"summary_large_image","twitter_misc":{"Written by":"Marie-Eve Gingras-Gosselin","Est. reading time":"2 minutes"},"schema":{"@context":"https:\/\/schema.org","@graph":[{"@type":"Article","@id":"https:\/\/mrcvs.ca\/en\/un-nouvel-appel-de-projets-pour-le-fonds-de-developpement-des-communautes\/#article","isPartOf":{"@id":"https:\/\/mrcvs.ca\/en\/un-nouvel-appel-de-projets-pour-le-fonds-de-developpement-des-communautes\/"},"author":{"name":"Marie-Eve Gingras-Gosselin","@id":"https:\/\/mrcvs.ca\/#\/schema\/person\/8fd29c6e3cd29daca3de077a77e5e3d6"},"headline":"Un nouvel appel de projets pour le Fonds de d\u00e9veloppement des communaut\u00e9s","datePublished":"2018-11-30T23:58:47+00:00","dateModified":"2018-11-30T23:58:47+00:00","mainEntityOfPage":{"@id":"https:\/\/mrcvs.ca\/en\/un-nouvel-appel-de-projets-pour-le-fonds-de-developpement-des-communautes\/"},"wordCount":354,"publisher":{"@id":"https:\/\/mrcvs.ca\/#organization"},"image":{"@id":"https:\/\/mrcvs.ca\/en\/un-nouvel-appel-de-projets-pour-le-fonds-de-developpement-des-communautes\/#primaryimage"},"thumbnailUrl":"https:\/\/mrcvs.ca\/wp-content\/uploads\/2018\/10\/fdc_web.jpg","inLanguage":"en-US"},{"@type":"WebPage","@id":"https:\/\/mrcvs.ca\/en\/un-nouvel-appel-de-projets-pour-le-fonds-de-developpement-des-communautes\/","url":"https:\/\/mrcvs.ca\/en\/un-nouvel-appel-de-projets-pour-le-fonds-de-developpement-des-communautes\/","name":"Un nouvel appel de projets pour le Fonds de d\u00e9veloppement des communaut\u00e9s - MRC of Vaudreuil-Soulanges","isPartOf":{"@id":"https:\/\/mrcvs.ca\/#website"},"primaryImageOfPage":{"@id":"https:\/\/mrcvs.ca\/en\/un-nouvel-appel-de-projets-pour-le-fonds-de-developpement-des-communautes\/#primaryimage"},"image":{"@id":"https:\/\/mrcvs.ca\/en\/un-nouvel-appel-de-projets-pour-le-fonds-de-developpement-des-communautes\/#primaryimage"},"thumbnailUrl":"https:\/\/mrcvs.ca\/wp-content\/uploads\/2018\/10\/fdc_web.jpg","datePublished":"2018-11-30T23:58:47+00:00","dateModified":"2018-11-30T23:58:47+00:00","breadcrumb":{"@id":"https:\/\/mrcvs.ca\/en\/un-nouvel-appel-de-projets-pour-le-fonds-de-developpement-des-communautes\/#breadcrumb"},"inLanguage":"en-US","potentialAction":[{"@type":"ReadAction","target":["https:\/\/mrcvs.ca\/en\/un-nouvel-appel-de-projets-pour-le-fonds-de-developpement-des-communautes\/"]}]},{"@type":"ImageObject","inLanguage":"en-US","@id":"https:\/\/mrcvs.ca\/en\/un-nouvel-appel-de-projets-pour-le-fonds-de-developpement-des-communautes\/#primaryimage","url":"https:\/\/mrcvs.ca\/wp-content\/uploads\/2018\/10\/fdc_web.jpg","contentUrl":"https:\/\/mrcvs.ca\/wp-content\/uploads\/2018\/10\/fdc_web.jpg","width":600,"height":398},{"@type":"BreadcrumbList","@id":"https:\/\/mrcvs.ca\/en\/un-nouvel-appel-de-projets-pour-le-fonds-de-developpement-des-communautes\/#breadcrumb","itemListElement":[{"@type":"ListItem","position":1,"name":"Accueil","item":"https:\/\/mrcvs.ca\/en\/"},{"@type":"ListItem","position":2,"name":"Un nouvel appel de projets pour le Fonds de d\u00e9veloppement des communaut\u00e9s"}]},{"@type":"WebSite","@id":"https:\/\/mrcvs.ca\/#website","url":"https:\/\/mrcvs.ca\/","name":"MRC de Vaudreuil-Soulanges","description":"MRC of Vaudreuil-Soulanges ","publisher":{"@id":"https:\/\/mrcvs.ca\/#organization"},"potentialAction":[{"@type":"SearchAction","target":{"@type":"EntryPoint","urlTemplate":"https:\/\/mrcvs.ca\/?s={search_term_string}"},"query-input":"required name=search_term_string"}],"inLanguage":"en-US"},{"@type":"Organization","@id":"https:\/\/mrcvs.ca\/#organization","name":"MRC Vaudreuil-Soulanges","url":"https:\/\/mrcvs.ca\/","logo":{"@type":"ImageObject","inLanguage":"en-US","@id":"https:\/\/mrcvs.ca\/#\/schema\/logo\/image\/","url":"https:\/\/mrcvs.ca\/wp-content\/uploads\/2018\/10\/MRC_VS_LOGO.png","contentUrl":"https:\/\/mrcvs.ca\/wp-content\/uploads\/2018\/10\/MRC_VS_LOGO.png","width":1080,"height":460,"caption":"MRC Vaudreuil-Soulanges"},"image":{"@id":"https:\/\/mrcvs.ca\/#\/schema\/logo\/image\/"},"sameAs":["https:\/\/www.facebook.com\/mrcvaudreuilsoulanges\/"]},{"@type":"Person","@id":"https:\/\/mrcvs.ca\/#\/schema\/person\/8fd29c6e3cd29daca3de077a77e5e3d6","name":"Marie-Eve Gingras-Gosselin","sameAs":["https:\/\/mrcvs.ca"]}]}},"_links":{"self":[{"href":"https:\/\/mrcvs.ca\/en\/wp-json\/wp\/v2\/posts\/5370"}],"collection":[{"href":"https:\/\/mrcvs.ca\/en\/wp-json\/wp\/v2\/posts"}],"about":[{"href":"https:\/\/mrcvs.ca\/en\/wp-json\/wp\/v2\/types\/post"}],"author":[{"embeddable":true,"href":"https:\/\/mrcvs.ca\/en\/wp-json\/wp\/v2\/users\/5"}],"replies":[{"embeddable":true,"href":"https:\/\/mrcvs.ca\/en\/wp-json\/wp\/v2\/comments?post=5370"}],"version-history":[{"count":0,"href":"https:\/\/mrcvs.ca\/en\/wp-json\/wp\/v2\/posts\/5370\/revisions"}],"wp:featuredmedia":[{"embeddable":true,"href":"https:\/\/mrcvs.ca\/en\/wp-json\/wp\/v2\/media\/3189"}],"wp:attachment":[{"href":"https:\/\/mrcvs.ca\/en\/wp-json\/wp\/v2\/media?parent=5370"}],"wp:term":[{"taxonomy":"category","embeddable":true,"href":"https:\/\/mrcvs.ca\/en\/wp-json\/wp\/v2\/categories?post=5370"},{"taxonomy":"post_tag","embeddable":true,"href":"https:\/\/mrcvs.ca\/en\/wp-json\/wp\/v2\/tags?post=5370"}],"curies":[{"name":"wp","href":"https:\/\/api.w.org\/{rel}","templated":true}]}}