{"id":29695,"date":"2026-03-16T08:53:59","date_gmt":"2026-03-16T12:53:59","guid":{"rendered":"https:\/\/mrcvs.ca\/les-seances-du-conseil-de-la-mrc-de-vaudreuil-soulanges-debuteront-desormais-a-19-h\/"},"modified":"2026-03-16T08:53:59","modified_gmt":"2026-03-16T12:53:59","slug":"les-seances-du-conseil-de-la-mrc-de-vaudreuil-soulanges-debuteront-desormais-a-19-h","status":"publish","type":"post","link":"https:\/\/mrcvs.ca\/en\/les-seances-du-conseil-de-la-mrc-de-vaudreuil-soulanges-debuteront-desormais-a-19-h\/","title":{"rendered":"Les s\u00e9ances du conseil de la MRC de Vaudreuil-Soulanges d\u00e9buteront d\u00e9sormais \u00e0 19 h"},"content":{"rendered":"<p><strong>Vaudreuil-Dorion, le 16<\/strong><strong>\u00a0<\/strong><strong>mars 2026<\/strong> \u2013 La MRC de Vaudreuil-Soulanges informe la population d\u2019un changement \u00e0 l\u2019horaire de ses s\u00e9ances du conseil pour l\u2019ann\u00e9e 2026. \u00c0 compter du mercredi 18 mars 2026, les s\u00e9ances du conseil d\u00e9buteront \u00e0 19 h plut\u00f4t qu\u2019\u00e0 19\u00a0h\u00a030.<\/p>\n<p>Les personnes souhaitant assister aux s\u00e9ances sont invit\u00e9es \u00e0 se pr\u00e9senter au 280, boulevard Harwood, \u00e0 Vaudreuil-Dorion selon le <a href=\"https:\/\/mrcvs.ca\/wp-content\/uploads\/2026\/02\/Calendrier-CA-et-conseil-2026-19h.pdf\">calendrier<\/a>.<\/p>\n<p>Les ordres du jour sont d\u00e9pos\u00e9s sur le site Web de la MRC le lundi pr\u00e9c\u00e9dant chaque s\u00e9ance. Les ordres du jour ainsi que les proc\u00e8s-verbaux des s\u00e9ances peuvent \u00eatre consult\u00e9s au lien suivant\u00a0: <a href=\"https:\/\/mrcvs.ca\/en\/reference-documents\/proces-verbaux-des-seances-du-conseil\/\">https:\/\/mrcvs.ca\/documents-de-reference\/odj-pv-conseil\/<\/a>.<\/p>\n<p><strong>\u00c0 propos de la MRC de Vaudreuil-Soulanges<\/strong><br \/>\nLa MRC de Vaudreuil-Soulanges regroupe les 23 municipalit\u00e9s de son territoire de 855 km\u00b2, qui s\u2019\u00e9tend de l\u2019\u00eele Perrot jusqu\u2019\u00e0 la fronti\u00e8re ontarienne. Sous la direction politique de son pr\u00e9fet, M. Patrick Bousez, la mission de la MRC vise la concertation, la planification ainsi que la gestion de l\u2019am\u00e9nagement et du d\u00e9veloppement de son territoire selon les principes de d\u00e9veloppement durable. Son r\u00f4le de chef de file et de rassembleur aupr\u00e8s des principaux intervenants du territoire facilite la coordination d\u2019actions r\u00e9gionales selon quatre sph\u00e8res : la planification, le d\u00e9veloppement, les services aux municipalit\u00e9s et les services aux citoyens. Les ma\u00eetres-mots de la MRC sont planifier, concerter et agir. Pour plus d\u2019information, visitez le www.mrcvs.ca.<\/p>\n","protected":false},"excerpt":{"rendered":"<p>Vaudreuil-Dorion, le 16\u00a0mars 2026 \u2013 La MRC de Vaudreuil-Soulanges informe la population d\u2019un changement \u00e0 l\u2019horaire de ses s\u00e9ances du conseil pour l\u2019ann\u00e9e 2026. \u00c0 compter du mercredi 18 mars 2026, les s\u00e9ances du conseil d\u00e9buteront \u00e0 19 h plut\u00f4t qu\u2019\u00e0 19\u00a0h\u00a030. Les personnes souhaitant assister aux s\u00e9ances sont invit\u00e9es \u00e0 se pr\u00e9senter au 280, [&hellip;]<\/p>\n","protected":false},"author":5,"featured_media":29694,"comment_status":"closed","ping_status":"closed","sticky":false,"template":"","format":"standard","meta":{"_et_pb_use_builder":"","_et_pb_old_content":"","_et_gb_content_width":"","footnotes":""},"categories":[44,45],"tags":[],"yoast_head":"<!-- This site is optimized with the Yoast SEO plugin v23.0 - https:\/\/yoast.com\/wordpress\/plugins\/seo\/ -->\n<title>Les s\u00e9ances du conseil de la MRC de Vaudreuil-Soulanges d\u00e9buteront d\u00e9sormais \u00e0 19 h - MRC of Vaudreuil-Soulanges<\/title>\n<meta name=\"robots\" content=\"index, follow, max-snippet:-1, max-image-preview:large, max-video-preview:-1\" \/>\n<link rel=\"canonical\" href=\"https:\/\/mrcvs.ca\/seances-du-conseil-19h\/\" \/>\n<meta property=\"og:locale\" content=\"en_US\" \/>\n<meta property=\"og:type\" content=\"article\" \/>\n<meta property=\"og:title\" content=\"Les s\u00e9ances du conseil de la MRC de Vaudreuil-Soulanges d\u00e9buteront d\u00e9sormais \u00e0 19 h - MRC of Vaudreuil-Soulanges\" \/>\n<meta property=\"og:description\" content=\"Vaudreuil-Dorion, le 16\u00a0mars 2026 \u2013 La MRC de Vaudreuil-Soulanges informe la population d\u2019un changement \u00e0 l\u2019horaire de ses s\u00e9ances du conseil pour l\u2019ann\u00e9e 2026. \u00c0 compter du mercredi 18 mars 2026, les s\u00e9ances du conseil d\u00e9buteront \u00e0 19 h plut\u00f4t qu\u2019\u00e0 19\u00a0h\u00a030. Les personnes souhaitant assister aux s\u00e9ances sont invit\u00e9es \u00e0 se pr\u00e9senter au 280, [&hellip;]\" \/>\n<meta property=\"og:url\" content=\"https:\/\/mrcvs.ca\/seances-du-conseil-19h\/\" \/>\n<meta property=\"og:site_name\" content=\"MRC of Vaudreuil-Soulanges\" \/>\n<meta property=\"article:publisher\" content=\"https:\/\/www.facebook.com\/mrcvaudreuilsoulanges\/\" \/>\n<meta property=\"article:published_time\" content=\"2026-03-16T12:53:59+00:00\" \/>\n<meta property=\"og:image\" content=\"https:\/\/mrcvs.ca\/wp-content\/uploads\/2026\/03\/Horaire-Conseil.jpg\" \/>\n\t<meta property=\"og:image:width\" content=\"2400\" \/>\n\t<meta property=\"og:image:height\" content=\"1260\" \/>\n\t<meta property=\"og:image:type\" content=\"image\/jpeg\" \/>\n<meta name=\"author\" content=\"Marie-Eve Gingras-Gosselin\" \/>\n<meta name=\"twitter:card\" content=\"summary_large_image\" \/>\n<meta name=\"twitter:label1\" content=\"Written by\" \/>\n\t<meta name=\"twitter:data1\" content=\"Marie-Eve Gingras-Gosselin\" \/>\n\t<meta name=\"twitter:label2\" content=\"Est. reading time\" \/>\n\t<meta name=\"twitter:data2\" content=\"1 minute\" \/>\n<script type=\"application\/ld+json\" class=\"yoast-schema-graph\">{\"@context\":\"https:\/\/schema.org\",\"@graph\":[{\"@type\":\"Article\",\"@id\":\"https:\/\/mrcvs.ca\/seances-du-conseil-19h\/#article\",\"isPartOf\":{\"@id\":\"https:\/\/mrcvs.ca\/seances-du-conseil-19h\/\"},\"author\":{\"name\":\"Marie-Eve Gingras-Gosselin\",\"@id\":\"https:\/\/mrcvs.ca\/#\/schema\/person\/8fd29c6e3cd29daca3de077a77e5e3d6\"},\"headline\":\"Les s\u00e9ances du conseil de la MRC de Vaudreuil-Soulanges d\u00e9buteront d\u00e9sormais \u00e0 19 h\",\"datePublished\":\"2026-03-16T12:53:59+00:00\",\"dateModified\":\"2026-03-16T12:53:59+00:00\",\"mainEntityOfPage\":{\"@id\":\"https:\/\/mrcvs.ca\/seances-du-conseil-19h\/\"},\"wordCount\":260,\"publisher\":{\"@id\":\"https:\/\/mrcvs.ca\/#organization\"},\"image\":{\"@id\":\"https:\/\/mrcvs.ca\/seances-du-conseil-19h\/#primaryimage\"},\"thumbnailUrl\":\"https:\/\/mrcvs.ca\/wp-content\/uploads\/2026\/03\/Horaire-Conseil.jpg\",\"articleSection\":[\"Citizens\",\"Municipalities\"],\"inLanguage\":\"en-US\"},{\"@type\":\"WebPage\",\"@id\":\"https:\/\/mrcvs.ca\/seances-du-conseil-19h\/\",\"url\":\"https:\/\/mrcvs.ca\/seances-du-conseil-19h\/\",\"name\":\"Les s\u00e9ances du conseil de la MRC de Vaudreuil-Soulanges d\u00e9buteront d\u00e9sormais \u00e0 19 h - MRC of Vaudreuil-Soulanges\",\"isPartOf\":{\"@id\":\"https:\/\/mrcvs.ca\/#website\"},\"primaryImageOfPage\":{\"@id\":\"https:\/\/mrcvs.ca\/seances-du-conseil-19h\/#primaryimage\"},\"image\":{\"@id\":\"https:\/\/mrcvs.ca\/seances-du-conseil-19h\/#primaryimage\"},\"thumbnailUrl\":\"https:\/\/mrcvs.ca\/wp-content\/uploads\/2026\/03\/Horaire-Conseil.jpg\",\"datePublished\":\"2026-03-16T12:53:59+00:00\",\"dateModified\":\"2026-03-16T12:53:59+00:00\",\"breadcrumb\":{\"@id\":\"https:\/\/mrcvs.ca\/seances-du-conseil-19h\/#breadcrumb\"},\"inLanguage\":\"en-US\",\"potentialAction\":[{\"@type\":\"ReadAction\",\"target\":[\"https:\/\/mrcvs.ca\/seances-du-conseil-19h\/\"]}]},{\"@type\":\"ImageObject\",\"inLanguage\":\"en-US\",\"@id\":\"https:\/\/mrcvs.ca\/seances-du-conseil-19h\/#primaryimage\",\"url\":\"https:\/\/mrcvs.ca\/wp-content\/uploads\/2026\/03\/Horaire-Conseil.jpg\",\"contentUrl\":\"https:\/\/mrcvs.ca\/wp-content\/uploads\/2026\/03\/Horaire-Conseil.jpg\",\"width\":2400,\"height\":1260},{\"@type\":\"BreadcrumbList\",\"@id\":\"https:\/\/mrcvs.ca\/seances-du-conseil-19h\/#breadcrumb\",\"itemListElement\":[{\"@type\":\"ListItem\",\"position\":1,\"name\":\"Accueil\",\"item\":\"https:\/\/mrcvs.ca\/en\/\"},{\"@type\":\"ListItem\",\"position\":2,\"name\":\"Les s\u00e9ances du conseil de la MRC de Vaudreuil-Soulanges d\u00e9buteront d\u00e9sormais \u00e0 19 h\"}]},{\"@type\":\"WebSite\",\"@id\":\"https:\/\/mrcvs.ca\/#website\",\"url\":\"https:\/\/mrcvs.ca\/\",\"name\":\"MRC de Vaudreuil-Soulanges\",\"description\":\"MRC of Vaudreuil-Soulanges \",\"publisher\":{\"@id\":\"https:\/\/mrcvs.ca\/#organization\"},\"potentialAction\":[{\"@type\":\"SearchAction\",\"target\":{\"@type\":\"EntryPoint\",\"urlTemplate\":\"https:\/\/mrcvs.ca\/?s={search_term_string}\"},\"query-input\":\"required name=search_term_string\"}],\"inLanguage\":\"en-US\"},{\"@type\":\"Organization\",\"@id\":\"https:\/\/mrcvs.ca\/#organization\",\"name\":\"MRC Vaudreuil-Soulanges\",\"url\":\"https:\/\/mrcvs.ca\/\",\"logo\":{\"@type\":\"ImageObject\",\"inLanguage\":\"en-US\",\"@id\":\"https:\/\/mrcvs.ca\/#\/schema\/logo\/image\/\",\"url\":\"https:\/\/mrcvs.ca\/wp-content\/uploads\/2018\/10\/MRC_VS_LOGO.png\",\"contentUrl\":\"https:\/\/mrcvs.ca\/wp-content\/uploads\/2018\/10\/MRC_VS_LOGO.png\",\"width\":1080,\"height\":460,\"caption\":\"MRC Vaudreuil-Soulanges\"},\"image\":{\"@id\":\"https:\/\/mrcvs.ca\/#\/schema\/logo\/image\/\"},\"sameAs\":[\"https:\/\/www.facebook.com\/mrcvaudreuilsoulanges\/\"]},{\"@type\":\"Person\",\"@id\":\"https:\/\/mrcvs.ca\/#\/schema\/person\/8fd29c6e3cd29daca3de077a77e5e3d6\",\"name\":\"Marie-Eve Gingras-Gosselin\",\"sameAs\":[\"https:\/\/mrcvs.ca\"]}]}<\/script>\n<!-- \/ Yoast SEO plugin. -->","yoast_head_json":{"title":"Les s\u00e9ances du conseil de la MRC de Vaudreuil-Soulanges d\u00e9buteront d\u00e9sormais \u00e0 19 h - MRC of Vaudreuil-Soulanges","robots":{"index":"index","follow":"follow","max-snippet":"max-snippet:-1","max-image-preview":"max-image-preview:large","max-video-preview":"max-video-preview:-1"},"canonical":"https:\/\/mrcvs.ca\/seances-du-conseil-19h\/","og_locale":"en_US","og_type":"article","og_title":"Les s\u00e9ances du conseil de la MRC de Vaudreuil-Soulanges d\u00e9buteront d\u00e9sormais \u00e0 19 h - MRC of Vaudreuil-Soulanges","og_description":"Vaudreuil-Dorion, le 16\u00a0mars 2026 \u2013 La MRC de Vaudreuil-Soulanges informe la population d\u2019un changement \u00e0 l\u2019horaire de ses s\u00e9ances du conseil pour l\u2019ann\u00e9e 2026. \u00c0 compter du mercredi 18 mars 2026, les s\u00e9ances du conseil d\u00e9buteront \u00e0 19 h plut\u00f4t qu\u2019\u00e0 19\u00a0h\u00a030. Les personnes souhaitant assister aux s\u00e9ances sont invit\u00e9es \u00e0 se pr\u00e9senter au 280, [&hellip;]","og_url":"https:\/\/mrcvs.ca\/seances-du-conseil-19h\/","og_site_name":"MRC of Vaudreuil-Soulanges","article_publisher":"https:\/\/www.facebook.com\/mrcvaudreuilsoulanges\/","article_published_time":"2026-03-16T12:53:59+00:00","og_image":[{"width":2400,"height":1260,"url":"https:\/\/mrcvs.ca\/wp-content\/uploads\/2026\/03\/Horaire-Conseil.jpg","type":"image\/jpeg"}],"author":"Marie-Eve Gingras-Gosselin","twitter_card":"summary_large_image","twitter_misc":{"Written by":"Marie-Eve Gingras-Gosselin","Est. reading time":"1 minute"},"schema":{"@context":"https:\/\/schema.org","@graph":[{"@type":"Article","@id":"https:\/\/mrcvs.ca\/seances-du-conseil-19h\/#article","isPartOf":{"@id":"https:\/\/mrcvs.ca\/seances-du-conseil-19h\/"},"author":{"name":"Marie-Eve Gingras-Gosselin","@id":"https:\/\/mrcvs.ca\/#\/schema\/person\/8fd29c6e3cd29daca3de077a77e5e3d6"},"headline":"Les s\u00e9ances du conseil de la MRC de Vaudreuil-Soulanges d\u00e9buteront d\u00e9sormais \u00e0 19 h","datePublished":"2026-03-16T12:53:59+00:00","dateModified":"2026-03-16T12:53:59+00:00","mainEntityOfPage":{"@id":"https:\/\/mrcvs.ca\/seances-du-conseil-19h\/"},"wordCount":260,"publisher":{"@id":"https:\/\/mrcvs.ca\/#organization"},"image":{"@id":"https:\/\/mrcvs.ca\/seances-du-conseil-19h\/#primaryimage"},"thumbnailUrl":"https:\/\/mrcvs.ca\/wp-content\/uploads\/2026\/03\/Horaire-Conseil.jpg","articleSection":["Citizens","Municipalities"],"inLanguage":"en-US"},{"@type":"WebPage","@id":"https:\/\/mrcvs.ca\/seances-du-conseil-19h\/","url":"https:\/\/mrcvs.ca\/seances-du-conseil-19h\/","name":"Les s\u00e9ances du conseil de la MRC de Vaudreuil-Soulanges d\u00e9buteront d\u00e9sormais \u00e0 19 h - MRC of Vaudreuil-Soulanges","isPartOf":{"@id":"https:\/\/mrcvs.ca\/#website"},"primaryImageOfPage":{"@id":"https:\/\/mrcvs.ca\/seances-du-conseil-19h\/#primaryimage"},"image":{"@id":"https:\/\/mrcvs.ca\/seances-du-conseil-19h\/#primaryimage"},"thumbnailUrl":"https:\/\/mrcvs.ca\/wp-content\/uploads\/2026\/03\/Horaire-Conseil.jpg","datePublished":"2026-03-16T12:53:59+00:00","dateModified":"2026-03-16T12:53:59+00:00","breadcrumb":{"@id":"https:\/\/mrcvs.ca\/seances-du-conseil-19h\/#breadcrumb"},"inLanguage":"en-US","potentialAction":[{"@type":"ReadAction","target":["https:\/\/mrcvs.ca\/seances-du-conseil-19h\/"]}]},{"@type":"ImageObject","inLanguage":"en-US","@id":"https:\/\/mrcvs.ca\/seances-du-conseil-19h\/#primaryimage","url":"https:\/\/mrcvs.ca\/wp-content\/uploads\/2026\/03\/Horaire-Conseil.jpg","contentUrl":"https:\/\/mrcvs.ca\/wp-content\/uploads\/2026\/03\/Horaire-Conseil.jpg","width":2400,"height":1260},{"@type":"BreadcrumbList","@id":"https:\/\/mrcvs.ca\/seances-du-conseil-19h\/#breadcrumb","itemListElement":[{"@type":"ListItem","position":1,"name":"Accueil","item":"https:\/\/mrcvs.ca\/en\/"},{"@type":"ListItem","position":2,"name":"Les s\u00e9ances du conseil de la MRC de Vaudreuil-Soulanges d\u00e9buteront d\u00e9sormais \u00e0 19 h"}]},{"@type":"WebSite","@id":"https:\/\/mrcvs.ca\/#website","url":"https:\/\/mrcvs.ca\/","name":"MRC de Vaudreuil-Soulanges","description":"MRC of Vaudreuil-Soulanges ","publisher":{"@id":"https:\/\/mrcvs.ca\/#organization"},"potentialAction":[{"@type":"SearchAction","target":{"@type":"EntryPoint","urlTemplate":"https:\/\/mrcvs.ca\/?s={search_term_string}"},"query-input":"required name=search_term_string"}],"inLanguage":"en-US"},{"@type":"Organization","@id":"https:\/\/mrcvs.ca\/#organization","name":"MRC Vaudreuil-Soulanges","url":"https:\/\/mrcvs.ca\/","logo":{"@type":"ImageObject","inLanguage":"en-US","@id":"https:\/\/mrcvs.ca\/#\/schema\/logo\/image\/","url":"https:\/\/mrcvs.ca\/wp-content\/uploads\/2018\/10\/MRC_VS_LOGO.png","contentUrl":"https:\/\/mrcvs.ca\/wp-content\/uploads\/2018\/10\/MRC_VS_LOGO.png","width":1080,"height":460,"caption":"MRC Vaudreuil-Soulanges"},"image":{"@id":"https:\/\/mrcvs.ca\/#\/schema\/logo\/image\/"},"sameAs":["https:\/\/www.facebook.com\/mrcvaudreuilsoulanges\/"]},{"@type":"Person","@id":"https:\/\/mrcvs.ca\/#\/schema\/person\/8fd29c6e3cd29daca3de077a77e5e3d6","name":"Marie-Eve Gingras-Gosselin","sameAs":["https:\/\/mrcvs.ca"]}]}},"_links":{"self":[{"href":"https:\/\/mrcvs.ca\/en\/wp-json\/wp\/v2\/posts\/29695"}],"collection":[{"href":"https:\/\/mrcvs.ca\/en\/wp-json\/wp\/v2\/posts"}],"about":[{"href":"https:\/\/mrcvs.ca\/en\/wp-json\/wp\/v2\/types\/post"}],"author":[{"embeddable":true,"href":"https:\/\/mrcvs.ca\/en\/wp-json\/wp\/v2\/users\/5"}],"replies":[{"embeddable":true,"href":"https:\/\/mrcvs.ca\/en\/wp-json\/wp\/v2\/comments?post=29695"}],"version-history":[{"count":0,"href":"https:\/\/mrcvs.ca\/en\/wp-json\/wp\/v2\/posts\/29695\/revisions"}],"wp:featuredmedia":[{"embeddable":true,"href":"https:\/\/mrcvs.ca\/en\/wp-json\/wp\/v2\/media\/29694"}],"wp:attachment":[{"href":"https:\/\/mrcvs.ca\/en\/wp-json\/wp\/v2\/media?parent=29695"}],"wp:term":[{"taxonomy":"category","embeddable":true,"href":"https:\/\/mrcvs.ca\/en\/wp-json\/wp\/v2\/categories?post=29695"},{"taxonomy":"post_tag","embeddable":true,"href":"https:\/\/mrcvs.ca\/en\/wp-json\/wp\/v2\/tags?post=29695"}],"curies":[{"name":"wp","href":"https:\/\/api.w.org\/{rel}","templated":true}]}}