{"id":29600,"date":"2026-03-10T16:21:14","date_gmt":"2026-03-10T20:21:14","guid":{"rendered":"https:\/\/mrcvs.ca\/alerte-meteo-fermeture-des-bureaux\/"},"modified":"2026-03-10T16:21:14","modified_gmt":"2026-03-10T20:21:14","slug":"alerte-meteo-fermeture-des-bureaux","status":"publish","type":"post","link":"https:\/\/mrcvs.ca\/en\/alerte-meteo-fermeture-des-bureaux\/","title":{"rendered":"Alerte m\u00e9t\u00e9o | Fermeture des bureaux"},"content":{"rendered":"<p><span data-teams=\"true\">Un \u00e9pisode de pluie vergla\u00e7ante est pr\u00e9vu dans la r\u00e9gion le mercredi 11 mars. Ces conditions pourraient rendre les routes, trottoirs et entr\u00e9es tr\u00e8s glissants et provoquer des pannes de courant \u00e0 certains endroits.<\/span><\/p>\n<p>En raison des conditions m\u00e9t\u00e9orologiques annonc\u00e9es, les bureaux de la MRC de Vaudreuil-Soulanges et de la cour municipale r\u00e9gionale seront \ud835\uddf2\ud835\ude05\ud835\uddf0\ud835\uddf2\ud835\uddfd\ud835\ude01\ud835\uddf6\ud835\uddfc\ud835\uddfb\ud835\uddfb\ud835\uddf2\ud835\uddf9\ud835\uddf9\ud835\uddf2\ud835\uddfa\ud835\uddf2\ud835\uddfb\ud835\ude01 \ud835\uddf3\ud835\uddf2\ud835\uddff\ud835\uddfa\ud835\uddf2\u0301\ud835\ude00 \ud835\uddf9\ud835\uddf2 \ud835\uddfa\ud835\uddf2\ud835\uddff\ud835\uddf0\ud835\uddff\ud835\uddf2\ud835\uddf1\ud835\uddf6 \ud835\udfed\ud835\udfed \ud835\uddfa\ud835\uddee\ud835\uddff\ud835\ude00 \ud835\udfee\ud835\udfec\ud835\udfee\ud835\udff2. Les membres du personnel demeurent toutefois disponibles par t\u00e9l\u00e9phone et par courriel.<\/p>\n<p>Afin de pouvoir \u00eatre bien pr\u00e9par\u00e9 \u00e0 la situation, voici quelques conseils de pr\u00e9vention :<\/p>\n<p>\ud835\uddd6\ud835\uddee\ud835\uddff\ud835\uddef\ud835\ude02\ud835\uddff\ud835\uddee\ud835\uddfb\ud835\ude01<br \/>\nNous vous recommandons de faire le plein de votre v\u00e9hicule ou de charger votre v\u00e9hicule \u00e9lectrique avant l\u2019arriv\u00e9e du syst\u00e8me m\u00e9t\u00e9orologique.<\/p>\n<p>\ud835\udde7\ud835\uddf2\u0301\ud835\uddf9\ud835\uddf2\u0301\ud835\uddfd\ud835\uddf5\ud835\uddfc\ud835\uddfb\ud835\uddf2\ud835\ude00 \ud835\uddf2\ud835\ude01 \ud835\uddee\ud835\uddfd\ud835\uddfd\ud835\uddee\ud835\uddff\ud835\uddf2\ud835\uddf6\ud835\uddf9\ud835\ude00 \ud835\uddf2\u0301\ud835\uddf9\ud835\uddf2\ud835\uddf0\ud835\ude01\ud835\uddff\ud835\uddfc\ud835\uddfb\ud835\uddf6\ud835\uddfe\ud835\ude02\ud835\uddf2\ud835\ude00<br \/>\nPensez \u00e0 charger vos t\u00e9l\u00e9phones, tablettes et ordinateurs afin d\u2019\u00eatre pr\u00eat en cas de panne de courant.<\/p>\n<p>\ud835\udde7\ud835\uddff\ud835\uddfc\ud835\ude02\ud835\ude00\ud835\ude00\ud835\uddf2 \ud835\uddf1\u2019\ud835\ude02\ud835\uddff\ud835\uddf4\ud835\uddf2\ud835\uddfb\ud835\uddf0\ud835\uddf2 \ud835\udff3\ud835\udfee \ud835\uddf5<br \/>\nAssurez-vous d\u2019avoir une trousse d\u2019urgence pour \u00eatre autonome pendant au moins 72 heures <span data-teams=\"true\">comprenant notamment :<br \/>\n&#8211; Lampe de poche et piles de rechange<br \/>\n&#8211; Eau potable et nourriture non p\u00e9rissable<br \/>\n&#8211; Couvertures chaudes<br \/>\n&#8211; Chargeur portable pour t\u00e9l\u00e9phone<br \/>\n&#8211; M\u00e9dicaments essentiels<br \/>\nConsultez la liste des essentiels ici :\u00a0<a id=\"menur346\" class=\"fui-Link ___1q1shib f2hkw1w f3rmtva f1ewtqcl fyind8e f1k6fduh f1w7gpdv fk6fouc fjoy568 figsok6 f1s184ao f1mk8lai fnbmjn9 f1o700av f13mvf36 f1cmlufx f9n3di6 f1ids18y f1tx3yz7 f1deo86v f1eh06m1 f1iescvh fhgqx19 f1olyrje f1p93eir f1nev41a f1h8hb77 f1lqvz6u f10aw75t fsle3fq f17ae5zn\" title=\"https:\/\/www.canada.ca\/...\/protection\/preparez-vous.html\" href=\"https:\/\/www.canada.ca\/...\/protection\/preparez-vous.html\" target=\"_blank\" rel=\"noreferrer noopener\" aria-label=\"Lien https:\/\/www.canada.ca\/...\/protection\/preparez-vous.html\">https:\/\/www.canada.ca\/&#8230;\/protection\/preparez-vous.html<\/a><\/p>\n<p><\/span>\ud835\udde3\ud835\uddee\ud835\uddfb\ud835\uddfb\ud835\uddf2\ud835\ude00 \ud835\uddf1\ud835\uddf2 \ud835\uddf0\ud835\uddfc\ud835\ude02\ud835\uddff\ud835\uddee\ud835\uddfb\ud835\ude01<br \/>\nConsultez l\u2019outil Info-Pannes d\u2019Hydro-Qu\u00e9bec pour suivre la situation en cas de panne. Une application mobile est \u00e9galement disponible.<br \/>\n<a href=\"https:\/\/infopannes.solutions.hydroquebec.com\/info-pannes?fbclid=IwZXh0bgNhZW0CMTAAYnJpZBExQ2FXeHUzZjBFRFlPUjg1d3NydGMGYXBwX2lkEDIyMjAzOTE3ODgyMDA4OTIAAR6XT33uMWtMS6Tr_yd7b9XZpReXXQSTYoVTY60MsN_VL_t6Nuwu6RUSIOUn_Q_aem_XqXX7MCAnOcBgBE7L-LIcA\" target=\"_blank\" rel=\"noopener\"><strong>https:\/\/infopannes.solutions.hydroquebec.com\/info-pannes<\/strong><\/a><\/p>\n<p>\ud835\uddd6\ud835\uddfc\ud835\uddfb\ud835\ude00\ud835\uddf6\ud835\uddf4\ud835\uddfb\ud835\uddf2\ud835\ude00 \ud835\uddf1\ud835\uddf2 \ud835\ude00\ud835\uddf2\u0301\ud835\uddf0\ud835\ude02\ud835\uddff\ud835\uddf6\ud835\ude01\ud835\uddf2\u0301<br \/>\nInformez-vous sur les mesures de s\u00e9curit\u00e9 \u00e0 adopter lors d\u2019une temp\u00eate hivernale ou d\u2019un \u00e9pisode de pluie vergla\u00e7ante.<\/p>\n<p>Consulter les alertes m\u00e9t\u00e9orologiques<br \/>\n<a href=\"https:\/\/www.meteomedia.com\/fr?fbclid=IwZXh0bgNhZW0CMTAAYnJpZBExQ2FXeHUzZjBFRFlPUjg1d3NydGMGYXBwX2lkEDIyMjAzOTE3ODgyMDA4OTIAAR72PNdbDIVz_hd1l_deC0UJBHoai1Bar9dFFAbxEIexXCMe0FtF14815xTcMA_aem_PKCqrCInHIjjvmRruug36g\"><strong>https:\/\/www.meteomedia.com\/fr<\/strong><\/a><\/p>\n<p><span data-teams=\"true\">Pour signaler une situation :<br \/>\n&#8211; Infiltration d\u2019eau non urgente (sans danger pour la vie) : 311 (514 228-9053)<br \/>\n&#8211; Situation pr\u00e9sentant un risque pour la vie : 911<\/span><\/p>\n<p>Nous vous invitons \u00e0 faire preuve de prudence dans vos d\u00e9placements et \u00e0 rester inform\u00e9s des avis des autorit\u00e9s.<\/p>\n","protected":false},"excerpt":{"rendered":"<p>Un \u00e9pisode de pluie vergla\u00e7ante est pr\u00e9vu dans la r\u00e9gion le mercredi 11 mars. Ces conditions pourraient rendre les routes, trottoirs et entr\u00e9es tr\u00e8s glissants et provoquer des pannes de courant \u00e0 certains endroits. En raison des conditions m\u00e9t\u00e9orologiques annonc\u00e9es, les bureaux de la MRC de Vaudreuil-Soulanges et de la cour municipale r\u00e9gionale seront \ud835\uddf2\ud835\ude05\ud835\uddf0\ud835\uddf2\ud835\uddfd\ud835\ude01\ud835\uddf6\ud835\uddfc\ud835\uddfb\ud835\uddfb\ud835\uddf2\ud835\uddf9\ud835\uddf9\ud835\uddf2\ud835\uddfa\ud835\uddf2\ud835\uddfb\ud835\ude01 [&hellip;]<\/p>\n","protected":false},"author":21,"featured_media":29599,"comment_status":"closed","ping_status":"closed","sticky":false,"template":"","format":"standard","meta":{"_et_pb_use_builder":"","_et_pb_old_content":"","_et_gb_content_width":"","footnotes":""},"categories":[44,48],"tags":[],"yoast_head":"<!-- This site is optimized with the Yoast SEO plugin v23.0 - https:\/\/yoast.com\/wordpress\/plugins\/seo\/ -->\n<title>Alerte m\u00e9t\u00e9o | Fermeture des bureaux - MRC of Vaudreuil-Soulanges<\/title>\n<meta name=\"robots\" content=\"index, follow, max-snippet:-1, max-image-preview:large, max-video-preview:-1\" \/>\n<link rel=\"canonical\" href=\"https:\/\/mrcvs.ca\/alerte-meteo-fermeture-des-bureaux\/\" \/>\n<meta property=\"og:locale\" content=\"en_US\" \/>\n<meta property=\"og:type\" content=\"article\" \/>\n<meta property=\"og:title\" content=\"Alerte m\u00e9t\u00e9o | Fermeture des bureaux - MRC of Vaudreuil-Soulanges\" \/>\n<meta property=\"og:description\" content=\"Un \u00e9pisode de pluie vergla\u00e7ante est pr\u00e9vu dans la r\u00e9gion le mercredi 11 mars. Ces conditions pourraient rendre les routes, trottoirs et entr\u00e9es tr\u00e8s glissants et provoquer des pannes de courant \u00e0 certains endroits. En raison des conditions m\u00e9t\u00e9orologiques annonc\u00e9es, les bureaux de la MRC de Vaudreuil-Soulanges et de la cour municipale r\u00e9gionale seront \ud835\uddf2\ud835\ude05\ud835\uddf0\ud835\uddf2\ud835\uddfd\ud835\ude01\ud835\uddf6\ud835\uddfc\ud835\uddfb\ud835\uddfb\ud835\uddf2\ud835\uddf9\ud835\uddf9\ud835\uddf2\ud835\uddfa\ud835\uddf2\ud835\uddfb\ud835\ude01 [&hellip;]\" \/>\n<meta property=\"og:url\" content=\"https:\/\/mrcvs.ca\/alerte-meteo-fermeture-des-bureaux\/\" \/>\n<meta property=\"og:site_name\" content=\"MRC of Vaudreuil-Soulanges\" \/>\n<meta property=\"article:publisher\" content=\"https:\/\/www.facebook.com\/mrcvaudreuilsoulanges\/\" \/>\n<meta property=\"article:published_time\" content=\"2026-03-10T20:21:14+00:00\" \/>\n<meta property=\"og:image\" content=\"https:\/\/mrcvs.ca\/wp-content\/uploads\/2026\/03\/Capture-decran-2026-03-10-152036-1024x538.png\" \/>\n\t<meta property=\"og:image:width\" content=\"1024\" \/>\n\t<meta property=\"og:image:height\" content=\"538\" \/>\n\t<meta property=\"og:image:type\" content=\"image\/png\" \/>\n<meta name=\"author\" content=\"Caroline Savard\" \/>\n<meta name=\"twitter:card\" content=\"summary_large_image\" \/>\n<meta name=\"twitter:label1\" content=\"Written by\" \/>\n\t<meta name=\"twitter:data1\" content=\"Caroline Savard\" \/>\n\t<meta name=\"twitter:label2\" content=\"Est. reading time\" \/>\n\t<meta name=\"twitter:data2\" content=\"2 minutes\" \/>\n<script type=\"application\/ld+json\" class=\"yoast-schema-graph\">{\"@context\":\"https:\/\/schema.org\",\"@graph\":[{\"@type\":\"Article\",\"@id\":\"https:\/\/mrcvs.ca\/alerte-meteo-fermeture-des-bureaux\/#article\",\"isPartOf\":{\"@id\":\"https:\/\/mrcvs.ca\/alerte-meteo-fermeture-des-bureaux\/\"},\"author\":{\"name\":\"Caroline Savard\",\"@id\":\"https:\/\/mrcvs.ca\/#\/schema\/person\/61398661e9099c66bc5c1de5e573a6e5\"},\"headline\":\"Alerte m\u00e9t\u00e9o | Fermeture des bureaux\",\"datePublished\":\"2026-03-10T20:21:14+00:00\",\"dateModified\":\"2026-03-10T20:21:14+00:00\",\"mainEntityOfPage\":{\"@id\":\"https:\/\/mrcvs.ca\/alerte-meteo-fermeture-des-bureaux\/\"},\"wordCount\":309,\"publisher\":{\"@id\":\"https:\/\/mrcvs.ca\/#organization\"},\"image\":{\"@id\":\"https:\/\/mrcvs.ca\/alerte-meteo-fermeture-des-bureaux\/#primaryimage\"},\"thumbnailUrl\":\"https:\/\/mrcvs.ca\/wp-content\/uploads\/2026\/03\/Capture-decran-2026-03-10-152036.png\",\"articleSection\":[\"Citizens\",\"Environment\"],\"inLanguage\":\"en-US\"},{\"@type\":\"WebPage\",\"@id\":\"https:\/\/mrcvs.ca\/alerte-meteo-fermeture-des-bureaux\/\",\"url\":\"https:\/\/mrcvs.ca\/alerte-meteo-fermeture-des-bureaux\/\",\"name\":\"Alerte m\u00e9t\u00e9o | Fermeture des bureaux - MRC of Vaudreuil-Soulanges\",\"isPartOf\":{\"@id\":\"https:\/\/mrcvs.ca\/#website\"},\"primaryImageOfPage\":{\"@id\":\"https:\/\/mrcvs.ca\/alerte-meteo-fermeture-des-bureaux\/#primaryimage\"},\"image\":{\"@id\":\"https:\/\/mrcvs.ca\/alerte-meteo-fermeture-des-bureaux\/#primaryimage\"},\"thumbnailUrl\":\"https:\/\/mrcvs.ca\/wp-content\/uploads\/2026\/03\/Capture-decran-2026-03-10-152036.png\",\"datePublished\":\"2026-03-10T20:21:14+00:00\",\"dateModified\":\"2026-03-10T20:21:14+00:00\",\"breadcrumb\":{\"@id\":\"https:\/\/mrcvs.ca\/alerte-meteo-fermeture-des-bureaux\/#breadcrumb\"},\"inLanguage\":\"en-US\",\"potentialAction\":[{\"@type\":\"ReadAction\",\"target\":[\"https:\/\/mrcvs.ca\/alerte-meteo-fermeture-des-bureaux\/\"]}]},{\"@type\":\"ImageObject\",\"inLanguage\":\"en-US\",\"@id\":\"https:\/\/mrcvs.ca\/alerte-meteo-fermeture-des-bureaux\/#primaryimage\",\"url\":\"https:\/\/mrcvs.ca\/wp-content\/uploads\/2026\/03\/Capture-decran-2026-03-10-152036.png\",\"contentUrl\":\"https:\/\/mrcvs.ca\/wp-content\/uploads\/2026\/03\/Capture-decran-2026-03-10-152036.png\",\"width\":1894,\"height\":996},{\"@type\":\"BreadcrumbList\",\"@id\":\"https:\/\/mrcvs.ca\/alerte-meteo-fermeture-des-bureaux\/#breadcrumb\",\"itemListElement\":[{\"@type\":\"ListItem\",\"position\":1,\"name\":\"Accueil\",\"item\":\"https:\/\/mrcvs.ca\/en\/\"},{\"@type\":\"ListItem\",\"position\":2,\"name\":\"Alerte m\u00e9t\u00e9o | Fermeture des bureaux\"}]},{\"@type\":\"WebSite\",\"@id\":\"https:\/\/mrcvs.ca\/#website\",\"url\":\"https:\/\/mrcvs.ca\/\",\"name\":\"MRC de Vaudreuil-Soulanges\",\"description\":\"MRC of Vaudreuil-Soulanges \",\"publisher\":{\"@id\":\"https:\/\/mrcvs.ca\/#organization\"},\"potentialAction\":[{\"@type\":\"SearchAction\",\"target\":{\"@type\":\"EntryPoint\",\"urlTemplate\":\"https:\/\/mrcvs.ca\/?s={search_term_string}\"},\"query-input\":\"required name=search_term_string\"}],\"inLanguage\":\"en-US\"},{\"@type\":\"Organization\",\"@id\":\"https:\/\/mrcvs.ca\/#organization\",\"name\":\"MRC Vaudreuil-Soulanges\",\"url\":\"https:\/\/mrcvs.ca\/\",\"logo\":{\"@type\":\"ImageObject\",\"inLanguage\":\"en-US\",\"@id\":\"https:\/\/mrcvs.ca\/#\/schema\/logo\/image\/\",\"url\":\"https:\/\/mrcvs.ca\/wp-content\/uploads\/2018\/10\/MRC_VS_LOGO.png\",\"contentUrl\":\"https:\/\/mrcvs.ca\/wp-content\/uploads\/2018\/10\/MRC_VS_LOGO.png\",\"width\":1080,\"height\":460,\"caption\":\"MRC Vaudreuil-Soulanges\"},\"image\":{\"@id\":\"https:\/\/mrcvs.ca\/#\/schema\/logo\/image\/\"},\"sameAs\":[\"https:\/\/www.facebook.com\/mrcvaudreuilsoulanges\/\"]},{\"@type\":\"Person\",\"@id\":\"https:\/\/mrcvs.ca\/#\/schema\/person\/61398661e9099c66bc5c1de5e573a6e5\",\"name\":\"Caroline Savard\"}]}<\/script>\n<!-- \/ Yoast SEO plugin. -->","yoast_head_json":{"title":"Alerte m\u00e9t\u00e9o | Fermeture des bureaux - MRC of Vaudreuil-Soulanges","robots":{"index":"index","follow":"follow","max-snippet":"max-snippet:-1","max-image-preview":"max-image-preview:large","max-video-preview":"max-video-preview:-1"},"canonical":"https:\/\/mrcvs.ca\/alerte-meteo-fermeture-des-bureaux\/","og_locale":"en_US","og_type":"article","og_title":"Alerte m\u00e9t\u00e9o | Fermeture des bureaux - MRC of Vaudreuil-Soulanges","og_description":"Un \u00e9pisode de pluie vergla\u00e7ante est pr\u00e9vu dans la r\u00e9gion le mercredi 11 mars. Ces conditions pourraient rendre les routes, trottoirs et entr\u00e9es tr\u00e8s glissants et provoquer des pannes de courant \u00e0 certains endroits. En raison des conditions m\u00e9t\u00e9orologiques annonc\u00e9es, les bureaux de la MRC de Vaudreuil-Soulanges et de la cour municipale r\u00e9gionale seront \ud835\uddf2\ud835\ude05\ud835\uddf0\ud835\uddf2\ud835\uddfd\ud835\ude01\ud835\uddf6\ud835\uddfc\ud835\uddfb\ud835\uddfb\ud835\uddf2\ud835\uddf9\ud835\uddf9\ud835\uddf2\ud835\uddfa\ud835\uddf2\ud835\uddfb\ud835\ude01 [&hellip;]","og_url":"https:\/\/mrcvs.ca\/alerte-meteo-fermeture-des-bureaux\/","og_site_name":"MRC of Vaudreuil-Soulanges","article_publisher":"https:\/\/www.facebook.com\/mrcvaudreuilsoulanges\/","article_published_time":"2026-03-10T20:21:14+00:00","og_image":[{"width":1024,"height":538,"url":"https:\/\/mrcvs.ca\/wp-content\/uploads\/2026\/03\/Capture-decran-2026-03-10-152036-1024x538.png","type":"image\/png"}],"author":"Caroline Savard","twitter_card":"summary_large_image","twitter_misc":{"Written by":"Caroline Savard","Est. reading time":"2 minutes"},"schema":{"@context":"https:\/\/schema.org","@graph":[{"@type":"Article","@id":"https:\/\/mrcvs.ca\/alerte-meteo-fermeture-des-bureaux\/#article","isPartOf":{"@id":"https:\/\/mrcvs.ca\/alerte-meteo-fermeture-des-bureaux\/"},"author":{"name":"Caroline Savard","@id":"https:\/\/mrcvs.ca\/#\/schema\/person\/61398661e9099c66bc5c1de5e573a6e5"},"headline":"Alerte m\u00e9t\u00e9o | Fermeture des bureaux","datePublished":"2026-03-10T20:21:14+00:00","dateModified":"2026-03-10T20:21:14+00:00","mainEntityOfPage":{"@id":"https:\/\/mrcvs.ca\/alerte-meteo-fermeture-des-bureaux\/"},"wordCount":309,"publisher":{"@id":"https:\/\/mrcvs.ca\/#organization"},"image":{"@id":"https:\/\/mrcvs.ca\/alerte-meteo-fermeture-des-bureaux\/#primaryimage"},"thumbnailUrl":"https:\/\/mrcvs.ca\/wp-content\/uploads\/2026\/03\/Capture-decran-2026-03-10-152036.png","articleSection":["Citizens","Environment"],"inLanguage":"en-US"},{"@type":"WebPage","@id":"https:\/\/mrcvs.ca\/alerte-meteo-fermeture-des-bureaux\/","url":"https:\/\/mrcvs.ca\/alerte-meteo-fermeture-des-bureaux\/","name":"Alerte m\u00e9t\u00e9o | Fermeture des bureaux - MRC of Vaudreuil-Soulanges","isPartOf":{"@id":"https:\/\/mrcvs.ca\/#website"},"primaryImageOfPage":{"@id":"https:\/\/mrcvs.ca\/alerte-meteo-fermeture-des-bureaux\/#primaryimage"},"image":{"@id":"https:\/\/mrcvs.ca\/alerte-meteo-fermeture-des-bureaux\/#primaryimage"},"thumbnailUrl":"https:\/\/mrcvs.ca\/wp-content\/uploads\/2026\/03\/Capture-decran-2026-03-10-152036.png","datePublished":"2026-03-10T20:21:14+00:00","dateModified":"2026-03-10T20:21:14+00:00","breadcrumb":{"@id":"https:\/\/mrcvs.ca\/alerte-meteo-fermeture-des-bureaux\/#breadcrumb"},"inLanguage":"en-US","potentialAction":[{"@type":"ReadAction","target":["https:\/\/mrcvs.ca\/alerte-meteo-fermeture-des-bureaux\/"]}]},{"@type":"ImageObject","inLanguage":"en-US","@id":"https:\/\/mrcvs.ca\/alerte-meteo-fermeture-des-bureaux\/#primaryimage","url":"https:\/\/mrcvs.ca\/wp-content\/uploads\/2026\/03\/Capture-decran-2026-03-10-152036.png","contentUrl":"https:\/\/mrcvs.ca\/wp-content\/uploads\/2026\/03\/Capture-decran-2026-03-10-152036.png","width":1894,"height":996},{"@type":"BreadcrumbList","@id":"https:\/\/mrcvs.ca\/alerte-meteo-fermeture-des-bureaux\/#breadcrumb","itemListElement":[{"@type":"ListItem","position":1,"name":"Accueil","item":"https:\/\/mrcvs.ca\/en\/"},{"@type":"ListItem","position":2,"name":"Alerte m\u00e9t\u00e9o | Fermeture des bureaux"}]},{"@type":"WebSite","@id":"https:\/\/mrcvs.ca\/#website","url":"https:\/\/mrcvs.ca\/","name":"MRC de Vaudreuil-Soulanges","description":"MRC of Vaudreuil-Soulanges ","publisher":{"@id":"https:\/\/mrcvs.ca\/#organization"},"potentialAction":[{"@type":"SearchAction","target":{"@type":"EntryPoint","urlTemplate":"https:\/\/mrcvs.ca\/?s={search_term_string}"},"query-input":"required name=search_term_string"}],"inLanguage":"en-US"},{"@type":"Organization","@id":"https:\/\/mrcvs.ca\/#organization","name":"MRC Vaudreuil-Soulanges","url":"https:\/\/mrcvs.ca\/","logo":{"@type":"ImageObject","inLanguage":"en-US","@id":"https:\/\/mrcvs.ca\/#\/schema\/logo\/image\/","url":"https:\/\/mrcvs.ca\/wp-content\/uploads\/2018\/10\/MRC_VS_LOGO.png","contentUrl":"https:\/\/mrcvs.ca\/wp-content\/uploads\/2018\/10\/MRC_VS_LOGO.png","width":1080,"height":460,"caption":"MRC Vaudreuil-Soulanges"},"image":{"@id":"https:\/\/mrcvs.ca\/#\/schema\/logo\/image\/"},"sameAs":["https:\/\/www.facebook.com\/mrcvaudreuilsoulanges\/"]},{"@type":"Person","@id":"https:\/\/mrcvs.ca\/#\/schema\/person\/61398661e9099c66bc5c1de5e573a6e5","name":"Caroline Savard"}]}},"_links":{"self":[{"href":"https:\/\/mrcvs.ca\/en\/wp-json\/wp\/v2\/posts\/29600"}],"collection":[{"href":"https:\/\/mrcvs.ca\/en\/wp-json\/wp\/v2\/posts"}],"about":[{"href":"https:\/\/mrcvs.ca\/en\/wp-json\/wp\/v2\/types\/post"}],"author":[{"embeddable":true,"href":"https:\/\/mrcvs.ca\/en\/wp-json\/wp\/v2\/users\/21"}],"replies":[{"embeddable":true,"href":"https:\/\/mrcvs.ca\/en\/wp-json\/wp\/v2\/comments?post=29600"}],"version-history":[{"count":0,"href":"https:\/\/mrcvs.ca\/en\/wp-json\/wp\/v2\/posts\/29600\/revisions"}],"wp:featuredmedia":[{"embeddable":true,"href":"https:\/\/mrcvs.ca\/en\/wp-json\/wp\/v2\/media\/29599"}],"wp:attachment":[{"href":"https:\/\/mrcvs.ca\/en\/wp-json\/wp\/v2\/media?parent=29600"}],"wp:term":[{"taxonomy":"category","embeddable":true,"href":"https:\/\/mrcvs.ca\/en\/wp-json\/wp\/v2\/categories?post=29600"},{"taxonomy":"post_tag","embeddable":true,"href":"https:\/\/mrcvs.ca\/en\/wp-json\/wp\/v2\/tags?post=29600"}],"curies":[{"name":"wp","href":"https:\/\/api.w.org\/{rel}","templated":true}]}}