{"id":28843,"date":"2025-12-08T08:46:47","date_gmt":"2025-12-08T13:46:47","guid":{"rendered":"https:\/\/mrcvs.ca\/horaire-des-fetes-et-changement-de-frequence-pour-la-collecte-des-matieres-recyclables-dans-la-mrc-de-vaudreuil-soulanges\/"},"modified":"2025-12-08T10:23:34","modified_gmt":"2025-12-08T15:23:34","slug":"horaire-des-fetes-et-changement-de-frequence-pour-la-collecte-des-matieres-recyclables-dans-la-mrc-de-vaudreuil-soulanges","status":"publish","type":"post","link":"https:\/\/mrcvs.ca\/en\/horaire-des-fetes-et-changement-de-frequence-pour-la-collecte-des-matieres-recyclables-dans-la-mrc-de-vaudreuil-soulanges\/","title":{"rendered":"Horaire des F\u00eates et changement de fr\u00e9quence pour la collecte des mati\u00e8res recyclables dans la MRC de Vaudreuil-Soulanges"},"content":{"rendered":"<p><strong>Vaudreuil-Dorion, le 8 d\u00e9cembre 2025<\/strong> \u2013 \u00c0 l\u2019occasion de la p\u00e9riode des F\u00eates, la MRC de Vaudreuil-Soulanges informe la population de certains ajustements aux horaires de collectes de mati\u00e8res recyclables par bacs roulants et rappelle le changement de fr\u00e9quence de collecte qui d\u00e9butera le 1<sup>er<\/sup> janvier 2026.<\/p>\n<p><strong>Horaire des F\u00eates de la collecte des mati\u00e8res recyclables<br \/>\n<\/strong>Les collectes de mati\u00e8res recyclables des <strong>jeudis<\/strong> <strong>25 d\u00e9cembre<\/strong> et<strong> 1<sup>er<\/sup> janvier<\/strong> sont report\u00e9es aux <strong>vendredis 26 d\u00e9cembre <\/strong>et <strong>2 janvier<\/strong> pour les municipalit\u00e9s de <strong>Coteau-du-Lac, Les C\u00e8dres<\/strong>, <strong>Les Coteaux<\/strong>, <strong>L\u2019\u00cele-Cadieux<\/strong>, <strong>L\u2019\u00cele-Perrot<\/strong>, <strong>Pointe-Fortune<\/strong>, <strong>Terrasse-Vaudreuil, Tr\u00e8s-Saint-R\u00e9dempteur<\/strong> et<strong> Vaudreuil-sur-le-Lac<\/strong>. Pour la ville de<strong> Vaudreuil-Dorion<\/strong>, les collectes pr\u00e9vues les <strong>vendredis 26 d\u00e9cembre et 2 janvier<\/strong> sont report\u00e9es aux<strong> samedis 27 d\u00e9cembre <\/strong>et <strong>3 janvier<\/strong>.<\/p>\n<p><strong>Collecte sp\u00e9ciale de surplus<br \/>\n<\/strong>Afin de faciliter la gestion des mati\u00e8res recyclables g\u00e9n\u00e9r\u00e9es pendant les F\u00eates, une <a href=\"https:\/\/tricycle-mrcvs.ca\/article\/collecte-de-surplus-des-matieres-recyclables\/\">collecte sp\u00e9ciale des surplus<\/a> sera offerte <strong>du 2 au 13 janvier 2026. <\/strong>Le m\u00eame jour que la collecte des mati\u00e8res recyclables par bacs de votre secteur, vous pouvez d\u00e9poser vos mati\u00e8res recyclables suppl\u00e9mentaires \u00e0 c\u00f4t\u00e9 du bac bleu, dans des <strong>sacs transparents <\/strong>pr\u00e9vus \u00e0 cet effet. Pour les bo\u00eetes de carton, simplement les d\u00e9monter et les empiler dans une seule bo\u00eete d\u2019une grandeur maximale propos\u00e9e de 90 cm sur 90 cm et les placer \u00e0 c\u00f4t\u00e9 de votre bac bleu en veillant \u00e0 respecter une distance de 60 cm. En cas de doute, veuillez vous r\u00e9f\u00e9rer au calendrier ci-dessous ou le <a href=\"https:\/\/mrcvs.ca\/wp-content\/uploads\/2025\/12\/Calendrier-Changement-de-frequence-Collecte-de-surplus.pdf\" target=\"_blank\" rel=\"noopener\">t\u00e9l\u00e9charger<\/a>.<\/p>\n<p><strong>Changement de fr\u00e9quence de collecte<br \/>\n<\/strong>La MRC de Vaudreuil-Soulanges rappelle qu\u2019\u00e0 compter du 1<sup>er<\/sup> janvier 2026, la <a href=\"https:\/\/tricycle-mrcvs.ca\/article\/changement-de-frequence-pour-la-collecte-des-matieres-recyclables-dans-la-mrc-de-vaudreuil-soulanges\/\">collecte des mati\u00e8res recyclables par bacs roulants s\u2019effectuera aux deux semaines<\/a> sur l\u2019ensemble de son territoire.<\/p>\n<p>Ce changement, instaur\u00e9 \u00e0 l\u2019\u00e9chelle provinciale dans le cadre de la <a href=\"https:\/\/tricycle-mrcvs.ca\/article\/modernisation-de-la-collecte-selective-pour-les-matieres-recyclables-quels-impacts-pour-la-mrc-et-ses-citoyens\/\">modernisation du syst\u00e8me de collecte s\u00e9lective<\/a> par le gouvernement du Qu\u00e9bec, s\u2019applique \u00e0 tous les r\u00e9sidents ainsi qu\u2019aux industries, commerces et institutions (ICI) qui sont desservis par bacs roulants, \u00e0 quelques exceptions pr\u00e8s. L\u2019objectif est d\u2019optimiser les op\u00e9rations de collecte afin d\u2019assurer une gestion plus efficace des mati\u00e8res recyclables dans l\u2019ensemble de la province.<\/p>\n<p><img loading=\"lazy\" decoding=\"async\" class=\"alignnone wp-image-28774\" src=\"https:\/\/mrcvs.ca\/wp-content\/uploads\/2025\/12\/Calendrier-Changement-de-frequence-Collecte-de-surplus-scaled.jpg\" alt=\"\" width=\"879\" height=\"1138\" \/><\/p>\n<p><strong>Optimiser l\u2019usage du bac bleu<br \/>\n<\/strong>Afin d\u2019assurer une transition harmonieuse, la population est invit\u00e9e \u00e0 consulter la <a href=\"https:\/\/tricycle-mrcvs.ca\/article\/foire-aux-questions-sur-les-matieres-recyclables\/\">foire aux questions<\/a> accessible en ligne sur l\u2019outil <a href=\"https:\/\/tricycle-mrcvs.ca\/\">Tricycle<\/a> et \u00e0 suivre les conseils pratiques visant \u00e0 maximiser l\u2019espace dans leur bac de r\u00e9cup\u00e9ration, notamment :<\/p>\n<ol>\n<li>D\u00e9faire et plier les bo\u00eetes de carton<\/li>\n<li>R\u00e9utiliser les contenants et emballages ou leur donner <a href=\"https:\/\/tricycle-mrcvs.ca\/reemploi\/\">une seconde vie<\/a><\/li>\n<li><a href=\"https:\/\/consignaction.ca\/\">Apporter les contenants consign\u00e9s<\/a> dans un point de d\u00e9p\u00f4t pr\u00e9vu \u00e0 cet effet<\/li>\n<li>Adopter des habitudes de consommation responsable permettant une r\u00e9duction \u00e0 la source<\/li>\n<\/ol>\n<p>\u00c0 noter que les bo\u00eetes de carton sont \u00e9galement accept\u00e9es en tout temps dans le <a href=\"https:\/\/tricycle-mrcvs.ca\/reseau-des-ecocentres\/\">R\u00e9seau des \u00e9cocentres<\/a>.<\/p>\n<p><strong>Un changement \u00e0 l\u2019ensemble du Qu\u00e9bec<\/strong><\/p>\n<p>Rappelons que ce changement vise \u00e0 responsabiliser les entreprises qui mettent des emballages et des imprim\u00e9s sur le march\u00e9, harmoniser la collecte des bacs bleus et simplifier le tri des mati\u00e8res pour tous.<\/p>\n<p>Plus pr\u00e9cis\u00e9ment, la modernisation confi\u00e9e \u00e0 l\u2019organisme\u00a0<a href=\"https:\/\/www.eeq.ca\/\">\u00c9co Entreprise Qu\u00e9bec<\/a> (\u00c9EQ), vise l\u2019uniformisation du syst\u00e8me \u00e0 l\u2019\u00e9chelle nationale, la standardisation de la liste de mati\u00e8res accept\u00e9es pour tout le Qu\u00e9bec, l\u2019int\u00e9gration de crit\u00e8res de qualit\u00e9 quant \u00e0 la collecte et au tri, de m\u00eame que le d\u00e9veloppement de march\u00e9s pour la valorisation des mati\u00e8res recyclables.<\/p>\n<p>Nous remercions les citoyens de leur collaboration et de leur engagement continu envers une gestion responsable des mati\u00e8res r\u00e9siduelles.<\/p>\n<p><strong>\u00a0<\/strong><\/p>\n<p><strong>\u00c0 propos de la MRC de Vaudreuil-Soulanges<br \/>\n<\/strong>La MRC de Vaudreuil-Soulanges regroupe les 23 municipalit\u00e9s de son territoire de 855 km\u00b2, qui s\u2019\u00e9tend de l\u2019\u00eele Perrot jusqu\u2019\u00e0 la fronti\u00e8re ontarienne. Sous la direction politique de son pr\u00e9fet, M. Patrick Bousez, la mission de la MRC vise la concertation, la planification ainsi que la gestion de l\u2019am\u00e9nagement et du d\u00e9veloppement de son territoire selon les principes de d\u00e9veloppement durable. Son r\u00f4le de chef de file et de rassembleur aupr\u00e8s des principaux intervenants du territoire facilite la coordination d\u2019actions r\u00e9gionales selon quatre sph\u00e8res : la planification, le d\u00e9veloppement, les services aux municipalit\u00e9s et les services aux citoyens. Les ma\u00eetres-mots de la MRC\u00a0sont planifier, concerter et agir. Pour plus d\u2019information, visitez le <a href=\"http:\/\/www.mrcvs.ca\">www.mrcvs.ca<\/a>.<\/p>\n","protected":false},"excerpt":{"rendered":"<p>Vaudreuil-Dorion, le 8 d\u00e9cembre 2025 \u2013 \u00c0 l\u2019occasion de la p\u00e9riode des F\u00eates, la MRC de Vaudreuil-Soulanges informe la population de certains ajustements aux horaires de collectes de mati\u00e8res recyclables par bacs roulants et rappelle le changement de fr\u00e9quence de collecte qui d\u00e9butera le 1er janvier 2026. Horaire des F\u00eates de la collecte des mati\u00e8res [&hellip;]<\/p>\n","protected":false},"author":5,"featured_media":28845,"comment_status":"closed","ping_status":"closed","sticky":false,"template":"","format":"standard","meta":{"_et_pb_use_builder":"","_et_pb_old_content":"","_et_gb_content_width":"","footnotes":""},"categories":[44,48,45],"tags":[],"yoast_head":"<!-- This site is optimized with the Yoast SEO plugin v23.0 - https:\/\/yoast.com\/wordpress\/plugins\/seo\/ -->\n<title>Horaire des F\u00eates et changement de fr\u00e9quence pour la collecte des mati\u00e8res recyclables dans la MRC de Vaudreuil-Soulanges - MRC of Vaudreuil-Soulanges<\/title>\n<meta name=\"robots\" content=\"index, follow, max-snippet:-1, max-image-preview:large, max-video-preview:-1\" \/>\n<link rel=\"canonical\" href=\"https:\/\/mrcvs.ca\/en\/horaire-des-fetes-et-changement-de-frequence-pour-la-collecte-des-matieres-recyclables-dans-la-mrc-de-vaudreuil-soulanges\/\" \/>\n<meta property=\"og:locale\" content=\"en_US\" \/>\n<meta property=\"og:type\" content=\"article\" \/>\n<meta property=\"og:title\" content=\"Horaire des F\u00eates et changement de fr\u00e9quence pour la collecte des mati\u00e8res recyclables dans la MRC de Vaudreuil-Soulanges - MRC of Vaudreuil-Soulanges\" \/>\n<meta property=\"og:description\" content=\"Vaudreuil-Dorion, le 8 d\u00e9cembre 2025 \u2013 \u00c0 l\u2019occasion de la p\u00e9riode des F\u00eates, la MRC de Vaudreuil-Soulanges informe la population de certains ajustements aux horaires de collectes de mati\u00e8res recyclables par bacs roulants et rappelle le changement de fr\u00e9quence de collecte qui d\u00e9butera le 1er janvier 2026. Horaire des F\u00eates de la collecte des mati\u00e8res [&hellip;]\" \/>\n<meta property=\"og:url\" content=\"https:\/\/mrcvs.ca\/en\/horaire-des-fetes-et-changement-de-frequence-pour-la-collecte-des-matieres-recyclables-dans-la-mrc-de-vaudreuil-soulanges\/\" \/>\n<meta property=\"og:site_name\" content=\"MRC of Vaudreuil-Soulanges\" \/>\n<meta property=\"article:publisher\" content=\"https:\/\/www.facebook.com\/mrcvaudreuilsoulanges\/\" \/>\n<meta property=\"article:published_time\" content=\"2025-12-08T13:46:47+00:00\" \/>\n<meta property=\"article:modified_time\" content=\"2025-12-08T15:23:34+00:00\" \/>\n<meta property=\"og:image\" content=\"https:\/\/mrcvs.ca\/wp-content\/uploads\/2025\/12\/Recyclage-Horaire-des-Fetes-Frequence-mrcvs_FB-web.jpg\" \/>\n\t<meta property=\"og:image:width\" content=\"2400\" \/>\n\t<meta property=\"og:image:height\" content=\"1260\" \/>\n\t<meta property=\"og:image:type\" content=\"image\/jpeg\" \/>\n<meta name=\"author\" content=\"Marie-Eve Gingras-Gosselin\" \/>\n<meta name=\"twitter:card\" content=\"summary_large_image\" \/>\n<meta name=\"twitter:label1\" content=\"Written by\" \/>\n\t<meta name=\"twitter:data1\" content=\"Marie-Eve Gingras-Gosselin\" \/>\n\t<meta name=\"twitter:label2\" content=\"Est. reading time\" \/>\n\t<meta name=\"twitter:data2\" content=\"4 minutes\" \/>\n<script type=\"application\/ld+json\" class=\"yoast-schema-graph\">{\"@context\":\"https:\/\/schema.org\",\"@graph\":[{\"@type\":\"Article\",\"@id\":\"https:\/\/mrcvs.ca\/en\/horaire-des-fetes-et-changement-de-frequence-pour-la-collecte-des-matieres-recyclables-dans-la-mrc-de-vaudreuil-soulanges\/#article\",\"isPartOf\":{\"@id\":\"https:\/\/mrcvs.ca\/en\/horaire-des-fetes-et-changement-de-frequence-pour-la-collecte-des-matieres-recyclables-dans-la-mrc-de-vaudreuil-soulanges\/\"},\"author\":{\"name\":\"Marie-Eve Gingras-Gosselin\",\"@id\":\"https:\/\/mrcvs.ca\/#\/schema\/person\/8fd29c6e3cd29daca3de077a77e5e3d6\"},\"headline\":\"Horaire des F\u00eates et changement de fr\u00e9quence pour la collecte des mati\u00e8res recyclables dans la MRC de Vaudreuil-Soulanges\",\"datePublished\":\"2025-12-08T13:46:47+00:00\",\"dateModified\":\"2025-12-08T15:23:34+00:00\",\"mainEntityOfPage\":{\"@id\":\"https:\/\/mrcvs.ca\/en\/horaire-des-fetes-et-changement-de-frequence-pour-la-collecte-des-matieres-recyclables-dans-la-mrc-de-vaudreuil-soulanges\/\"},\"wordCount\":778,\"publisher\":{\"@id\":\"https:\/\/mrcvs.ca\/#organization\"},\"image\":{\"@id\":\"https:\/\/mrcvs.ca\/en\/horaire-des-fetes-et-changement-de-frequence-pour-la-collecte-des-matieres-recyclables-dans-la-mrc-de-vaudreuil-soulanges\/#primaryimage\"},\"thumbnailUrl\":\"https:\/\/mrcvs.ca\/wp-content\/uploads\/2025\/12\/Recyclage-Horaire-des-Fetes-Frequence-mrcvs_FB-web.jpg\",\"articleSection\":[\"Citizens\",\"Environment\",\"Municipalities\"],\"inLanguage\":\"en-US\"},{\"@type\":\"WebPage\",\"@id\":\"https:\/\/mrcvs.ca\/en\/horaire-des-fetes-et-changement-de-frequence-pour-la-collecte-des-matieres-recyclables-dans-la-mrc-de-vaudreuil-soulanges\/\",\"url\":\"https:\/\/mrcvs.ca\/en\/horaire-des-fetes-et-changement-de-frequence-pour-la-collecte-des-matieres-recyclables-dans-la-mrc-de-vaudreuil-soulanges\/\",\"name\":\"Horaire des F\u00eates et changement de fr\u00e9quence pour la collecte des mati\u00e8res recyclables dans la MRC de Vaudreuil-Soulanges - MRC of Vaudreuil-Soulanges\",\"isPartOf\":{\"@id\":\"https:\/\/mrcvs.ca\/#website\"},\"primaryImageOfPage\":{\"@id\":\"https:\/\/mrcvs.ca\/en\/horaire-des-fetes-et-changement-de-frequence-pour-la-collecte-des-matieres-recyclables-dans-la-mrc-de-vaudreuil-soulanges\/#primaryimage\"},\"image\":{\"@id\":\"https:\/\/mrcvs.ca\/en\/horaire-des-fetes-et-changement-de-frequence-pour-la-collecte-des-matieres-recyclables-dans-la-mrc-de-vaudreuil-soulanges\/#primaryimage\"},\"thumbnailUrl\":\"https:\/\/mrcvs.ca\/wp-content\/uploads\/2025\/12\/Recyclage-Horaire-des-Fetes-Frequence-mrcvs_FB-web.jpg\",\"datePublished\":\"2025-12-08T13:46:47+00:00\",\"dateModified\":\"2025-12-08T15:23:34+00:00\",\"breadcrumb\":{\"@id\":\"https:\/\/mrcvs.ca\/en\/horaire-des-fetes-et-changement-de-frequence-pour-la-collecte-des-matieres-recyclables-dans-la-mrc-de-vaudreuil-soulanges\/#breadcrumb\"},\"inLanguage\":\"en-US\",\"potentialAction\":[{\"@type\":\"ReadAction\",\"target\":[\"https:\/\/mrcvs.ca\/en\/horaire-des-fetes-et-changement-de-frequence-pour-la-collecte-des-matieres-recyclables-dans-la-mrc-de-vaudreuil-soulanges\/\"]}]},{\"@type\":\"ImageObject\",\"inLanguage\":\"en-US\",\"@id\":\"https:\/\/mrcvs.ca\/en\/horaire-des-fetes-et-changement-de-frequence-pour-la-collecte-des-matieres-recyclables-dans-la-mrc-de-vaudreuil-soulanges\/#primaryimage\",\"url\":\"https:\/\/mrcvs.ca\/wp-content\/uploads\/2025\/12\/Recyclage-Horaire-des-Fetes-Frequence-mrcvs_FB-web.jpg\",\"contentUrl\":\"https:\/\/mrcvs.ca\/wp-content\/uploads\/2025\/12\/Recyclage-Horaire-des-Fetes-Frequence-mrcvs_FB-web.jpg\",\"width\":2400,\"height\":1260},{\"@type\":\"BreadcrumbList\",\"@id\":\"https:\/\/mrcvs.ca\/en\/horaire-des-fetes-et-changement-de-frequence-pour-la-collecte-des-matieres-recyclables-dans-la-mrc-de-vaudreuil-soulanges\/#breadcrumb\",\"itemListElement\":[{\"@type\":\"ListItem\",\"position\":1,\"name\":\"Accueil\",\"item\":\"https:\/\/mrcvs.ca\/en\/\"},{\"@type\":\"ListItem\",\"position\":2,\"name\":\"Horaire des F\u00eates et changement de fr\u00e9quence pour la collecte des mati\u00e8res recyclables dans la MRC de Vaudreuil-Soulanges\"}]},{\"@type\":\"WebSite\",\"@id\":\"https:\/\/mrcvs.ca\/#website\",\"url\":\"https:\/\/mrcvs.ca\/\",\"name\":\"MRC de Vaudreuil-Soulanges\",\"description\":\"MRC of Vaudreuil-Soulanges \",\"publisher\":{\"@id\":\"https:\/\/mrcvs.ca\/#organization\"},\"potentialAction\":[{\"@type\":\"SearchAction\",\"target\":{\"@type\":\"EntryPoint\",\"urlTemplate\":\"https:\/\/mrcvs.ca\/?s={search_term_string}\"},\"query-input\":\"required name=search_term_string\"}],\"inLanguage\":\"en-US\"},{\"@type\":\"Organization\",\"@id\":\"https:\/\/mrcvs.ca\/#organization\",\"name\":\"MRC Vaudreuil-Soulanges\",\"url\":\"https:\/\/mrcvs.ca\/\",\"logo\":{\"@type\":\"ImageObject\",\"inLanguage\":\"en-US\",\"@id\":\"https:\/\/mrcvs.ca\/#\/schema\/logo\/image\/\",\"url\":\"https:\/\/mrcvs.ca\/wp-content\/uploads\/2018\/10\/MRC_VS_LOGO.png\",\"contentUrl\":\"https:\/\/mrcvs.ca\/wp-content\/uploads\/2018\/10\/MRC_VS_LOGO.png\",\"width\":1080,\"height\":460,\"caption\":\"MRC Vaudreuil-Soulanges\"},\"image\":{\"@id\":\"https:\/\/mrcvs.ca\/#\/schema\/logo\/image\/\"},\"sameAs\":[\"https:\/\/www.facebook.com\/mrcvaudreuilsoulanges\/\"]},{\"@type\":\"Person\",\"@id\":\"https:\/\/mrcvs.ca\/#\/schema\/person\/8fd29c6e3cd29daca3de077a77e5e3d6\",\"name\":\"Marie-Eve Gingras-Gosselin\",\"sameAs\":[\"https:\/\/mrcvs.ca\"]}]}<\/script>\n<!-- \/ Yoast SEO plugin. -->","yoast_head_json":{"title":"Horaire des F\u00eates et changement de fr\u00e9quence pour la collecte des mati\u00e8res recyclables dans la MRC de Vaudreuil-Soulanges - MRC of Vaudreuil-Soulanges","robots":{"index":"index","follow":"follow","max-snippet":"max-snippet:-1","max-image-preview":"max-image-preview:large","max-video-preview":"max-video-preview:-1"},"canonical":"https:\/\/mrcvs.ca\/en\/horaire-des-fetes-et-changement-de-frequence-pour-la-collecte-des-matieres-recyclables-dans-la-mrc-de-vaudreuil-soulanges\/","og_locale":"en_US","og_type":"article","og_title":"Horaire des F\u00eates et changement de fr\u00e9quence pour la collecte des mati\u00e8res recyclables dans la MRC de Vaudreuil-Soulanges - MRC of Vaudreuil-Soulanges","og_description":"Vaudreuil-Dorion, le 8 d\u00e9cembre 2025 \u2013 \u00c0 l\u2019occasion de la p\u00e9riode des F\u00eates, la MRC de Vaudreuil-Soulanges informe la population de certains ajustements aux horaires de collectes de mati\u00e8res recyclables par bacs roulants et rappelle le changement de fr\u00e9quence de collecte qui d\u00e9butera le 1er janvier 2026. Horaire des F\u00eates de la collecte des mati\u00e8res [&hellip;]","og_url":"https:\/\/mrcvs.ca\/en\/horaire-des-fetes-et-changement-de-frequence-pour-la-collecte-des-matieres-recyclables-dans-la-mrc-de-vaudreuil-soulanges\/","og_site_name":"MRC of Vaudreuil-Soulanges","article_publisher":"https:\/\/www.facebook.com\/mrcvaudreuilsoulanges\/","article_published_time":"2025-12-08T13:46:47+00:00","article_modified_time":"2025-12-08T15:23:34+00:00","og_image":[{"width":2400,"height":1260,"url":"https:\/\/mrcvs.ca\/wp-content\/uploads\/2025\/12\/Recyclage-Horaire-des-Fetes-Frequence-mrcvs_FB-web.jpg","type":"image\/jpeg"}],"author":"Marie-Eve Gingras-Gosselin","twitter_card":"summary_large_image","twitter_misc":{"Written by":"Marie-Eve Gingras-Gosselin","Est. reading time":"4 minutes"},"schema":{"@context":"https:\/\/schema.org","@graph":[{"@type":"Article","@id":"https:\/\/mrcvs.ca\/en\/horaire-des-fetes-et-changement-de-frequence-pour-la-collecte-des-matieres-recyclables-dans-la-mrc-de-vaudreuil-soulanges\/#article","isPartOf":{"@id":"https:\/\/mrcvs.ca\/en\/horaire-des-fetes-et-changement-de-frequence-pour-la-collecte-des-matieres-recyclables-dans-la-mrc-de-vaudreuil-soulanges\/"},"author":{"name":"Marie-Eve Gingras-Gosselin","@id":"https:\/\/mrcvs.ca\/#\/schema\/person\/8fd29c6e3cd29daca3de077a77e5e3d6"},"headline":"Horaire des F\u00eates et changement de fr\u00e9quence pour la collecte des mati\u00e8res recyclables dans la MRC de Vaudreuil-Soulanges","datePublished":"2025-12-08T13:46:47+00:00","dateModified":"2025-12-08T15:23:34+00:00","mainEntityOfPage":{"@id":"https:\/\/mrcvs.ca\/en\/horaire-des-fetes-et-changement-de-frequence-pour-la-collecte-des-matieres-recyclables-dans-la-mrc-de-vaudreuil-soulanges\/"},"wordCount":778,"publisher":{"@id":"https:\/\/mrcvs.ca\/#organization"},"image":{"@id":"https:\/\/mrcvs.ca\/en\/horaire-des-fetes-et-changement-de-frequence-pour-la-collecte-des-matieres-recyclables-dans-la-mrc-de-vaudreuil-soulanges\/#primaryimage"},"thumbnailUrl":"https:\/\/mrcvs.ca\/wp-content\/uploads\/2025\/12\/Recyclage-Horaire-des-Fetes-Frequence-mrcvs_FB-web.jpg","articleSection":["Citizens","Environment","Municipalities"],"inLanguage":"en-US"},{"@type":"WebPage","@id":"https:\/\/mrcvs.ca\/en\/horaire-des-fetes-et-changement-de-frequence-pour-la-collecte-des-matieres-recyclables-dans-la-mrc-de-vaudreuil-soulanges\/","url":"https:\/\/mrcvs.ca\/en\/horaire-des-fetes-et-changement-de-frequence-pour-la-collecte-des-matieres-recyclables-dans-la-mrc-de-vaudreuil-soulanges\/","name":"Horaire des F\u00eates et changement de fr\u00e9quence pour la collecte des mati\u00e8res recyclables dans la MRC de Vaudreuil-Soulanges - MRC of Vaudreuil-Soulanges","isPartOf":{"@id":"https:\/\/mrcvs.ca\/#website"},"primaryImageOfPage":{"@id":"https:\/\/mrcvs.ca\/en\/horaire-des-fetes-et-changement-de-frequence-pour-la-collecte-des-matieres-recyclables-dans-la-mrc-de-vaudreuil-soulanges\/#primaryimage"},"image":{"@id":"https:\/\/mrcvs.ca\/en\/horaire-des-fetes-et-changement-de-frequence-pour-la-collecte-des-matieres-recyclables-dans-la-mrc-de-vaudreuil-soulanges\/#primaryimage"},"thumbnailUrl":"https:\/\/mrcvs.ca\/wp-content\/uploads\/2025\/12\/Recyclage-Horaire-des-Fetes-Frequence-mrcvs_FB-web.jpg","datePublished":"2025-12-08T13:46:47+00:00","dateModified":"2025-12-08T15:23:34+00:00","breadcrumb":{"@id":"https:\/\/mrcvs.ca\/en\/horaire-des-fetes-et-changement-de-frequence-pour-la-collecte-des-matieres-recyclables-dans-la-mrc-de-vaudreuil-soulanges\/#breadcrumb"},"inLanguage":"en-US","potentialAction":[{"@type":"ReadAction","target":["https:\/\/mrcvs.ca\/en\/horaire-des-fetes-et-changement-de-frequence-pour-la-collecte-des-matieres-recyclables-dans-la-mrc-de-vaudreuil-soulanges\/"]}]},{"@type":"ImageObject","inLanguage":"en-US","@id":"https:\/\/mrcvs.ca\/en\/horaire-des-fetes-et-changement-de-frequence-pour-la-collecte-des-matieres-recyclables-dans-la-mrc-de-vaudreuil-soulanges\/#primaryimage","url":"https:\/\/mrcvs.ca\/wp-content\/uploads\/2025\/12\/Recyclage-Horaire-des-Fetes-Frequence-mrcvs_FB-web.jpg","contentUrl":"https:\/\/mrcvs.ca\/wp-content\/uploads\/2025\/12\/Recyclage-Horaire-des-Fetes-Frequence-mrcvs_FB-web.jpg","width":2400,"height":1260},{"@type":"BreadcrumbList","@id":"https:\/\/mrcvs.ca\/en\/horaire-des-fetes-et-changement-de-frequence-pour-la-collecte-des-matieres-recyclables-dans-la-mrc-de-vaudreuil-soulanges\/#breadcrumb","itemListElement":[{"@type":"ListItem","position":1,"name":"Accueil","item":"https:\/\/mrcvs.ca\/en\/"},{"@type":"ListItem","position":2,"name":"Horaire des F\u00eates et changement de fr\u00e9quence pour la collecte des mati\u00e8res recyclables dans la MRC de Vaudreuil-Soulanges"}]},{"@type":"WebSite","@id":"https:\/\/mrcvs.ca\/#website","url":"https:\/\/mrcvs.ca\/","name":"MRC de Vaudreuil-Soulanges","description":"MRC of Vaudreuil-Soulanges ","publisher":{"@id":"https:\/\/mrcvs.ca\/#organization"},"potentialAction":[{"@type":"SearchAction","target":{"@type":"EntryPoint","urlTemplate":"https:\/\/mrcvs.ca\/?s={search_term_string}"},"query-input":"required name=search_term_string"}],"inLanguage":"en-US"},{"@type":"Organization","@id":"https:\/\/mrcvs.ca\/#organization","name":"MRC Vaudreuil-Soulanges","url":"https:\/\/mrcvs.ca\/","logo":{"@type":"ImageObject","inLanguage":"en-US","@id":"https:\/\/mrcvs.ca\/#\/schema\/logo\/image\/","url":"https:\/\/mrcvs.ca\/wp-content\/uploads\/2018\/10\/MRC_VS_LOGO.png","contentUrl":"https:\/\/mrcvs.ca\/wp-content\/uploads\/2018\/10\/MRC_VS_LOGO.png","width":1080,"height":460,"caption":"MRC Vaudreuil-Soulanges"},"image":{"@id":"https:\/\/mrcvs.ca\/#\/schema\/logo\/image\/"},"sameAs":["https:\/\/www.facebook.com\/mrcvaudreuilsoulanges\/"]},{"@type":"Person","@id":"https:\/\/mrcvs.ca\/#\/schema\/person\/8fd29c6e3cd29daca3de077a77e5e3d6","name":"Marie-Eve Gingras-Gosselin","sameAs":["https:\/\/mrcvs.ca"]}]}},"_links":{"self":[{"href":"https:\/\/mrcvs.ca\/en\/wp-json\/wp\/v2\/posts\/28843"}],"collection":[{"href":"https:\/\/mrcvs.ca\/en\/wp-json\/wp\/v2\/posts"}],"about":[{"href":"https:\/\/mrcvs.ca\/en\/wp-json\/wp\/v2\/types\/post"}],"author":[{"embeddable":true,"href":"https:\/\/mrcvs.ca\/en\/wp-json\/wp\/v2\/users\/5"}],"replies":[{"embeddable":true,"href":"https:\/\/mrcvs.ca\/en\/wp-json\/wp\/v2\/comments?post=28843"}],"version-history":[{"count":0,"href":"https:\/\/mrcvs.ca\/en\/wp-json\/wp\/v2\/posts\/28843\/revisions"}],"wp:featuredmedia":[{"embeddable":true,"href":"https:\/\/mrcvs.ca\/en\/wp-json\/wp\/v2\/media\/28845"}],"wp:attachment":[{"href":"https:\/\/mrcvs.ca\/en\/wp-json\/wp\/v2\/media?parent=28843"}],"wp:term":[{"taxonomy":"category","embeddable":true,"href":"https:\/\/mrcvs.ca\/en\/wp-json\/wp\/v2\/categories?post=28843"},{"taxonomy":"post_tag","embeddable":true,"href":"https:\/\/mrcvs.ca\/en\/wp-json\/wp\/v2\/tags?post=28843"}],"curies":[{"name":"wp","href":"https:\/\/api.w.org\/{rel}","templated":true}]}}