{"id":25359,"date":"2025-01-08T15:52:33","date_gmt":"2025-01-08T20:52:33","guid":{"rendered":"https:\/\/mrcvs.ca\/mise-au-point-sur-les-problematiques-liees-a-la-collecte-de-matieres-recyclables\/"},"modified":"2025-01-08T15:56:23","modified_gmt":"2025-01-08T20:56:23","slug":"mise-au-point-sur-les-problematiques-liees-a-la-collecte-de-matieres-recyclables","status":"publish","type":"post","link":"https:\/\/mrcvs.ca\/en\/mise-au-point-sur-les-problematiques-liees-a-la-collecte-de-matieres-recyclables\/","title":{"rendered":"Mise au point sur les probl\u00e9matiques li\u00e9es \u00e0 la collecte de mati\u00e8res recyclables"},"content":{"rendered":"<p><strong>Vaudreuil-Dorion, le 8 janvier 2025<\/strong> \u2013 La MRC de Vaudreuil-Soulanges, responsable de la collecte des mati\u00e8res recyclables pour les 23 municipalit\u00e9s de la r\u00e9gion, souhaite informer la population des mesures mises en place \u00e0 la suite des probl\u00e9matiques v\u00e9cues dans les derniers jours dans plusieurs municipalit\u00e9s. Depuis le 1<sup>er<\/sup> janvier 2025, une nouvelle entreprise de collecte des mati\u00e8res recyclables par bacs roulants assure le service pour l\u2019ensemble du territoire de la MRC de Vaudreuil-Soulanges. Ce changement s\u2019inscrit dans le cadre de l\u2019entente de partenariat avec \u00c9co Entreprises Qu\u00e9bec pour la modernisation de la collecte s\u00e9lective. Plusieurs municipalit\u00e9s et citoyens ont port\u00e9 \u00e0 l\u2019attention de la MRC diff\u00e9rentes probl\u00e9matiques v\u00e9cues lors des premi\u00e8res collectes effectu\u00e9es par le nouvel entrepreneur. De nombreux secteurs dans plusieurs municipalit\u00e9s n&#8217;ont pas \u00e9t\u00e9 collect\u00e9s \u00e0 la date pr\u00e9vue et la collecte des surplus de mati\u00e8res recyclables \u00e0 c\u00f4t\u00e9 des bacs bleus n&#8217;a pas \u00e9t\u00e9 effectu\u00e9e sur une grande partie du territoire, et ce, malgr\u00e9 la pr\u00e9paration rigoureuse habituelle et les mesures de pr\u00e9caution mises en place en amont par nos \u00e9quipes. La MRC de Vaudreuil-Soulanges travaille activement pour r\u00e9tablir la situation avec l\u2019entrepreneur, et ce depuis la semaine derni\u00e8re. Des camions suppl\u00e9mentaires ont \u00e9t\u00e9 d\u00e9ploy\u00e9s sur le territoire pour effectuer les collectes dans les municipalit\u00e9s concern\u00e9es, ainsi que pour r\u00e9cup\u00e9rer les mati\u00e8res dans les secteurs oubli\u00e9s. L\u2019entrepreneur d\u00e9ploiera un superviseur terrain suppl\u00e9mentaire sur l\u2019ensemble du territoire afin de suivre la situation de pr\u00e8s, et ce, jusqu\u2019\u00e0 ce que la situation soit corrig\u00e9e. La population est invit\u00e9e \u00e0 ranger leur bac bleu et le mettre en bordure de rue le m\u00eame jour que la collecte des mati\u00e8res recyclables pr\u00e9vue dans leur secteur, selon le nouveau <a href=\"https:\/\/mrcvs.ca\/journee-collecte-matieres-recyclables\/\">calendrier<\/a>. De plus, la p\u00e9riode de collecte de surplus de mati\u00e8res recyclables est prolong\u00e9e du<strong> 9 et le 14 janvier 2025 <\/strong>inclusivement et que celle-ci se fera le m\u00eame jour que la collecte des mati\u00e8res recyclables. Vous pouvez d\u00e9poser toutes autres mati\u00e8res recyclables suppl\u00e9mentaires <strong>\u00e0 une distance de 60 cm du bac bleu<\/strong> en les mettant dans des <strong>sacs transparents<\/strong> pr\u00e9vus \u00e0 cet effet. Pour les bo\u00eetes de carton, il vous suffit de les d\u00e9monter, de les empiler dans une seule bo\u00eete d\u2019une grandeur maximale propos\u00e9e de 90 cm sur 90 cm et de les placer \u00e0 c\u00f4t\u00e9 de votre bac bleu en veillant \u00e0 respecter \u00e9galement une distance de 60 cm. Nous sommes d\u00e9sol\u00e9s des d\u00e9sagr\u00e9ments caus\u00e9s, soyez assur\u00e9 que la MRC travaille avec acharnement afin que la situation soit corrig\u00e9e dans les plus brefs d\u00e9lais et que plusieurs mesures ont \u00e9t\u00e9 entreprises afin de rectifier la situation actuelle et veiller au bon d\u00e9roulement des collectes futures.<\/p>\n","protected":false},"excerpt":{"rendered":"<p>Vaudreuil-Dorion, le 8 janvier 2025 \u2013 La MRC de Vaudreuil-Soulanges, responsable de la collecte des mati\u00e8res recyclables pour les 23 municipalit\u00e9s de la r\u00e9gion, souhaite informer la population des mesures mises en place \u00e0 la suite des probl\u00e9matiques v\u00e9cues dans les derniers jours dans plusieurs municipalit\u00e9s. Depuis le 1er janvier 2025, une nouvelle entreprise de [&hellip;]<\/p>\n","protected":false},"author":5,"featured_media":25356,"comment_status":"closed","ping_status":"closed","sticky":false,"template":"","format":"standard","meta":{"_et_pb_use_builder":"","_et_pb_old_content":"","_et_gb_content_width":"","footnotes":""},"categories":[44,48,45],"tags":[],"yoast_head":"<!-- This site is optimized with the Yoast SEO plugin v23.0 - https:\/\/yoast.com\/wordpress\/plugins\/seo\/ -->\n<title>Mise au point sur les probl\u00e9matiques li\u00e9es \u00e0 la collecte de mati\u00e8res recyclables - MRC of Vaudreuil-Soulanges<\/title>\n<meta name=\"robots\" content=\"index, follow, max-snippet:-1, max-image-preview:large, max-video-preview:-1\" \/>\n<link rel=\"canonical\" href=\"https:\/\/mrcvs.ca\/en\/mise-au-point-sur-les-problematiques-liees-a-la-collecte-de-matieres-recyclables\/\" \/>\n<meta property=\"og:locale\" content=\"en_US\" \/>\n<meta property=\"og:type\" content=\"article\" \/>\n<meta property=\"og:title\" content=\"Mise au point sur les probl\u00e9matiques li\u00e9es \u00e0 la collecte de mati\u00e8res recyclables - MRC of Vaudreuil-Soulanges\" \/>\n<meta property=\"og:description\" content=\"Vaudreuil-Dorion, le 8 janvier 2025 \u2013 La MRC de Vaudreuil-Soulanges, responsable de la collecte des mati\u00e8res recyclables pour les 23 municipalit\u00e9s de la r\u00e9gion, souhaite informer la population des mesures mises en place \u00e0 la suite des probl\u00e9matiques v\u00e9cues dans les derniers jours dans plusieurs municipalit\u00e9s. Depuis le 1er janvier 2025, une nouvelle entreprise de [&hellip;]\" \/>\n<meta property=\"og:url\" content=\"https:\/\/mrcvs.ca\/en\/mise-au-point-sur-les-problematiques-liees-a-la-collecte-de-matieres-recyclables\/\" \/>\n<meta property=\"og:site_name\" content=\"MRC of Vaudreuil-Soulanges\" \/>\n<meta property=\"article:publisher\" content=\"https:\/\/www.facebook.com\/mrcvaudreuilsoulanges\/\" \/>\n<meta property=\"article:published_time\" content=\"2025-01-08T20:52:33+00:00\" \/>\n<meta property=\"article:modified_time\" content=\"2025-01-08T20:56:23+00:00\" \/>\n<meta property=\"og:image\" content=\"https:\/\/mrcvs.ca\/wp-content\/uploads\/2025\/01\/Collecte-surplus-mrcvs_FB-web.jpg\" \/>\n\t<meta property=\"og:image:width\" content=\"2400\" \/>\n\t<meta property=\"og:image:height\" content=\"1260\" \/>\n\t<meta property=\"og:image:type\" content=\"image\/jpeg\" \/>\n<meta name=\"author\" content=\"Marie-Eve Gingras-Gosselin\" \/>\n<meta name=\"twitter:card\" content=\"summary_large_image\" \/>\n<meta name=\"twitter:label1\" content=\"Written by\" \/>\n\t<meta name=\"twitter:data1\" content=\"Marie-Eve Gingras-Gosselin\" \/>\n\t<meta name=\"twitter:label2\" content=\"Est. reading time\" \/>\n\t<meta name=\"twitter:data2\" content=\"2 minutes\" \/>\n<script type=\"application\/ld+json\" class=\"yoast-schema-graph\">{\"@context\":\"https:\/\/schema.org\",\"@graph\":[{\"@type\":\"Article\",\"@id\":\"https:\/\/mrcvs.ca\/en\/mise-au-point-sur-les-problematiques-liees-a-la-collecte-de-matieres-recyclables\/#article\",\"isPartOf\":{\"@id\":\"https:\/\/mrcvs.ca\/en\/mise-au-point-sur-les-problematiques-liees-a-la-collecte-de-matieres-recyclables\/\"},\"author\":{\"name\":\"Marie-Eve Gingras-Gosselin\",\"@id\":\"https:\/\/mrcvs.ca\/#\/schema\/person\/8fd29c6e3cd29daca3de077a77e5e3d6\"},\"headline\":\"Mise au point sur les probl\u00e9matiques li\u00e9es \u00e0 la collecte de mati\u00e8res recyclables\",\"datePublished\":\"2025-01-08T20:52:33+00:00\",\"dateModified\":\"2025-01-08T20:56:23+00:00\",\"mainEntityOfPage\":{\"@id\":\"https:\/\/mrcvs.ca\/en\/mise-au-point-sur-les-problematiques-liees-a-la-collecte-de-matieres-recyclables\/\"},\"wordCount\":504,\"publisher\":{\"@id\":\"https:\/\/mrcvs.ca\/#organization\"},\"image\":{\"@id\":\"https:\/\/mrcvs.ca\/en\/mise-au-point-sur-les-problematiques-liees-a-la-collecte-de-matieres-recyclables\/#primaryimage\"},\"thumbnailUrl\":\"https:\/\/mrcvs.ca\/wp-content\/uploads\/2025\/01\/Collecte-surplus-mrcvs_FB-web.jpg\",\"articleSection\":[\"Citizens\",\"Environment\",\"Municipalities\"],\"inLanguage\":\"en-US\"},{\"@type\":\"WebPage\",\"@id\":\"https:\/\/mrcvs.ca\/en\/mise-au-point-sur-les-problematiques-liees-a-la-collecte-de-matieres-recyclables\/\",\"url\":\"https:\/\/mrcvs.ca\/en\/mise-au-point-sur-les-problematiques-liees-a-la-collecte-de-matieres-recyclables\/\",\"name\":\"Mise au point sur les probl\u00e9matiques li\u00e9es \u00e0 la collecte de mati\u00e8res recyclables - MRC of Vaudreuil-Soulanges\",\"isPartOf\":{\"@id\":\"https:\/\/mrcvs.ca\/#website\"},\"primaryImageOfPage\":{\"@id\":\"https:\/\/mrcvs.ca\/en\/mise-au-point-sur-les-problematiques-liees-a-la-collecte-de-matieres-recyclables\/#primaryimage\"},\"image\":{\"@id\":\"https:\/\/mrcvs.ca\/en\/mise-au-point-sur-les-problematiques-liees-a-la-collecte-de-matieres-recyclables\/#primaryimage\"},\"thumbnailUrl\":\"https:\/\/mrcvs.ca\/wp-content\/uploads\/2025\/01\/Collecte-surplus-mrcvs_FB-web.jpg\",\"datePublished\":\"2025-01-08T20:52:33+00:00\",\"dateModified\":\"2025-01-08T20:56:23+00:00\",\"breadcrumb\":{\"@id\":\"https:\/\/mrcvs.ca\/en\/mise-au-point-sur-les-problematiques-liees-a-la-collecte-de-matieres-recyclables\/#breadcrumb\"},\"inLanguage\":\"en-US\",\"potentialAction\":[{\"@type\":\"ReadAction\",\"target\":[\"https:\/\/mrcvs.ca\/en\/mise-au-point-sur-les-problematiques-liees-a-la-collecte-de-matieres-recyclables\/\"]}]},{\"@type\":\"ImageObject\",\"inLanguage\":\"en-US\",\"@id\":\"https:\/\/mrcvs.ca\/en\/mise-au-point-sur-les-problematiques-liees-a-la-collecte-de-matieres-recyclables\/#primaryimage\",\"url\":\"https:\/\/mrcvs.ca\/wp-content\/uploads\/2025\/01\/Collecte-surplus-mrcvs_FB-web.jpg\",\"contentUrl\":\"https:\/\/mrcvs.ca\/wp-content\/uploads\/2025\/01\/Collecte-surplus-mrcvs_FB-web.jpg\",\"width\":2400,\"height\":1260},{\"@type\":\"BreadcrumbList\",\"@id\":\"https:\/\/mrcvs.ca\/en\/mise-au-point-sur-les-problematiques-liees-a-la-collecte-de-matieres-recyclables\/#breadcrumb\",\"itemListElement\":[{\"@type\":\"ListItem\",\"position\":1,\"name\":\"Accueil\",\"item\":\"https:\/\/mrcvs.ca\/en\/\"},{\"@type\":\"ListItem\",\"position\":2,\"name\":\"Mise au point sur les probl\u00e9matiques li\u00e9es \u00e0 la collecte de mati\u00e8res recyclables\"}]},{\"@type\":\"WebSite\",\"@id\":\"https:\/\/mrcvs.ca\/#website\",\"url\":\"https:\/\/mrcvs.ca\/\",\"name\":\"MRC de Vaudreuil-Soulanges\",\"description\":\"MRC of Vaudreuil-Soulanges \",\"publisher\":{\"@id\":\"https:\/\/mrcvs.ca\/#organization\"},\"potentialAction\":[{\"@type\":\"SearchAction\",\"target\":{\"@type\":\"EntryPoint\",\"urlTemplate\":\"https:\/\/mrcvs.ca\/?s={search_term_string}\"},\"query-input\":\"required name=search_term_string\"}],\"inLanguage\":\"en-US\"},{\"@type\":\"Organization\",\"@id\":\"https:\/\/mrcvs.ca\/#organization\",\"name\":\"MRC Vaudreuil-Soulanges\",\"url\":\"https:\/\/mrcvs.ca\/\",\"logo\":{\"@type\":\"ImageObject\",\"inLanguage\":\"en-US\",\"@id\":\"https:\/\/mrcvs.ca\/#\/schema\/logo\/image\/\",\"url\":\"https:\/\/mrcvs.ca\/wp-content\/uploads\/2018\/10\/MRC_VS_LOGO.png\",\"contentUrl\":\"https:\/\/mrcvs.ca\/wp-content\/uploads\/2018\/10\/MRC_VS_LOGO.png\",\"width\":1080,\"height\":460,\"caption\":\"MRC Vaudreuil-Soulanges\"},\"image\":{\"@id\":\"https:\/\/mrcvs.ca\/#\/schema\/logo\/image\/\"},\"sameAs\":[\"https:\/\/www.facebook.com\/mrcvaudreuilsoulanges\/\"]},{\"@type\":\"Person\",\"@id\":\"https:\/\/mrcvs.ca\/#\/schema\/person\/8fd29c6e3cd29daca3de077a77e5e3d6\",\"name\":\"Marie-Eve Gingras-Gosselin\",\"sameAs\":[\"https:\/\/mrcvs.ca\"]}]}<\/script>\n<!-- \/ Yoast SEO plugin. -->","yoast_head_json":{"title":"Mise au point sur les probl\u00e9matiques li\u00e9es \u00e0 la collecte de mati\u00e8res recyclables - MRC of Vaudreuil-Soulanges","robots":{"index":"index","follow":"follow","max-snippet":"max-snippet:-1","max-image-preview":"max-image-preview:large","max-video-preview":"max-video-preview:-1"},"canonical":"https:\/\/mrcvs.ca\/en\/mise-au-point-sur-les-problematiques-liees-a-la-collecte-de-matieres-recyclables\/","og_locale":"en_US","og_type":"article","og_title":"Mise au point sur les probl\u00e9matiques li\u00e9es \u00e0 la collecte de mati\u00e8res recyclables - MRC of Vaudreuil-Soulanges","og_description":"Vaudreuil-Dorion, le 8 janvier 2025 \u2013 La MRC de Vaudreuil-Soulanges, responsable de la collecte des mati\u00e8res recyclables pour les 23 municipalit\u00e9s de la r\u00e9gion, souhaite informer la population des mesures mises en place \u00e0 la suite des probl\u00e9matiques v\u00e9cues dans les derniers jours dans plusieurs municipalit\u00e9s. Depuis le 1er janvier 2025, une nouvelle entreprise de [&hellip;]","og_url":"https:\/\/mrcvs.ca\/en\/mise-au-point-sur-les-problematiques-liees-a-la-collecte-de-matieres-recyclables\/","og_site_name":"MRC of Vaudreuil-Soulanges","article_publisher":"https:\/\/www.facebook.com\/mrcvaudreuilsoulanges\/","article_published_time":"2025-01-08T20:52:33+00:00","article_modified_time":"2025-01-08T20:56:23+00:00","og_image":[{"width":2400,"height":1260,"url":"https:\/\/mrcvs.ca\/wp-content\/uploads\/2025\/01\/Collecte-surplus-mrcvs_FB-web.jpg","type":"image\/jpeg"}],"author":"Marie-Eve Gingras-Gosselin","twitter_card":"summary_large_image","twitter_misc":{"Written by":"Marie-Eve Gingras-Gosselin","Est. reading time":"2 minutes"},"schema":{"@context":"https:\/\/schema.org","@graph":[{"@type":"Article","@id":"https:\/\/mrcvs.ca\/en\/mise-au-point-sur-les-problematiques-liees-a-la-collecte-de-matieres-recyclables\/#article","isPartOf":{"@id":"https:\/\/mrcvs.ca\/en\/mise-au-point-sur-les-problematiques-liees-a-la-collecte-de-matieres-recyclables\/"},"author":{"name":"Marie-Eve Gingras-Gosselin","@id":"https:\/\/mrcvs.ca\/#\/schema\/person\/8fd29c6e3cd29daca3de077a77e5e3d6"},"headline":"Mise au point sur les probl\u00e9matiques li\u00e9es \u00e0 la collecte de mati\u00e8res recyclables","datePublished":"2025-01-08T20:52:33+00:00","dateModified":"2025-01-08T20:56:23+00:00","mainEntityOfPage":{"@id":"https:\/\/mrcvs.ca\/en\/mise-au-point-sur-les-problematiques-liees-a-la-collecte-de-matieres-recyclables\/"},"wordCount":504,"publisher":{"@id":"https:\/\/mrcvs.ca\/#organization"},"image":{"@id":"https:\/\/mrcvs.ca\/en\/mise-au-point-sur-les-problematiques-liees-a-la-collecte-de-matieres-recyclables\/#primaryimage"},"thumbnailUrl":"https:\/\/mrcvs.ca\/wp-content\/uploads\/2025\/01\/Collecte-surplus-mrcvs_FB-web.jpg","articleSection":["Citizens","Environment","Municipalities"],"inLanguage":"en-US"},{"@type":"WebPage","@id":"https:\/\/mrcvs.ca\/en\/mise-au-point-sur-les-problematiques-liees-a-la-collecte-de-matieres-recyclables\/","url":"https:\/\/mrcvs.ca\/en\/mise-au-point-sur-les-problematiques-liees-a-la-collecte-de-matieres-recyclables\/","name":"Mise au point sur les probl\u00e9matiques li\u00e9es \u00e0 la collecte de mati\u00e8res recyclables - MRC of Vaudreuil-Soulanges","isPartOf":{"@id":"https:\/\/mrcvs.ca\/#website"},"primaryImageOfPage":{"@id":"https:\/\/mrcvs.ca\/en\/mise-au-point-sur-les-problematiques-liees-a-la-collecte-de-matieres-recyclables\/#primaryimage"},"image":{"@id":"https:\/\/mrcvs.ca\/en\/mise-au-point-sur-les-problematiques-liees-a-la-collecte-de-matieres-recyclables\/#primaryimage"},"thumbnailUrl":"https:\/\/mrcvs.ca\/wp-content\/uploads\/2025\/01\/Collecte-surplus-mrcvs_FB-web.jpg","datePublished":"2025-01-08T20:52:33+00:00","dateModified":"2025-01-08T20:56:23+00:00","breadcrumb":{"@id":"https:\/\/mrcvs.ca\/en\/mise-au-point-sur-les-problematiques-liees-a-la-collecte-de-matieres-recyclables\/#breadcrumb"},"inLanguage":"en-US","potentialAction":[{"@type":"ReadAction","target":["https:\/\/mrcvs.ca\/en\/mise-au-point-sur-les-problematiques-liees-a-la-collecte-de-matieres-recyclables\/"]}]},{"@type":"ImageObject","inLanguage":"en-US","@id":"https:\/\/mrcvs.ca\/en\/mise-au-point-sur-les-problematiques-liees-a-la-collecte-de-matieres-recyclables\/#primaryimage","url":"https:\/\/mrcvs.ca\/wp-content\/uploads\/2025\/01\/Collecte-surplus-mrcvs_FB-web.jpg","contentUrl":"https:\/\/mrcvs.ca\/wp-content\/uploads\/2025\/01\/Collecte-surplus-mrcvs_FB-web.jpg","width":2400,"height":1260},{"@type":"BreadcrumbList","@id":"https:\/\/mrcvs.ca\/en\/mise-au-point-sur-les-problematiques-liees-a-la-collecte-de-matieres-recyclables\/#breadcrumb","itemListElement":[{"@type":"ListItem","position":1,"name":"Accueil","item":"https:\/\/mrcvs.ca\/en\/"},{"@type":"ListItem","position":2,"name":"Mise au point sur les probl\u00e9matiques li\u00e9es \u00e0 la collecte de mati\u00e8res recyclables"}]},{"@type":"WebSite","@id":"https:\/\/mrcvs.ca\/#website","url":"https:\/\/mrcvs.ca\/","name":"MRC de Vaudreuil-Soulanges","description":"MRC of Vaudreuil-Soulanges ","publisher":{"@id":"https:\/\/mrcvs.ca\/#organization"},"potentialAction":[{"@type":"SearchAction","target":{"@type":"EntryPoint","urlTemplate":"https:\/\/mrcvs.ca\/?s={search_term_string}"},"query-input":"required name=search_term_string"}],"inLanguage":"en-US"},{"@type":"Organization","@id":"https:\/\/mrcvs.ca\/#organization","name":"MRC Vaudreuil-Soulanges","url":"https:\/\/mrcvs.ca\/","logo":{"@type":"ImageObject","inLanguage":"en-US","@id":"https:\/\/mrcvs.ca\/#\/schema\/logo\/image\/","url":"https:\/\/mrcvs.ca\/wp-content\/uploads\/2018\/10\/MRC_VS_LOGO.png","contentUrl":"https:\/\/mrcvs.ca\/wp-content\/uploads\/2018\/10\/MRC_VS_LOGO.png","width":1080,"height":460,"caption":"MRC Vaudreuil-Soulanges"},"image":{"@id":"https:\/\/mrcvs.ca\/#\/schema\/logo\/image\/"},"sameAs":["https:\/\/www.facebook.com\/mrcvaudreuilsoulanges\/"]},{"@type":"Person","@id":"https:\/\/mrcvs.ca\/#\/schema\/person\/8fd29c6e3cd29daca3de077a77e5e3d6","name":"Marie-Eve Gingras-Gosselin","sameAs":["https:\/\/mrcvs.ca"]}]}},"_links":{"self":[{"href":"https:\/\/mrcvs.ca\/en\/wp-json\/wp\/v2\/posts\/25359"}],"collection":[{"href":"https:\/\/mrcvs.ca\/en\/wp-json\/wp\/v2\/posts"}],"about":[{"href":"https:\/\/mrcvs.ca\/en\/wp-json\/wp\/v2\/types\/post"}],"author":[{"embeddable":true,"href":"https:\/\/mrcvs.ca\/en\/wp-json\/wp\/v2\/users\/5"}],"replies":[{"embeddable":true,"href":"https:\/\/mrcvs.ca\/en\/wp-json\/wp\/v2\/comments?post=25359"}],"version-history":[{"count":0,"href":"https:\/\/mrcvs.ca\/en\/wp-json\/wp\/v2\/posts\/25359\/revisions"}],"wp:featuredmedia":[{"embeddable":true,"href":"https:\/\/mrcvs.ca\/en\/wp-json\/wp\/v2\/media\/25356"}],"wp:attachment":[{"href":"https:\/\/mrcvs.ca\/en\/wp-json\/wp\/v2\/media?parent=25359"}],"wp:term":[{"taxonomy":"category","embeddable":true,"href":"https:\/\/mrcvs.ca\/en\/wp-json\/wp\/v2\/categories?post=25359"},{"taxonomy":"post_tag","embeddable":true,"href":"https:\/\/mrcvs.ca\/en\/wp-json\/wp\/v2\/tags?post=25359"}],"curies":[{"name":"wp","href":"https:\/\/api.w.org\/{rel}","templated":true}]}}