{"id":24726,"date":"2024-11-05T17:10:57","date_gmt":"2024-11-05T22:10:57","guid":{"rendered":"https:\/\/mrcvs.ca\/la-mrc-de-vaudreuil-soulanges-annonce-la-nomination-de-monsieur-alexandre-lambert-a-titre-de-directeur-general\/"},"modified":"2024-11-06T12:17:52","modified_gmt":"2024-11-06T17:17:52","slug":"la-mrc-de-vaudreuil-soulanges-annonce-la-nomination-de-monsieur-alexandre-lambert-a-titre-de-directeur-general","status":"publish","type":"post","link":"https:\/\/mrcvs.ca\/en\/la-mrc-de-vaudreuil-soulanges-annonce-la-nomination-de-monsieur-alexandre-lambert-a-titre-de-directeur-general\/","title":{"rendered":"La MRC de Vaudreuil-Soulanges annonce la nomination de monsieur Alexandre Lambert \u00e0 titre de directeur g\u00e9n\u00e9ral"},"content":{"rendered":"<p><strong>Vaudreuil-Dorion, le 5 novembre 2024 <\/strong>\u2013 C\u2019est lors de la s\u00e9ance extraordinaire du 4 novembre dernier que le conseil de la MRC de Vaudreuil-Soulanges a proc\u00e9d\u00e9 \u00e0 la nomination de monsieur Alexandre Lambert au poste de directeur g\u00e9n\u00e9ral. Rappelons que M. Lambert est en poste depuis f\u00e9vrier 2024 \u00e0 titre de directeur g\u00e9n\u00e9ral adjoint par int\u00e9rim et \u00e0 titre de directeur g\u00e9n\u00e9ral par int\u00e9rim depuis juin 2024.D\u00e9tenteur d\u2019un doctorat en am\u00e9nagement et d\u2019une maitrise en urbanisme,\u00a0M. Lambert poss\u00e8de\u00a0plusieurs ann\u00e9es d&#8217;exp\u00e9rience dans le milieu municipal. Il a notamment pilot\u00e9 pour la ministre des Affaires municipales la r\u00e9forme de la loi sur l\u2019am\u00e9nagement et l\u2019urbanisme et les nouvelles orientations gouvernementales en am\u00e9nagement du territoire.<\/p>\n<p>C\u2019est \u00e0 la suite d\u2019une analyse des besoins organisationnels que la MRC a \u00e9galement proc\u00e9d\u00e9 \u00e0 la r\u00e9vision de sa structure de direction. Dans ce cadre, Me Marie-H\u00e9l\u00e8ne Rivest a \u00e9t\u00e9 nomm\u00e9e au poste de directrice du greffe et de greffi\u00e8re-tr\u00e9sori\u00e8re, Mme Julie Cassab a \u00e9t\u00e9 nomm\u00e9e au poste de directrice des communications et du d\u00e9veloppement social et Mme Ma\u00eft\u00e9 Thibault, directrice des finances et de la comptabilit\u00e9 agira aussi \u00e0 titre de greffi\u00e8re-tr\u00e9sori\u00e8re adjointe. En plus de la cr\u00e9ation d\u2019un poste de directeur(trice) de l\u2019am\u00e9nagement et de la g\u00e9omatique qui sera \u00e0 pourvoir.<\/p>\n<p>Enfin, la MRC a proc\u00e9d\u00e9 \u00e0 l\u2019abolition des postes de directeur(trice) g\u00e9n\u00e9ral adjoint et de directeur(trice) des ressources humaines.<\/p>\n<blockquote><p>\u00ab En mon nom et en celui des membres du conseil, je tiens \u00e0 f\u00e9liciter chaleureusement monsieur Alexandre Lambert pour sa nomination comme directeur g\u00e9n\u00e9ral de la MRC, ainsi que ses coll\u00e8gues dans leurs nouvelles fonctions respectives. Ces changements sont mis en place avec une volont\u00e9 sinc\u00e8re d\u2019am\u00e9liorer constamment la MRC et la direction g\u00e9n\u00e9rale peut compter sur l\u2019appui des membres du Conseil dans l\u2019exercice de ses fonctions afin de faire progresser nos dossiers r\u00e9gionaux pour le bien des citoyens de la r\u00e9gion de Vaudreuil-Soulanges. \u00bb souligne monsieur Patrick Bousez, pr\u00e9fet de la MRC et maire de Rivi\u00e8re-Beaudette.<\/p><\/blockquote>\n<blockquote><p>\u00ab C\u2019est avec une certaine f\u00e9brilit\u00e9, mais surtout beaucoup d\u2019humilit\u00e9 que j\u2019accepte ce nouveau d\u00e9fi. Je remercie le conseil pour la confiance qui m&#8217;est accord\u00e9e et je prends comme une grande responsabilit\u00e9 d\u2019accentuer la collaboration de la MRC avec tous ses partenaires sur le territoire, notamment les 23 municipalit\u00e9s. Le travail d\u2019\u00e9quipe est non seulement une force, mais un besoin essentiel pour moi. Je suis privil\u00e9gi\u00e9 de faire partie d\u2019une \u00e9quipe solide et comp\u00e9tente, \u00e0 la hauteur des d\u00e9fis et des ambitions pour servir notre r\u00e9gion. \u00bb mentionne monsieur Alexandre Lambert, directeur g\u00e9n\u00e9ral de la MRC de Vaudreuil-Soulanges.<\/p><\/blockquote>\n<p><strong>\u00a0<\/strong><\/p>\n<p><strong>\u00c0 propos de la <\/strong><strong>MRC de Vaudreuil-Soulanges<\/strong><\/p>\n<p>La MRC de Vaudreuil-Soulanges regroupe les 23 municipalit\u00e9s de son territoire de 855\u00a0km\u00b2, qui s\u2019\u00e9tend de L\u2019\u00cele Perrot jusqu\u2019\u00e0 la fronti\u00e8re ontarienne. Sous la direction politique de son pr\u00e9fet, M.\u00a0Patrick Bousez, la mission de la MRC vise la concertation, la planification ainsi que la gestion de l\u2019am\u00e9nagement et du d\u00e9veloppement de son territoire selon les principes de d\u00e9veloppement durable. Son r\u00f4le de chef de file et de rassembleur aupr\u00e8s des principaux intervenants du territoire facilite la coordination d\u2019actions r\u00e9gionales selon quatre sph\u00e8res\u00a0: la planification, le d\u00e9veloppement, les services aux municipalit\u00e9s et les services aux citoyens.<\/p>\n<p>Les ma\u00eetres-mots de la MRC\u00a0sont planifier, concerter et agir. Pour plus d\u2019information, visitez le <a href=\"http:\/\/www.mrcvs.ca\">www.mrcvs.ca<\/a>.<\/p>\n","protected":false},"excerpt":{"rendered":"<p>Vaudreuil-Dorion, le 5 novembre 2024 \u2013 C\u2019est lors de la s\u00e9ance extraordinaire du 4 novembre dernier que le conseil de la MRC de Vaudreuil-Soulanges a proc\u00e9d\u00e9 \u00e0 la nomination de monsieur Alexandre Lambert au poste de directeur g\u00e9n\u00e9ral. Rappelons que M. Lambert est en poste depuis f\u00e9vrier 2024 \u00e0 titre de directeur g\u00e9n\u00e9ral adjoint par [&hellip;]<\/p>\n","protected":false},"author":5,"featured_media":24724,"comment_status":"closed","ping_status":"closed","sticky":false,"template":"","format":"standard","meta":{"_et_pb_use_builder":"","_et_pb_old_content":"","_et_gb_content_width":"","footnotes":""},"categories":[44,45],"tags":[],"yoast_head":"<!-- This site is optimized with the Yoast SEO plugin v23.0 - https:\/\/yoast.com\/wordpress\/plugins\/seo\/ -->\n<title>La MRC de Vaudreuil-Soulanges annonce la nomination de monsieur Alexandre Lambert \u00e0 titre de directeur g\u00e9n\u00e9ral - MRC of Vaudreuil-Soulanges<\/title>\n<meta name=\"robots\" content=\"index, follow, max-snippet:-1, max-image-preview:large, max-video-preview:-1\" \/>\n<link rel=\"canonical\" href=\"https:\/\/mrcvs.ca\/en\/la-mrc-de-vaudreuil-soulanges-annonce-la-nomination-de-monsieur-alexandre-lambert-a-titre-de-directeur-general\/\" \/>\n<meta property=\"og:locale\" content=\"en_US\" \/>\n<meta property=\"og:type\" content=\"article\" \/>\n<meta property=\"og:title\" content=\"La MRC de Vaudreuil-Soulanges annonce la nomination de monsieur Alexandre Lambert \u00e0 titre de directeur g\u00e9n\u00e9ral - MRC of Vaudreuil-Soulanges\" \/>\n<meta property=\"og:description\" content=\"Vaudreuil-Dorion, le 5 novembre 2024 \u2013 C\u2019est lors de la s\u00e9ance extraordinaire du 4 novembre dernier que le conseil de la MRC de Vaudreuil-Soulanges a proc\u00e9d\u00e9 \u00e0 la nomination de monsieur Alexandre Lambert au poste de directeur g\u00e9n\u00e9ral. Rappelons que M. Lambert est en poste depuis f\u00e9vrier 2024 \u00e0 titre de directeur g\u00e9n\u00e9ral adjoint par [&hellip;]\" \/>\n<meta property=\"og:url\" content=\"https:\/\/mrcvs.ca\/en\/la-mrc-de-vaudreuil-soulanges-annonce-la-nomination-de-monsieur-alexandre-lambert-a-titre-de-directeur-general\/\" \/>\n<meta property=\"og:site_name\" content=\"MRC of Vaudreuil-Soulanges\" \/>\n<meta property=\"article:publisher\" content=\"https:\/\/www.facebook.com\/mrcvaudreuilsoulanges\/\" \/>\n<meta property=\"article:published_time\" content=\"2024-11-05T22:10:57+00:00\" \/>\n<meta property=\"article:modified_time\" content=\"2024-11-06T17:17:52+00:00\" \/>\n<meta property=\"og:image\" content=\"https:\/\/mrcvs.ca\/wp-content\/uploads\/2024\/11\/Pole-civique-regional-WEB-1.jpg\" \/>\n\t<meta property=\"og:image:width\" content=\"2398\" \/>\n\t<meta property=\"og:image:height\" content=\"1260\" \/>\n\t<meta property=\"og:image:type\" content=\"image\/jpeg\" \/>\n<meta name=\"author\" content=\"Marie-Eve Gingras-Gosselin\" \/>\n<meta name=\"twitter:card\" content=\"summary_large_image\" \/>\n<meta name=\"twitter:label1\" content=\"Written by\" \/>\n\t<meta name=\"twitter:data1\" content=\"Marie-Eve Gingras-Gosselin\" \/>\n\t<meta name=\"twitter:label2\" content=\"Est. reading time\" \/>\n\t<meta name=\"twitter:data2\" content=\"3 minutes\" \/>\n<script type=\"application\/ld+json\" class=\"yoast-schema-graph\">{\"@context\":\"https:\/\/schema.org\",\"@graph\":[{\"@type\":\"Article\",\"@id\":\"https:\/\/mrcvs.ca\/en\/la-mrc-de-vaudreuil-soulanges-annonce-la-nomination-de-monsieur-alexandre-lambert-a-titre-de-directeur-general\/#article\",\"isPartOf\":{\"@id\":\"https:\/\/mrcvs.ca\/en\/la-mrc-de-vaudreuil-soulanges-annonce-la-nomination-de-monsieur-alexandre-lambert-a-titre-de-directeur-general\/\"},\"author\":{\"name\":\"Marie-Eve Gingras-Gosselin\",\"@id\":\"https:\/\/mrcvs.ca\/#\/schema\/person\/8fd29c6e3cd29daca3de077a77e5e3d6\"},\"headline\":\"La MRC de Vaudreuil-Soulanges annonce la nomination de monsieur Alexandre Lambert \u00e0 titre de directeur g\u00e9n\u00e9ral\",\"datePublished\":\"2024-11-05T22:10:57+00:00\",\"dateModified\":\"2024-11-06T17:17:52+00:00\",\"mainEntityOfPage\":{\"@id\":\"https:\/\/mrcvs.ca\/en\/la-mrc-de-vaudreuil-soulanges-annonce-la-nomination-de-monsieur-alexandre-lambert-a-titre-de-directeur-general\/\"},\"wordCount\":642,\"publisher\":{\"@id\":\"https:\/\/mrcvs.ca\/#organization\"},\"image\":{\"@id\":\"https:\/\/mrcvs.ca\/en\/la-mrc-de-vaudreuil-soulanges-annonce-la-nomination-de-monsieur-alexandre-lambert-a-titre-de-directeur-general\/#primaryimage\"},\"thumbnailUrl\":\"https:\/\/mrcvs.ca\/wp-content\/uploads\/2024\/11\/Pole-civique-regional-WEB-1.jpg\",\"articleSection\":[\"Citizens\",\"Municipalities\"],\"inLanguage\":\"en-US\"},{\"@type\":\"WebPage\",\"@id\":\"https:\/\/mrcvs.ca\/en\/la-mrc-de-vaudreuil-soulanges-annonce-la-nomination-de-monsieur-alexandre-lambert-a-titre-de-directeur-general\/\",\"url\":\"https:\/\/mrcvs.ca\/en\/la-mrc-de-vaudreuil-soulanges-annonce-la-nomination-de-monsieur-alexandre-lambert-a-titre-de-directeur-general\/\",\"name\":\"La MRC de Vaudreuil-Soulanges annonce la nomination de monsieur Alexandre Lambert \u00e0 titre de directeur g\u00e9n\u00e9ral - MRC of Vaudreuil-Soulanges\",\"isPartOf\":{\"@id\":\"https:\/\/mrcvs.ca\/#website\"},\"primaryImageOfPage\":{\"@id\":\"https:\/\/mrcvs.ca\/en\/la-mrc-de-vaudreuil-soulanges-annonce-la-nomination-de-monsieur-alexandre-lambert-a-titre-de-directeur-general\/#primaryimage\"},\"image\":{\"@id\":\"https:\/\/mrcvs.ca\/en\/la-mrc-de-vaudreuil-soulanges-annonce-la-nomination-de-monsieur-alexandre-lambert-a-titre-de-directeur-general\/#primaryimage\"},\"thumbnailUrl\":\"https:\/\/mrcvs.ca\/wp-content\/uploads\/2024\/11\/Pole-civique-regional-WEB-1.jpg\",\"datePublished\":\"2024-11-05T22:10:57+00:00\",\"dateModified\":\"2024-11-06T17:17:52+00:00\",\"breadcrumb\":{\"@id\":\"https:\/\/mrcvs.ca\/en\/la-mrc-de-vaudreuil-soulanges-annonce-la-nomination-de-monsieur-alexandre-lambert-a-titre-de-directeur-general\/#breadcrumb\"},\"inLanguage\":\"en-US\",\"potentialAction\":[{\"@type\":\"ReadAction\",\"target\":[\"https:\/\/mrcvs.ca\/en\/la-mrc-de-vaudreuil-soulanges-annonce-la-nomination-de-monsieur-alexandre-lambert-a-titre-de-directeur-general\/\"]}]},{\"@type\":\"ImageObject\",\"inLanguage\":\"en-US\",\"@id\":\"https:\/\/mrcvs.ca\/en\/la-mrc-de-vaudreuil-soulanges-annonce-la-nomination-de-monsieur-alexandre-lambert-a-titre-de-directeur-general\/#primaryimage\",\"url\":\"https:\/\/mrcvs.ca\/wp-content\/uploads\/2024\/11\/Pole-civique-regional-WEB-1.jpg\",\"contentUrl\":\"https:\/\/mrcvs.ca\/wp-content\/uploads\/2024\/11\/Pole-civique-regional-WEB-1.jpg\",\"width\":2398,\"height\":1260},{\"@type\":\"BreadcrumbList\",\"@id\":\"https:\/\/mrcvs.ca\/en\/la-mrc-de-vaudreuil-soulanges-annonce-la-nomination-de-monsieur-alexandre-lambert-a-titre-de-directeur-general\/#breadcrumb\",\"itemListElement\":[{\"@type\":\"ListItem\",\"position\":1,\"name\":\"Accueil\",\"item\":\"https:\/\/mrcvs.ca\/en\/\"},{\"@type\":\"ListItem\",\"position\":2,\"name\":\"La MRC de Vaudreuil-Soulanges annonce la nomination de monsieur Alexandre Lambert \u00e0 titre de directeur g\u00e9n\u00e9ral\"}]},{\"@type\":\"WebSite\",\"@id\":\"https:\/\/mrcvs.ca\/#website\",\"url\":\"https:\/\/mrcvs.ca\/\",\"name\":\"MRC de Vaudreuil-Soulanges\",\"description\":\"MRC of Vaudreuil-Soulanges \",\"publisher\":{\"@id\":\"https:\/\/mrcvs.ca\/#organization\"},\"potentialAction\":[{\"@type\":\"SearchAction\",\"target\":{\"@type\":\"EntryPoint\",\"urlTemplate\":\"https:\/\/mrcvs.ca\/?s={search_term_string}\"},\"query-input\":\"required name=search_term_string\"}],\"inLanguage\":\"en-US\"},{\"@type\":\"Organization\",\"@id\":\"https:\/\/mrcvs.ca\/#organization\",\"name\":\"MRC Vaudreuil-Soulanges\",\"url\":\"https:\/\/mrcvs.ca\/\",\"logo\":{\"@type\":\"ImageObject\",\"inLanguage\":\"en-US\",\"@id\":\"https:\/\/mrcvs.ca\/#\/schema\/logo\/image\/\",\"url\":\"https:\/\/mrcvs.ca\/wp-content\/uploads\/2018\/10\/MRC_VS_LOGO.png\",\"contentUrl\":\"https:\/\/mrcvs.ca\/wp-content\/uploads\/2018\/10\/MRC_VS_LOGO.png\",\"width\":1080,\"height\":460,\"caption\":\"MRC Vaudreuil-Soulanges\"},\"image\":{\"@id\":\"https:\/\/mrcvs.ca\/#\/schema\/logo\/image\/\"},\"sameAs\":[\"https:\/\/www.facebook.com\/mrcvaudreuilsoulanges\/\"]},{\"@type\":\"Person\",\"@id\":\"https:\/\/mrcvs.ca\/#\/schema\/person\/8fd29c6e3cd29daca3de077a77e5e3d6\",\"name\":\"Marie-Eve Gingras-Gosselin\",\"sameAs\":[\"https:\/\/mrcvs.ca\"]}]}<\/script>\n<!-- \/ Yoast SEO plugin. -->","yoast_head_json":{"title":"La MRC de Vaudreuil-Soulanges annonce la nomination de monsieur Alexandre Lambert \u00e0 titre de directeur g\u00e9n\u00e9ral - MRC of Vaudreuil-Soulanges","robots":{"index":"index","follow":"follow","max-snippet":"max-snippet:-1","max-image-preview":"max-image-preview:large","max-video-preview":"max-video-preview:-1"},"canonical":"https:\/\/mrcvs.ca\/en\/la-mrc-de-vaudreuil-soulanges-annonce-la-nomination-de-monsieur-alexandre-lambert-a-titre-de-directeur-general\/","og_locale":"en_US","og_type":"article","og_title":"La MRC de Vaudreuil-Soulanges annonce la nomination de monsieur Alexandre Lambert \u00e0 titre de directeur g\u00e9n\u00e9ral - MRC of Vaudreuil-Soulanges","og_description":"Vaudreuil-Dorion, le 5 novembre 2024 \u2013 C\u2019est lors de la s\u00e9ance extraordinaire du 4 novembre dernier que le conseil de la MRC de Vaudreuil-Soulanges a proc\u00e9d\u00e9 \u00e0 la nomination de monsieur Alexandre Lambert au poste de directeur g\u00e9n\u00e9ral. Rappelons que M. Lambert est en poste depuis f\u00e9vrier 2024 \u00e0 titre de directeur g\u00e9n\u00e9ral adjoint par [&hellip;]","og_url":"https:\/\/mrcvs.ca\/en\/la-mrc-de-vaudreuil-soulanges-annonce-la-nomination-de-monsieur-alexandre-lambert-a-titre-de-directeur-general\/","og_site_name":"MRC of Vaudreuil-Soulanges","article_publisher":"https:\/\/www.facebook.com\/mrcvaudreuilsoulanges\/","article_published_time":"2024-11-05T22:10:57+00:00","article_modified_time":"2024-11-06T17:17:52+00:00","og_image":[{"width":2398,"height":1260,"url":"https:\/\/mrcvs.ca\/wp-content\/uploads\/2024\/11\/Pole-civique-regional-WEB-1.jpg","type":"image\/jpeg"}],"author":"Marie-Eve Gingras-Gosselin","twitter_card":"summary_large_image","twitter_misc":{"Written by":"Marie-Eve Gingras-Gosselin","Est. reading time":"3 minutes"},"schema":{"@context":"https:\/\/schema.org","@graph":[{"@type":"Article","@id":"https:\/\/mrcvs.ca\/en\/la-mrc-de-vaudreuil-soulanges-annonce-la-nomination-de-monsieur-alexandre-lambert-a-titre-de-directeur-general\/#article","isPartOf":{"@id":"https:\/\/mrcvs.ca\/en\/la-mrc-de-vaudreuil-soulanges-annonce-la-nomination-de-monsieur-alexandre-lambert-a-titre-de-directeur-general\/"},"author":{"name":"Marie-Eve Gingras-Gosselin","@id":"https:\/\/mrcvs.ca\/#\/schema\/person\/8fd29c6e3cd29daca3de077a77e5e3d6"},"headline":"La MRC de Vaudreuil-Soulanges annonce la nomination de monsieur Alexandre Lambert \u00e0 titre de directeur g\u00e9n\u00e9ral","datePublished":"2024-11-05T22:10:57+00:00","dateModified":"2024-11-06T17:17:52+00:00","mainEntityOfPage":{"@id":"https:\/\/mrcvs.ca\/en\/la-mrc-de-vaudreuil-soulanges-annonce-la-nomination-de-monsieur-alexandre-lambert-a-titre-de-directeur-general\/"},"wordCount":642,"publisher":{"@id":"https:\/\/mrcvs.ca\/#organization"},"image":{"@id":"https:\/\/mrcvs.ca\/en\/la-mrc-de-vaudreuil-soulanges-annonce-la-nomination-de-monsieur-alexandre-lambert-a-titre-de-directeur-general\/#primaryimage"},"thumbnailUrl":"https:\/\/mrcvs.ca\/wp-content\/uploads\/2024\/11\/Pole-civique-regional-WEB-1.jpg","articleSection":["Citizens","Municipalities"],"inLanguage":"en-US"},{"@type":"WebPage","@id":"https:\/\/mrcvs.ca\/en\/la-mrc-de-vaudreuil-soulanges-annonce-la-nomination-de-monsieur-alexandre-lambert-a-titre-de-directeur-general\/","url":"https:\/\/mrcvs.ca\/en\/la-mrc-de-vaudreuil-soulanges-annonce-la-nomination-de-monsieur-alexandre-lambert-a-titre-de-directeur-general\/","name":"La MRC de Vaudreuil-Soulanges annonce la nomination de monsieur Alexandre Lambert \u00e0 titre de directeur g\u00e9n\u00e9ral - MRC of Vaudreuil-Soulanges","isPartOf":{"@id":"https:\/\/mrcvs.ca\/#website"},"primaryImageOfPage":{"@id":"https:\/\/mrcvs.ca\/en\/la-mrc-de-vaudreuil-soulanges-annonce-la-nomination-de-monsieur-alexandre-lambert-a-titre-de-directeur-general\/#primaryimage"},"image":{"@id":"https:\/\/mrcvs.ca\/en\/la-mrc-de-vaudreuil-soulanges-annonce-la-nomination-de-monsieur-alexandre-lambert-a-titre-de-directeur-general\/#primaryimage"},"thumbnailUrl":"https:\/\/mrcvs.ca\/wp-content\/uploads\/2024\/11\/Pole-civique-regional-WEB-1.jpg","datePublished":"2024-11-05T22:10:57+00:00","dateModified":"2024-11-06T17:17:52+00:00","breadcrumb":{"@id":"https:\/\/mrcvs.ca\/en\/la-mrc-de-vaudreuil-soulanges-annonce-la-nomination-de-monsieur-alexandre-lambert-a-titre-de-directeur-general\/#breadcrumb"},"inLanguage":"en-US","potentialAction":[{"@type":"ReadAction","target":["https:\/\/mrcvs.ca\/en\/la-mrc-de-vaudreuil-soulanges-annonce-la-nomination-de-monsieur-alexandre-lambert-a-titre-de-directeur-general\/"]}]},{"@type":"ImageObject","inLanguage":"en-US","@id":"https:\/\/mrcvs.ca\/en\/la-mrc-de-vaudreuil-soulanges-annonce-la-nomination-de-monsieur-alexandre-lambert-a-titre-de-directeur-general\/#primaryimage","url":"https:\/\/mrcvs.ca\/wp-content\/uploads\/2024\/11\/Pole-civique-regional-WEB-1.jpg","contentUrl":"https:\/\/mrcvs.ca\/wp-content\/uploads\/2024\/11\/Pole-civique-regional-WEB-1.jpg","width":2398,"height":1260},{"@type":"BreadcrumbList","@id":"https:\/\/mrcvs.ca\/en\/la-mrc-de-vaudreuil-soulanges-annonce-la-nomination-de-monsieur-alexandre-lambert-a-titre-de-directeur-general\/#breadcrumb","itemListElement":[{"@type":"ListItem","position":1,"name":"Accueil","item":"https:\/\/mrcvs.ca\/en\/"},{"@type":"ListItem","position":2,"name":"La MRC de Vaudreuil-Soulanges annonce la nomination de monsieur Alexandre Lambert \u00e0 titre de directeur g\u00e9n\u00e9ral"}]},{"@type":"WebSite","@id":"https:\/\/mrcvs.ca\/#website","url":"https:\/\/mrcvs.ca\/","name":"MRC de Vaudreuil-Soulanges","description":"MRC of Vaudreuil-Soulanges ","publisher":{"@id":"https:\/\/mrcvs.ca\/#organization"},"potentialAction":[{"@type":"SearchAction","target":{"@type":"EntryPoint","urlTemplate":"https:\/\/mrcvs.ca\/?s={search_term_string}"},"query-input":"required name=search_term_string"}],"inLanguage":"en-US"},{"@type":"Organization","@id":"https:\/\/mrcvs.ca\/#organization","name":"MRC Vaudreuil-Soulanges","url":"https:\/\/mrcvs.ca\/","logo":{"@type":"ImageObject","inLanguage":"en-US","@id":"https:\/\/mrcvs.ca\/#\/schema\/logo\/image\/","url":"https:\/\/mrcvs.ca\/wp-content\/uploads\/2018\/10\/MRC_VS_LOGO.png","contentUrl":"https:\/\/mrcvs.ca\/wp-content\/uploads\/2018\/10\/MRC_VS_LOGO.png","width":1080,"height":460,"caption":"MRC Vaudreuil-Soulanges"},"image":{"@id":"https:\/\/mrcvs.ca\/#\/schema\/logo\/image\/"},"sameAs":["https:\/\/www.facebook.com\/mrcvaudreuilsoulanges\/"]},{"@type":"Person","@id":"https:\/\/mrcvs.ca\/#\/schema\/person\/8fd29c6e3cd29daca3de077a77e5e3d6","name":"Marie-Eve Gingras-Gosselin","sameAs":["https:\/\/mrcvs.ca"]}]}},"_links":{"self":[{"href":"https:\/\/mrcvs.ca\/en\/wp-json\/wp\/v2\/posts\/24726"}],"collection":[{"href":"https:\/\/mrcvs.ca\/en\/wp-json\/wp\/v2\/posts"}],"about":[{"href":"https:\/\/mrcvs.ca\/en\/wp-json\/wp\/v2\/types\/post"}],"author":[{"embeddable":true,"href":"https:\/\/mrcvs.ca\/en\/wp-json\/wp\/v2\/users\/5"}],"replies":[{"embeddable":true,"href":"https:\/\/mrcvs.ca\/en\/wp-json\/wp\/v2\/comments?post=24726"}],"version-history":[{"count":0,"href":"https:\/\/mrcvs.ca\/en\/wp-json\/wp\/v2\/posts\/24726\/revisions"}],"wp:featuredmedia":[{"embeddable":true,"href":"https:\/\/mrcvs.ca\/en\/wp-json\/wp\/v2\/media\/24724"}],"wp:attachment":[{"href":"https:\/\/mrcvs.ca\/en\/wp-json\/wp\/v2\/media?parent=24726"}],"wp:term":[{"taxonomy":"category","embeddable":true,"href":"https:\/\/mrcvs.ca\/en\/wp-json\/wp\/v2\/categories?post=24726"},{"taxonomy":"post_tag","embeddable":true,"href":"https:\/\/mrcvs.ca\/en\/wp-json\/wp\/v2\/tags?post=24726"}],"curies":[{"name":"wp","href":"https:\/\/api.w.org\/{rel}","templated":true}]}}