{"id":23298,"date":"2024-04-29T13:41:02","date_gmt":"2024-04-29T17:41:02","guid":{"rendered":"https:\/\/mrcvs.ca\/le-centre-darchives-de-vaudreuil-soulanges-inaugure-ses-nouveaux-locaux\/"},"modified":"2024-04-29T13:59:04","modified_gmt":"2024-04-29T17:59:04","slug":"le-centre-darchives-de-vaudreuil-soulanges-inaugure-ses-nouveaux-locaux","status":"publish","type":"post","link":"https:\/\/mrcvs.ca\/en\/le-centre-darchives-de-vaudreuil-soulanges-inaugure-ses-nouveaux-locaux\/","title":{"rendered":"Le Centre d\u2019archives de Vaudreuil-Soulanges inaugure ses nouveaux locaux"},"content":{"rendered":"<p><strong>Vaudreuil-Dorion, le 29 avril 2024<\/strong> \u2013 C\u2019est le lundi 29 avril que le Centre d\u2019archives de Vaudreuil-Soulanges a proc\u00e9d\u00e9 \u00e0 l\u2019inauguration de ses nouveaux locaux situ\u00e9s au 12, rue Saint-Jean-Baptiste, dans la municipalit\u00e9 de Saint-Polycarpe. Plus de 30 personnes \u00e9taient pr\u00e9sentes \u00e0 l\u2019\u00e9v\u00e9nement, soit des \u00e9lu.e.s, des partenaires ainsi que les membres du Conseil d\u2019administration.<\/p>\n<p>Les nouveaux locaux permettront entre autres d\u2019accueillir des chercheur.e.s en plus grand nombre et d\u2019assurer la conservation des archives selon les normes en vigueur. En plus, ceux-ci offriront des espaces additionnels n\u00e9cessaires pour les diff\u00e9rentes activit\u00e9s du Centre d\u2019archives de Vaudreuil-Soulanges telles que des expositions, des ateliers scolaires, des formations ou encore le retour des conf\u00e9rences. Chaque espace a \u00e9t\u00e9 r\u00e9fl\u00e9chi afin de r\u00e9pondre aux mandats qui sont l\u2019acquisition des archives, leur traitement, leur conservation et leur diffusion. De plus, le local poss\u00e8de maintenant une salle r\u00e9serv\u00e9e \u00e0 l\u2019accueil des chercheur.e.s qui pourront avoir acc\u00e8s aux documents de r\u00e9f\u00e9rence en libre consultation, mais \u00e9galement aux archives qui seront apport\u00e9es par les archivistes.<\/p>\n<p>L\u2019accueil des chercheur.e.s se fera tous les mardis de 9 h \u00e0 12 h et de 13 h \u00e0 16 h. Il est \u00e9galement possible de planifier une visite sur rendez-vous durant les autres journ\u00e9es de la semaine.<\/p>\n<p>Frais d\u2019entr\u00e9e demand\u00e9s :<br \/>\n\u2022 Membres : gratuit<br \/>\n\u2022 Non-membres : 5 $ par demi-journ\u00e9e<\/p>\n<blockquote><p>\u00ab La MRC est fi\u00e8re de collaborer avec le Centre d\u2019archives de Vaudreuil-Soulanges afin d\u2019assurer la p\u00e9rennit\u00e9 du patrimoine r\u00e9gionale. Cette r\u00e9alisation est empreinte de la ferme volont\u00e9 de la r\u00e9gion \u00e0 pr\u00e9server son legs patrimonial pour les g\u00e9n\u00e9rations actuelles et celles \u00e0 venir. \u00bb mentionne Patrick Bousez, pr\u00e9fet de la MRC de Vaudreuil-Soulanges et maire de Rivi\u00e8re-Beaudette.<\/p><\/blockquote>\n<blockquote><p>\u00ab Le Centre d\u2019archives de Vaudreuil-Soulanges remercie particuli\u00e8rement Mme Danie Desch\u00eanes, mairesse de Notre-Dame-de-l\u2019\u00cele-Perrot ainsi que M. Jean-Yves Poirier, maire de Saint-Polycarpe qui pilotaient le nouveau comit\u00e9 des b\u00e2timents \u00e0 la MRC en 2020. Par leurs actions, ils ont donn\u00e9 le coup d\u2019envoi \u00e0 cette aventure qui nous a men\u00e9 jusqu\u2019au 12, rue Saint-Jean-Baptiste \u00e0 Saint-Polycarpe. \u00bb ajoute Ren\u00e9 Levac, pr\u00e9sident du Conseil d\u2019administration du Centre d\u2019archives de Vaudreuil-Soulanges.<\/p><\/blockquote>\n<blockquote><p>\u00ab Gr\u00e2ce aux efforts de plusieurs intervenants, dont les \u00e9lus de Vaudreuil-Soulanges et la MRC qui ont cru en notre projet et croient toujours en notre mission, l\u2019\u00e9quipe du Centre d\u2019archives est fi\u00e8re d\u2019avoir trouv\u00e9 un toit pour assurer la poursuite de la conservation du patrimoine documentaire de la r\u00e9gion de la Mont\u00e9r\u00e9gie-Ouest. Ce travail de collaboration de longue haleine a port\u00e9 fruit. \u00bb souligne Julie Bellefeuille, directrice et archiviste au Centre d\u2019archives de Vaudreuil-Soulanges.<\/p><\/blockquote>\n<p>&nbsp;<\/p>\n<p><strong>\u00c0 propos du Centre d\u2019archives de Vaudreuil-Soulanges<\/strong><br \/>\nGardien de la m\u00e9moire de la Mont\u00e9r\u00e9gie-Ouest depuis plus de 30 ans, le Centre d\u2019archives de Vaudreuil-Soulanges est le principal responsable de la conservation et de la mise en valeur du patrimoine documentaire de la r\u00e9gion de Vaudreuil-Soulanges et de la Mont\u00e9r\u00e9gie-Ouest. Il met \u00e0 la disposition des chercheurs des documents d&#8217;une grande valeur patrimoniale tels que des fonds d&#8217;archives, mais aussi des collections vari\u00e9es, des ouvrages de r\u00e9f\u00e9rence en g\u00e9n\u00e9alogie et en histoire ainsi que des banques de donn\u00e9es informatis\u00e9es. Gr\u00e2ce au Centre d\u2019archives, le public se renseigne sur les \u00e9v\u00e9nements et les gens ayant marqu\u00e9 et b\u00e2ti le territoire. De ce fait, il s\u2019approprie son histoire.<br \/>\nComprendre le pass\u00e9, documenter le pr\u00e9sent, pr\u00e9parer l\u2019avenir, c\u2019est fa\u00e7onner une meilleure qualit\u00e9 de vie et de travail pour la population de Vaudreuil-Soulanges et des environs. G\u00e9rer le pass\u00e9, ordonner le pr\u00e9sent et pr\u00e9parer l\u2019avenir, c\u2019est am\u00e9liorer la qualit\u00e9 de vie et le rendement au travail des employ\u00e9s et des gestionnaires des organismes publics et des entreprises priv\u00e9es. Pour en savoir davantage sur le Centre d\u2019archives de Vaudreuil-Soulanges, visitez le <a href=\"https:\/\/www.archivesvs.org\/\">https:\/\/www.archivesvs.org\/<\/a> ou la page <a href=\"https:\/\/www.facebook.com\/archivesvs\">Facebook.<\/a><\/p>\n<p><strong>\u00c0 propos de la MRC de Vaudreuil-Soulanges<\/strong><br \/>\nLa MRC de Vaudreuil-Soulanges regroupe les 23 municipalit\u00e9s de son territoire de 855 km\u00b2, qui s\u2019\u00e9tend de l\u2019\u00eele Perrot jusqu\u2019\u00e0 la fronti\u00e8re ontarienne. Sous la direction politique de son pr\u00e9fet, M. Patrick Bousez, la mission de la MRC vise la concertation, la planification ainsi que la gestion de l\u2019am\u00e9nagement et du d\u00e9veloppement de son territoire selon les principes de d\u00e9veloppement durable. Son r\u00f4le de chef de file et de rassembleur aupr\u00e8s des principaux intervenants du territoire facilite la coordination d\u2019actions r\u00e9gionales selon quatre sph\u00e8res : la planification, le d\u00e9veloppement, les services aux municipalit\u00e9s et les services aux citoyens.<br \/>\nLes ma\u00eetres-mots de la MRC sont planifier, concerter et agir. Pour plus d\u2019information, visitez le <a href=\"http:\/\/www.mrcvs.ca\">www.mrcvs.ca<\/a>.<\/p>\n<p>&nbsp;<\/p>\n<p><em>Bas de vignette : M. Patrick Bousez, pr\u00e9fet de la MRC et maire de la municipalit\u00e9 de Rivi\u00e8re-Beaudette, M. Ren\u00e9 Levac, pr\u00e9sident du Conseil d&#8217;administration du Centre d&#8217;archives de Vaudreuil-Soulanges, M. Jean-Yves Poirier, maire de la municipalit\u00e9 de Saint-Polycarpe, Julie Bellefeuille, directrice et archiviste du Centre d&#8217;archives de Vaudreuil-Soulanges, Mme Val\u00e9rie D&#8217;Amour, directrice des r\u00e9gions \u00e0 la direction g\u00e9n\u00e9rale \u00e0 la Biblioth\u00e8que et Archives nationales du Qu\u00e9bec (BAnQ)<\/em><\/p>\n","protected":false},"excerpt":{"rendered":"<p>Vaudreuil-Dorion, le 29 avril 2024 \u2013 C\u2019est le lundi 29 avril que le Centre d\u2019archives de Vaudreuil-Soulanges a proc\u00e9d\u00e9 \u00e0 l\u2019inauguration de ses nouveaux locaux situ\u00e9s au 12, rue Saint-Jean-Baptiste, dans la municipalit\u00e9 de Saint-Polycarpe. Plus de 30 personnes \u00e9taient pr\u00e9sentes \u00e0 l\u2019\u00e9v\u00e9nement, soit des \u00e9lu.e.s, des partenaires ainsi que les membres du Conseil d\u2019administration. [&hellip;]<\/p>\n","protected":false},"author":5,"featured_media":23296,"comment_status":"closed","ping_status":"closed","sticky":false,"template":"","format":"standard","meta":{"_et_pb_use_builder":"","_et_pb_old_content":"","_et_gb_content_width":"","footnotes":""},"categories":[44,45],"tags":[],"yoast_head":"<!-- This site is optimized with the Yoast SEO plugin v23.0 - https:\/\/yoast.com\/wordpress\/plugins\/seo\/ -->\n<title>Le Centre d\u2019archives de Vaudreuil-Soulanges inaugure ses nouveaux locaux - MRC of Vaudreuil-Soulanges<\/title>\n<meta name=\"robots\" content=\"index, follow, max-snippet:-1, max-image-preview:large, max-video-preview:-1\" \/>\n<link rel=\"canonical\" href=\"https:\/\/mrcvs.ca\/en\/le-centre-darchives-de-vaudreuil-soulanges-inaugure-ses-nouveaux-locaux\/\" \/>\n<meta property=\"og:locale\" content=\"en_US\" \/>\n<meta property=\"og:type\" content=\"article\" \/>\n<meta property=\"og:title\" content=\"Le Centre d\u2019archives de Vaudreuil-Soulanges inaugure ses nouveaux locaux - MRC of Vaudreuil-Soulanges\" \/>\n<meta property=\"og:description\" content=\"Vaudreuil-Dorion, le 29 avril 2024 \u2013 C\u2019est le lundi 29 avril que le Centre d\u2019archives de Vaudreuil-Soulanges a proc\u00e9d\u00e9 \u00e0 l\u2019inauguration de ses nouveaux locaux situ\u00e9s au 12, rue Saint-Jean-Baptiste, dans la municipalit\u00e9 de Saint-Polycarpe. Plus de 30 personnes \u00e9taient pr\u00e9sentes \u00e0 l\u2019\u00e9v\u00e9nement, soit des \u00e9lu.e.s, des partenaires ainsi que les membres du Conseil d\u2019administration. [&hellip;]\" \/>\n<meta property=\"og:url\" content=\"https:\/\/mrcvs.ca\/en\/le-centre-darchives-de-vaudreuil-soulanges-inaugure-ses-nouveaux-locaux\/\" \/>\n<meta property=\"og:site_name\" content=\"MRC of Vaudreuil-Soulanges\" \/>\n<meta property=\"article:publisher\" content=\"https:\/\/www.facebook.com\/mrcvaudreuilsoulanges\/\" \/>\n<meta property=\"article:published_time\" content=\"2024-04-29T17:41:02+00:00\" \/>\n<meta property=\"article:modified_time\" content=\"2024-04-29T17:59:04+00:00\" \/>\n<meta property=\"og:image\" content=\"https:\/\/mrcvs.ca\/wp-content\/uploads\/2024\/04\/CAVS-Inauguration-web.jpg\" \/>\n\t<meta property=\"og:image:width\" content=\"2400\" \/>\n\t<meta property=\"og:image:height\" content=\"1260\" \/>\n\t<meta property=\"og:image:type\" content=\"image\/jpeg\" \/>\n<meta name=\"author\" content=\"Marie-Eve Gingras-Gosselin\" \/>\n<meta name=\"twitter:card\" content=\"summary_large_image\" \/>\n<meta name=\"twitter:label1\" content=\"Written by\" \/>\n\t<meta name=\"twitter:data1\" content=\"Marie-Eve Gingras-Gosselin\" \/>\n\t<meta name=\"twitter:label2\" content=\"Est. reading time\" \/>\n\t<meta name=\"twitter:data2\" content=\"4 minutes\" \/>\n<script type=\"application\/ld+json\" class=\"yoast-schema-graph\">{\"@context\":\"https:\/\/schema.org\",\"@graph\":[{\"@type\":\"Article\",\"@id\":\"https:\/\/mrcvs.ca\/en\/le-centre-darchives-de-vaudreuil-soulanges-inaugure-ses-nouveaux-locaux\/#article\",\"isPartOf\":{\"@id\":\"https:\/\/mrcvs.ca\/en\/le-centre-darchives-de-vaudreuil-soulanges-inaugure-ses-nouveaux-locaux\/\"},\"author\":{\"name\":\"Marie-Eve Gingras-Gosselin\",\"@id\":\"https:\/\/mrcvs.ca\/#\/schema\/person\/8fd29c6e3cd29daca3de077a77e5e3d6\"},\"headline\":\"Le Centre d\u2019archives de Vaudreuil-Soulanges inaugure ses nouveaux locaux\",\"datePublished\":\"2024-04-29T17:41:02+00:00\",\"dateModified\":\"2024-04-29T17:59:04+00:00\",\"mainEntityOfPage\":{\"@id\":\"https:\/\/mrcvs.ca\/en\/le-centre-darchives-de-vaudreuil-soulanges-inaugure-ses-nouveaux-locaux\/\"},\"wordCount\":913,\"publisher\":{\"@id\":\"https:\/\/mrcvs.ca\/#organization\"},\"image\":{\"@id\":\"https:\/\/mrcvs.ca\/en\/le-centre-darchives-de-vaudreuil-soulanges-inaugure-ses-nouveaux-locaux\/#primaryimage\"},\"thumbnailUrl\":\"https:\/\/mrcvs.ca\/wp-content\/uploads\/2024\/04\/CAVS-Inauguration-web.jpg\",\"articleSection\":[\"Citizens\",\"Municipalities\"],\"inLanguage\":\"en-US\"},{\"@type\":\"WebPage\",\"@id\":\"https:\/\/mrcvs.ca\/en\/le-centre-darchives-de-vaudreuil-soulanges-inaugure-ses-nouveaux-locaux\/\",\"url\":\"https:\/\/mrcvs.ca\/en\/le-centre-darchives-de-vaudreuil-soulanges-inaugure-ses-nouveaux-locaux\/\",\"name\":\"Le Centre d\u2019archives de Vaudreuil-Soulanges inaugure ses nouveaux locaux - MRC of Vaudreuil-Soulanges\",\"isPartOf\":{\"@id\":\"https:\/\/mrcvs.ca\/#website\"},\"primaryImageOfPage\":{\"@id\":\"https:\/\/mrcvs.ca\/en\/le-centre-darchives-de-vaudreuil-soulanges-inaugure-ses-nouveaux-locaux\/#primaryimage\"},\"image\":{\"@id\":\"https:\/\/mrcvs.ca\/en\/le-centre-darchives-de-vaudreuil-soulanges-inaugure-ses-nouveaux-locaux\/#primaryimage\"},\"thumbnailUrl\":\"https:\/\/mrcvs.ca\/wp-content\/uploads\/2024\/04\/CAVS-Inauguration-web.jpg\",\"datePublished\":\"2024-04-29T17:41:02+00:00\",\"dateModified\":\"2024-04-29T17:59:04+00:00\",\"breadcrumb\":{\"@id\":\"https:\/\/mrcvs.ca\/en\/le-centre-darchives-de-vaudreuil-soulanges-inaugure-ses-nouveaux-locaux\/#breadcrumb\"},\"inLanguage\":\"en-US\",\"potentialAction\":[{\"@type\":\"ReadAction\",\"target\":[\"https:\/\/mrcvs.ca\/en\/le-centre-darchives-de-vaudreuil-soulanges-inaugure-ses-nouveaux-locaux\/\"]}]},{\"@type\":\"ImageObject\",\"inLanguage\":\"en-US\",\"@id\":\"https:\/\/mrcvs.ca\/en\/le-centre-darchives-de-vaudreuil-soulanges-inaugure-ses-nouveaux-locaux\/#primaryimage\",\"url\":\"https:\/\/mrcvs.ca\/wp-content\/uploads\/2024\/04\/CAVS-Inauguration-web.jpg\",\"contentUrl\":\"https:\/\/mrcvs.ca\/wp-content\/uploads\/2024\/04\/CAVS-Inauguration-web.jpg\",\"width\":2400,\"height\":1260},{\"@type\":\"BreadcrumbList\",\"@id\":\"https:\/\/mrcvs.ca\/en\/le-centre-darchives-de-vaudreuil-soulanges-inaugure-ses-nouveaux-locaux\/#breadcrumb\",\"itemListElement\":[{\"@type\":\"ListItem\",\"position\":1,\"name\":\"Accueil\",\"item\":\"https:\/\/mrcvs.ca\/en\/\"},{\"@type\":\"ListItem\",\"position\":2,\"name\":\"Le Centre d\u2019archives de Vaudreuil-Soulanges inaugure ses nouveaux locaux\"}]},{\"@type\":\"WebSite\",\"@id\":\"https:\/\/mrcvs.ca\/#website\",\"url\":\"https:\/\/mrcvs.ca\/\",\"name\":\"MRC de Vaudreuil-Soulanges\",\"description\":\"MRC of Vaudreuil-Soulanges \",\"publisher\":{\"@id\":\"https:\/\/mrcvs.ca\/#organization\"},\"potentialAction\":[{\"@type\":\"SearchAction\",\"target\":{\"@type\":\"EntryPoint\",\"urlTemplate\":\"https:\/\/mrcvs.ca\/?s={search_term_string}\"},\"query-input\":\"required name=search_term_string\"}],\"inLanguage\":\"en-US\"},{\"@type\":\"Organization\",\"@id\":\"https:\/\/mrcvs.ca\/#organization\",\"name\":\"MRC Vaudreuil-Soulanges\",\"url\":\"https:\/\/mrcvs.ca\/\",\"logo\":{\"@type\":\"ImageObject\",\"inLanguage\":\"en-US\",\"@id\":\"https:\/\/mrcvs.ca\/#\/schema\/logo\/image\/\",\"url\":\"https:\/\/mrcvs.ca\/wp-content\/uploads\/2018\/10\/MRC_VS_LOGO.png\",\"contentUrl\":\"https:\/\/mrcvs.ca\/wp-content\/uploads\/2018\/10\/MRC_VS_LOGO.png\",\"width\":1080,\"height\":460,\"caption\":\"MRC Vaudreuil-Soulanges\"},\"image\":{\"@id\":\"https:\/\/mrcvs.ca\/#\/schema\/logo\/image\/\"},\"sameAs\":[\"https:\/\/www.facebook.com\/mrcvaudreuilsoulanges\/\"]},{\"@type\":\"Person\",\"@id\":\"https:\/\/mrcvs.ca\/#\/schema\/person\/8fd29c6e3cd29daca3de077a77e5e3d6\",\"name\":\"Marie-Eve Gingras-Gosselin\",\"sameAs\":[\"https:\/\/mrcvs.ca\"]}]}<\/script>\n<!-- \/ Yoast SEO plugin. -->","yoast_head_json":{"title":"Le Centre d\u2019archives de Vaudreuil-Soulanges inaugure ses nouveaux locaux - MRC of Vaudreuil-Soulanges","robots":{"index":"index","follow":"follow","max-snippet":"max-snippet:-1","max-image-preview":"max-image-preview:large","max-video-preview":"max-video-preview:-1"},"canonical":"https:\/\/mrcvs.ca\/en\/le-centre-darchives-de-vaudreuil-soulanges-inaugure-ses-nouveaux-locaux\/","og_locale":"en_US","og_type":"article","og_title":"Le Centre d\u2019archives de Vaudreuil-Soulanges inaugure ses nouveaux locaux - MRC of Vaudreuil-Soulanges","og_description":"Vaudreuil-Dorion, le 29 avril 2024 \u2013 C\u2019est le lundi 29 avril que le Centre d\u2019archives de Vaudreuil-Soulanges a proc\u00e9d\u00e9 \u00e0 l\u2019inauguration de ses nouveaux locaux situ\u00e9s au 12, rue Saint-Jean-Baptiste, dans la municipalit\u00e9 de Saint-Polycarpe. Plus de 30 personnes \u00e9taient pr\u00e9sentes \u00e0 l\u2019\u00e9v\u00e9nement, soit des \u00e9lu.e.s, des partenaires ainsi que les membres du Conseil d\u2019administration. [&hellip;]","og_url":"https:\/\/mrcvs.ca\/en\/le-centre-darchives-de-vaudreuil-soulanges-inaugure-ses-nouveaux-locaux\/","og_site_name":"MRC of Vaudreuil-Soulanges","article_publisher":"https:\/\/www.facebook.com\/mrcvaudreuilsoulanges\/","article_published_time":"2024-04-29T17:41:02+00:00","article_modified_time":"2024-04-29T17:59:04+00:00","og_image":[{"width":2400,"height":1260,"url":"https:\/\/mrcvs.ca\/wp-content\/uploads\/2024\/04\/CAVS-Inauguration-web.jpg","type":"image\/jpeg"}],"author":"Marie-Eve Gingras-Gosselin","twitter_card":"summary_large_image","twitter_misc":{"Written by":"Marie-Eve Gingras-Gosselin","Est. reading time":"4 minutes"},"schema":{"@context":"https:\/\/schema.org","@graph":[{"@type":"Article","@id":"https:\/\/mrcvs.ca\/en\/le-centre-darchives-de-vaudreuil-soulanges-inaugure-ses-nouveaux-locaux\/#article","isPartOf":{"@id":"https:\/\/mrcvs.ca\/en\/le-centre-darchives-de-vaudreuil-soulanges-inaugure-ses-nouveaux-locaux\/"},"author":{"name":"Marie-Eve Gingras-Gosselin","@id":"https:\/\/mrcvs.ca\/#\/schema\/person\/8fd29c6e3cd29daca3de077a77e5e3d6"},"headline":"Le Centre d\u2019archives de Vaudreuil-Soulanges inaugure ses nouveaux locaux","datePublished":"2024-04-29T17:41:02+00:00","dateModified":"2024-04-29T17:59:04+00:00","mainEntityOfPage":{"@id":"https:\/\/mrcvs.ca\/en\/le-centre-darchives-de-vaudreuil-soulanges-inaugure-ses-nouveaux-locaux\/"},"wordCount":913,"publisher":{"@id":"https:\/\/mrcvs.ca\/#organization"},"image":{"@id":"https:\/\/mrcvs.ca\/en\/le-centre-darchives-de-vaudreuil-soulanges-inaugure-ses-nouveaux-locaux\/#primaryimage"},"thumbnailUrl":"https:\/\/mrcvs.ca\/wp-content\/uploads\/2024\/04\/CAVS-Inauguration-web.jpg","articleSection":["Citizens","Municipalities"],"inLanguage":"en-US"},{"@type":"WebPage","@id":"https:\/\/mrcvs.ca\/en\/le-centre-darchives-de-vaudreuil-soulanges-inaugure-ses-nouveaux-locaux\/","url":"https:\/\/mrcvs.ca\/en\/le-centre-darchives-de-vaudreuil-soulanges-inaugure-ses-nouveaux-locaux\/","name":"Le Centre d\u2019archives de Vaudreuil-Soulanges inaugure ses nouveaux locaux - MRC of Vaudreuil-Soulanges","isPartOf":{"@id":"https:\/\/mrcvs.ca\/#website"},"primaryImageOfPage":{"@id":"https:\/\/mrcvs.ca\/en\/le-centre-darchives-de-vaudreuil-soulanges-inaugure-ses-nouveaux-locaux\/#primaryimage"},"image":{"@id":"https:\/\/mrcvs.ca\/en\/le-centre-darchives-de-vaudreuil-soulanges-inaugure-ses-nouveaux-locaux\/#primaryimage"},"thumbnailUrl":"https:\/\/mrcvs.ca\/wp-content\/uploads\/2024\/04\/CAVS-Inauguration-web.jpg","datePublished":"2024-04-29T17:41:02+00:00","dateModified":"2024-04-29T17:59:04+00:00","breadcrumb":{"@id":"https:\/\/mrcvs.ca\/en\/le-centre-darchives-de-vaudreuil-soulanges-inaugure-ses-nouveaux-locaux\/#breadcrumb"},"inLanguage":"en-US","potentialAction":[{"@type":"ReadAction","target":["https:\/\/mrcvs.ca\/en\/le-centre-darchives-de-vaudreuil-soulanges-inaugure-ses-nouveaux-locaux\/"]}]},{"@type":"ImageObject","inLanguage":"en-US","@id":"https:\/\/mrcvs.ca\/en\/le-centre-darchives-de-vaudreuil-soulanges-inaugure-ses-nouveaux-locaux\/#primaryimage","url":"https:\/\/mrcvs.ca\/wp-content\/uploads\/2024\/04\/CAVS-Inauguration-web.jpg","contentUrl":"https:\/\/mrcvs.ca\/wp-content\/uploads\/2024\/04\/CAVS-Inauguration-web.jpg","width":2400,"height":1260},{"@type":"BreadcrumbList","@id":"https:\/\/mrcvs.ca\/en\/le-centre-darchives-de-vaudreuil-soulanges-inaugure-ses-nouveaux-locaux\/#breadcrumb","itemListElement":[{"@type":"ListItem","position":1,"name":"Accueil","item":"https:\/\/mrcvs.ca\/en\/"},{"@type":"ListItem","position":2,"name":"Le Centre d\u2019archives de Vaudreuil-Soulanges inaugure ses nouveaux locaux"}]},{"@type":"WebSite","@id":"https:\/\/mrcvs.ca\/#website","url":"https:\/\/mrcvs.ca\/","name":"MRC de Vaudreuil-Soulanges","description":"MRC of Vaudreuil-Soulanges ","publisher":{"@id":"https:\/\/mrcvs.ca\/#organization"},"potentialAction":[{"@type":"SearchAction","target":{"@type":"EntryPoint","urlTemplate":"https:\/\/mrcvs.ca\/?s={search_term_string}"},"query-input":"required name=search_term_string"}],"inLanguage":"en-US"},{"@type":"Organization","@id":"https:\/\/mrcvs.ca\/#organization","name":"MRC Vaudreuil-Soulanges","url":"https:\/\/mrcvs.ca\/","logo":{"@type":"ImageObject","inLanguage":"en-US","@id":"https:\/\/mrcvs.ca\/#\/schema\/logo\/image\/","url":"https:\/\/mrcvs.ca\/wp-content\/uploads\/2018\/10\/MRC_VS_LOGO.png","contentUrl":"https:\/\/mrcvs.ca\/wp-content\/uploads\/2018\/10\/MRC_VS_LOGO.png","width":1080,"height":460,"caption":"MRC Vaudreuil-Soulanges"},"image":{"@id":"https:\/\/mrcvs.ca\/#\/schema\/logo\/image\/"},"sameAs":["https:\/\/www.facebook.com\/mrcvaudreuilsoulanges\/"]},{"@type":"Person","@id":"https:\/\/mrcvs.ca\/#\/schema\/person\/8fd29c6e3cd29daca3de077a77e5e3d6","name":"Marie-Eve Gingras-Gosselin","sameAs":["https:\/\/mrcvs.ca"]}]}},"_links":{"self":[{"href":"https:\/\/mrcvs.ca\/en\/wp-json\/wp\/v2\/posts\/23298"}],"collection":[{"href":"https:\/\/mrcvs.ca\/en\/wp-json\/wp\/v2\/posts"}],"about":[{"href":"https:\/\/mrcvs.ca\/en\/wp-json\/wp\/v2\/types\/post"}],"author":[{"embeddable":true,"href":"https:\/\/mrcvs.ca\/en\/wp-json\/wp\/v2\/users\/5"}],"replies":[{"embeddable":true,"href":"https:\/\/mrcvs.ca\/en\/wp-json\/wp\/v2\/comments?post=23298"}],"version-history":[{"count":0,"href":"https:\/\/mrcvs.ca\/en\/wp-json\/wp\/v2\/posts\/23298\/revisions"}],"wp:featuredmedia":[{"embeddable":true,"href":"https:\/\/mrcvs.ca\/en\/wp-json\/wp\/v2\/media\/23296"}],"wp:attachment":[{"href":"https:\/\/mrcvs.ca\/en\/wp-json\/wp\/v2\/media?parent=23298"}],"wp:term":[{"taxonomy":"category","embeddable":true,"href":"https:\/\/mrcvs.ca\/en\/wp-json\/wp\/v2\/categories?post=23298"},{"taxonomy":"post_tag","embeddable":true,"href":"https:\/\/mrcvs.ca\/en\/wp-json\/wp\/v2\/tags?post=23298"}],"curies":[{"name":"wp","href":"https:\/\/api.w.org\/{rel}","templated":true}]}}