{"id":22780,"date":"2024-03-14T08:07:03","date_gmt":"2024-03-14T12:07:03","guid":{"rendered":"https:\/\/mrcvs.ca\/la-mrc-de-vaudreuil-soulanges-premiere-mrc-au-quebec-a-signer-une-entente-avec-la-sorac-pour-la-recuperation-des-appareils-de-refrigeration-et-de-congelation-de-type-commercial-et-institutionnel\/"},"modified":"2024-03-14T08:07:03","modified_gmt":"2024-03-14T12:07:03","slug":"la-mrc-de-vaudreuil-soulanges-premiere-mrc-au-quebec-a-signer-une-entente-avec-la-sorac-pour-la-recuperation-des-appareils-de-refrigeration-et-de-congelation-de-type-commercial-et-institutionnel","status":"publish","type":"post","link":"https:\/\/mrcvs.ca\/en\/la-mrc-de-vaudreuil-soulanges-premiere-mrc-au-quebec-a-signer-une-entente-avec-la-sorac-pour-la-recuperation-des-appareils-de-refrigeration-et-de-congelation-de-type-commercial-et-institutionnel\/","title":{"rendered":"La MRC de Vaudreuil-Soulanges, premi\u00e8re MRC au Qu\u00e9bec \u00e0 signer une entente avec la SORAC pour la r\u00e9cup\u00e9ration des appareils de r\u00e9frig\u00e9ration et de cong\u00e9lation de type commercial et institutionnel"},"content":{"rendered":"<p><strong>Vaudreuil-Dorion, le 14 mars 2024<\/strong> \u2013 La Soci\u00e9t\u00e9 de r\u00e9cup\u00e9ration des appareils commerciaux (SORAC) et la MRC de Vaudreuil-Soulanges ont proc\u00e9d\u00e9 \u00e0 la signature d\u2019une entente qui permettra la r\u00e9cup\u00e9ration, selon les normes environnementales en vigueur, des appareils de cong\u00e9lation et de r\u00e9frig\u00e9ration de type commercial et institutionnel aux \u00e9cocentres de la MRC situ\u00e9s \u00e0 Vaudreuil-Dorion et Rigaud. La SORAC est l\u2019organisme de gestion reconnu par Recyc-Qu\u00e9bec ayant le mandat de mettre en \u0153uvre un programme de responsabilit\u00e9 \u00e9largie des producteurs <a href=\"https:\/\/www.recyc-quebec.gouv.qc.ca\/entreprises-organismes\/mieux-gerer\/responsabilite-elargie-producteurs\/appareils-menagers\">(REP)<\/a> pour les <strong>appareils de r\u00e9frig\u00e9ration et de cong\u00e9lation<\/strong> <strong>commerciaux et institutionnels<\/strong> qui sont arriv\u00e9s en fin de vie utile. Il s&#8217;agit \u00e9galement du premier programme au Qu\u00e9bec et au Canada \u00e0 \u00eatre mis en place pour la r\u00e9cup\u00e9ration de produits vis\u00e9s, qui sont exclusivement de type commercial et institutionnel. Depuis le 30 septembre 2022, le R\u00e8glement sur la r\u00e9cup\u00e9ration et la valorisation de produits par les entreprises (<a href=\"https:\/\/www.legisquebec.gouv.qc.ca\/fr\/document\/rc\/Q-2,%20r.%2040.1#se:53_0_1\">RRVPE<\/a>) pr\u00e9voit qu\u2019il interdit de r\u00e9cup\u00e9rer ou de valoriser un produit vis\u00e9 par le R\u00e8glement, ou d\u2019en confier la r\u00e9cup\u00e9ration ou la valorisation, autrement que dans le cadre d\u2019un programme officiel. Les produits vis\u00e9s par ce programme sont notamment les\u00a0:<\/p>\n<ul>\n<li>R\u00e9frig\u00e9rateurs et cong\u00e9lateurs<\/li>\n<li>Cellules de refroidissement<\/li>\n<li>Celliers r\u00e9frig\u00e9rants<\/li>\n<li>Refroidisseurs \u00e0 vin<\/li>\n<li>Pr\u00e9sentoirs et \u00eelots r\u00e9frig\u00e9r\u00e9s<\/li>\n<li>Machines \u00e0 gla\u00e7ons<\/li>\n<li>Distributeurs r\u00e9frig\u00e9rants automatiques d&#8217;aliments ou de boissons<\/li>\n<li>Machines distributrices r\u00e9frig\u00e9r\u00e9es<\/li>\n<li>Appareils r\u00e9frig\u00e9r\u00e9s de type laboratoire ou m\u00e9dical<\/li>\n<\/ul>\n<p>Ces appareils qui se retrouvent sur l\u2019ensemble du territoire de la province du Qu\u00e9bec sont pris en charge gratuitement par la SORAC pour l&#8217;ensemble des op\u00e9rations de r\u00e9cup\u00e9ration des appareils vis\u00e9s. La collecte et le recyclage de ces produits en fin de vie permettent de r\u00e9cup\u00e9rer jusqu\u2019\u00e0 97 % des composantes de ces appareils et de r\u00e9duire l&#8217;utilisation de mati\u00e8res premi\u00e8res. La liste compl\u00e8te des produits vis\u00e9s peut \u00eatre consult\u00e9e sur le site Internet de la SORAC\u00a0: <a href=\"https:\/\/sorac.ca\/produits-vises\/\">produits vis\u00e9s.<\/a> Chaque appareil recycl\u00e9 de fa\u00e7on s\u00e9curitaire permet d&#8217;\u00e9viter le rejet d&#8217;une tonne de GES dans l&#8217;atmosph\u00e8re ce qui \u00e9quivaut \u00e0 4 400 km parcourus avec un petit VUS ou en voiture berline. La SORAC vous invite \u00e0 visiter son <a href=\"https:\/\/sorac.ca\">site Internet <\/a>\u00a0et visionner la <a href=\"https:\/\/sorac.ca\/wp-content\/uploads\/2024\/02\/Frigo-SORAC-FR_final.mp4\">capsule vid\u00e9o<\/a> suivante pour en apprendre davantage sur les impacts que peuvent avoir ces appareils sur l\u2019environnement lorsqu\u2019ils se retrouvent dans les sites d\u2019enfouissement.<\/p>\n<div style=\"width: 640px;\" class=\"wp-video\"><!--[if lt IE 9]><script>document.createElement('video');<\/script><![endif]-->\n<video class=\"wp-video-shortcode\" id=\"video-22780-1\" width=\"640\" height=\"360\" preload=\"metadata\" controls=\"controls\"><source type=\"video\/mp4\" src=\"https:\/\/sorac.ca\/wp-content\/uploads\/2024\/02\/Frigo-SORAC-FR_final.mp4?_=1\" \/><a href=\"https:\/\/sorac.ca\/wp-content\/uploads\/2024\/02\/Frigo-SORAC-FR_final.mp4\">https:\/\/sorac.ca\/wp-content\/uploads\/2024\/02\/Frigo-SORAC-FR_final.mp4<\/a><\/video><\/div>\n<p>Gr\u00e2ce \u00e0 cette entente, tous les commerces et les institutions de la MRC de Vaudreuil-Soulanges auront la possibilit\u00e9 d\u2019aller d\u00e9poser ces appareils, en quantit\u00e9s comparables au secteur r\u00e9sidentiel*, dans les deux \u00e9cocentres suivants\u00a0afin qu\u2019ils soient pris en charge par la SORAC<strong>\u00a0<\/strong>:<\/p>\n<ul>\n<li>\u00c9cocentre \u00e0 Vaudreuil-Dorion, 2800 rue Henry-Ford, Vaudreuil-Dorion, J7V 0V8<\/li>\n<li>\u00c9cocentre \u00e0 Rigaud, 32 rue de la Coop\u00e9rative, Rigaud, J0P 1P0<\/li>\n<\/ul>\n<p><em>* Les commerces et institutions voulant se d\u00e9partir d\u2019une grande quantit\u00e9 d\u2019appareils sont invit\u00e9s \u00e0 contacter la SORAC.<\/em> <strong>Citations<\/strong><\/p>\n<blockquote><p>\u00ab Nous travaillons activement avec nos partenaires et les municipalit\u00e9s afin de faire face aux d\u00e9fis de collecte de ces appareils pour lesquels il n&#8217;y a pas encore d&#8217;endroits au Qu\u00e9bec, tels les \u00e9cocentres, o\u00f9 il est pr\u00e9vu de les recueillir officiellement. Soulignons que la MRC de Vaudreuil-Soulanges est la premi\u00e8re MRC partenaire de la SORAC \u00e0 accepter officiellement ces appareils dans deux de ses \u00e9cocentres. Cette entente sign\u00e9e au cours des derni\u00e8res semaines rev\u00eat une grande importance pour la SORAC puisqu\u2019elle permettra grandement de faciliter le processus de collecte sur ce territoire.\u00a0Nous saluons donc le leadership dont fait preuve la MRC de Vaudreuil-Soulanges. Nous sommes confiants et d\u00e9termin\u00e9s \u00e0 tracer la voie afin de d\u00e9tourner ces appareils des sites d&#8217;enfouissement et ainsi contribuer \u00e0 un bilan environnemental positif en minimisant les rejets de GES dans l&#8217;atmosph\u00e8re. \u00bb &#8211; <strong>Nathalie Desjardins, directrice de programme de la SORAC.<\/strong><\/p><\/blockquote>\n<blockquote><p>\u00ab La MRC de Vaudreuil-Soulanges est fi\u00e8re d\u2019\u00eatre la premi\u00e8re MRC au Qu\u00e9bec \u00e0 conclure une entente avec la SORAC et cette initiative nous permet de poursuivre nos efforts visant \u00e0 r\u00e9duire sur notre territoire la quantit\u00e9 de mati\u00e8res r\u00e9siduelles envoy\u00e9es \u00e0 l\u2019enfouissement. La MRC fait preuve de proactivit\u00e9 dans ce domaine depuis 2018 en acceptant les mati\u00e8res des commerces et institutions, en quantit\u00e9s comparables au r\u00e9sidentiel, \u00e0 ses \u00e9cocentres situ\u00e9s \u00e0 Vaudreuil-Dorion et Rigaud. Nous acceptions d\u00e9j\u00e0 depuis plusieurs ann\u00e9es les appareils commerciaux contenant des halocarbures afin qu\u2019ils soient recycl\u00e9s de mani\u00e8re responsable. Il s\u2019agissait d\u2019ailleurs d\u2019une initiative d\u00e9coulant d\u2019une mesure de notre Plan de gestion des mati\u00e8res r\u00e9siduelles. Nous profitons de cette occasion pour inviter les autres MRC \u00e0 embo\u00eeter le pas et \u00e0 participer au programme de la SORAC. \u00bb &#8211; <strong>Genevi\u00e8ve Lachance, pr\u00e9sidente du comit\u00e9 environnement de la MRC de Vaudreuil-Soulanges et mairesse de la ville de Saint-Lazare<\/strong>.<\/p><\/blockquote>\n<p><strong>\u00a0<\/strong> <strong>\u00c0 propos de la MRC de Vaudreuil-Soulanges <\/strong>La MRC de Vaudreuil-Soulanges regroupe les 23 municipalit\u00e9s de son territoire de 855 km\u00b2, qui s\u2019\u00e9tend de l\u2019\u00eele Perrot jusqu\u2019\u00e0 la fronti\u00e8re ontarienne. Sous la direction politique de son pr\u00e9fet, M. Patrick Bousez, la mission de la MRC vise la concertation, la planification ainsi que la gestion de l\u2019am\u00e9nagement et du d\u00e9veloppement de son territoire selon les principes de d\u00e9veloppement durable. Son r\u00f4le de chef de file et de rassembleur aupr\u00e8s des principaux intervenants du territoire facilite la coordination d\u2019actions r\u00e9gionales selon quatre sph\u00e8res : la planification, le d\u00e9veloppement, les services aux municipalit\u00e9s et les services aux citoyens. Les ma\u00eetres-mots de la MRC\u00a0sont, planifier, concerter et agir. Pour plus d\u2019information, visitez le <a href=\"http:\/\/www.mrcvs.ca\">www.mrcvs.ca<\/a>. <strong>\u00c0 propos de la SORAC <\/strong>La SORAC est l\u2019organisme de gestion reconnu par Recyc-Qu\u00e9bec ayant le mandat de mettre en \u0153uvre un programme de responsabilit\u00e9 \u00e9largie des producteurs (REP) pour les appareils de r\u00e9frig\u00e9ration et de cong\u00e9lation commerciaux et institutionnels qui sont arriv\u00e9s en fin de vie utile. Le programme permet la collecte et le traitement s\u00e9curitaire des produits r\u00e9cup\u00e9r\u00e9s. Pour plus d\u2019information, visitez le <a href=\"https:\/\/sorac.ca\/\">https:\/\/sorac.ca\/<\/a><\/p>\n","protected":false},"excerpt":{"rendered":"<p>Vaudreuil-Dorion, le 14 mars 2024 \u2013 La Soci\u00e9t\u00e9 de r\u00e9cup\u00e9ration des appareils commerciaux (SORAC) et la MRC de Vaudreuil-Soulanges ont proc\u00e9d\u00e9 \u00e0 la signature d\u2019une entente qui permettra la r\u00e9cup\u00e9ration, selon les normes environnementales en vigueur, des appareils de cong\u00e9lation et de r\u00e9frig\u00e9ration de type commercial et institutionnel aux \u00e9cocentres de la MRC situ\u00e9s \u00e0 [&hellip;]<\/p>\n","protected":false},"author":5,"featured_media":22770,"comment_status":"closed","ping_status":"closed","sticky":false,"template":"","format":"standard","meta":{"_et_pb_use_builder":"","_et_pb_old_content":"","_et_gb_content_width":"","footnotes":""},"categories":[44,48,45],"tags":[],"yoast_head":"<!-- This site is optimized with the Yoast SEO plugin v23.0 - https:\/\/yoast.com\/wordpress\/plugins\/seo\/ -->\n<title>La MRC de Vaudreuil-Soulanges, premi\u00e8re MRC au Qu\u00e9bec \u00e0 signer une entente avec la SORAC pour la r\u00e9cup\u00e9ration des appareils de r\u00e9frig\u00e9ration et de cong\u00e9lation de type commercial et institutionnel - MRC of Vaudreuil-Soulanges<\/title>\n<meta name=\"robots\" content=\"index, follow, max-snippet:-1, max-image-preview:large, max-video-preview:-1\" \/>\n<link rel=\"canonical\" href=\"https:\/\/mrcvs.ca\/sorac\/\" \/>\n<meta property=\"og:locale\" content=\"en_US\" \/>\n<meta property=\"og:type\" content=\"article\" \/>\n<meta property=\"og:title\" content=\"La MRC de Vaudreuil-Soulanges, premi\u00e8re MRC au Qu\u00e9bec \u00e0 signer une entente avec la SORAC pour la r\u00e9cup\u00e9ration des appareils de r\u00e9frig\u00e9ration et de cong\u00e9lation de type commercial et institutionnel - MRC of Vaudreuil-Soulanges\" \/>\n<meta property=\"og:description\" content=\"Vaudreuil-Dorion, le 14 mars 2024 \u2013 La Soci\u00e9t\u00e9 de r\u00e9cup\u00e9ration des appareils commerciaux (SORAC) et la MRC de Vaudreuil-Soulanges ont proc\u00e9d\u00e9 \u00e0 la signature d\u2019une entente qui permettra la r\u00e9cup\u00e9ration, selon les normes environnementales en vigueur, des appareils de cong\u00e9lation et de r\u00e9frig\u00e9ration de type commercial et institutionnel aux \u00e9cocentres de la MRC situ\u00e9s \u00e0 [&hellip;]\" \/>\n<meta property=\"og:url\" content=\"https:\/\/mrcvs.ca\/sorac\/\" \/>\n<meta property=\"og:site_name\" content=\"MRC of Vaudreuil-Soulanges\" \/>\n<meta property=\"article:publisher\" content=\"https:\/\/www.facebook.com\/mrcvaudreuilsoulanges\/\" \/>\n<meta property=\"article:published_time\" content=\"2024-03-14T12:07:03+00:00\" \/>\n<meta property=\"og:image\" content=\"https:\/\/mrcvs.ca\/wp-content\/uploads\/2024\/03\/MRCVS-SORAC-WEB.jpg\" \/>\n\t<meta property=\"og:image:width\" content=\"2400\" \/>\n\t<meta property=\"og:image:height\" content=\"1260\" \/>\n\t<meta property=\"og:image:type\" content=\"image\/jpeg\" \/>\n<meta name=\"author\" content=\"Marie-Eve Gingras-Gosselin\" \/>\n<meta name=\"twitter:card\" content=\"summary_large_image\" \/>\n<meta name=\"twitter:label1\" content=\"Written by\" \/>\n\t<meta name=\"twitter:data1\" content=\"Marie-Eve Gingras-Gosselin\" \/>\n\t<meta name=\"twitter:label2\" content=\"Est. reading time\" \/>\n\t<meta name=\"twitter:data2\" content=\"5 minutes\" \/>\n<script type=\"application\/ld+json\" class=\"yoast-schema-graph\">{\"@context\":\"https:\/\/schema.org\",\"@graph\":[{\"@type\":\"Article\",\"@id\":\"https:\/\/mrcvs.ca\/sorac\/#article\",\"isPartOf\":{\"@id\":\"https:\/\/mrcvs.ca\/sorac\/\"},\"author\":{\"name\":\"Marie-Eve Gingras-Gosselin\",\"@id\":\"https:\/\/mrcvs.ca\/#\/schema\/person\/8fd29c6e3cd29daca3de077a77e5e3d6\"},\"headline\":\"La MRC de Vaudreuil-Soulanges, premi\u00e8re MRC au Qu\u00e9bec \u00e0 signer une entente avec la SORAC pour la r\u00e9cup\u00e9ration des appareils de r\u00e9frig\u00e9ration et de cong\u00e9lation de type commercial et institutionnel\",\"datePublished\":\"2024-03-14T12:07:03+00:00\",\"dateModified\":\"2024-03-14T12:07:03+00:00\",\"mainEntityOfPage\":{\"@id\":\"https:\/\/mrcvs.ca\/sorac\/\"},\"wordCount\":1115,\"publisher\":{\"@id\":\"https:\/\/mrcvs.ca\/#organization\"},\"image\":{\"@id\":\"https:\/\/mrcvs.ca\/sorac\/#primaryimage\"},\"thumbnailUrl\":\"https:\/\/mrcvs.ca\/wp-content\/uploads\/2024\/03\/MRCVS-SORAC-WEB.jpg\",\"articleSection\":[\"Citizens\",\"Environment\",\"Municipalities\"],\"inLanguage\":\"en-US\"},{\"@type\":\"WebPage\",\"@id\":\"https:\/\/mrcvs.ca\/sorac\/\",\"url\":\"https:\/\/mrcvs.ca\/sorac\/\",\"name\":\"La MRC de Vaudreuil-Soulanges, premi\u00e8re MRC au Qu\u00e9bec \u00e0 signer une entente avec la SORAC pour la r\u00e9cup\u00e9ration des appareils de r\u00e9frig\u00e9ration et de cong\u00e9lation de type commercial et institutionnel - MRC of Vaudreuil-Soulanges\",\"isPartOf\":{\"@id\":\"https:\/\/mrcvs.ca\/#website\"},\"primaryImageOfPage\":{\"@id\":\"https:\/\/mrcvs.ca\/sorac\/#primaryimage\"},\"image\":{\"@id\":\"https:\/\/mrcvs.ca\/sorac\/#primaryimage\"},\"thumbnailUrl\":\"https:\/\/mrcvs.ca\/wp-content\/uploads\/2024\/03\/MRCVS-SORAC-WEB.jpg\",\"datePublished\":\"2024-03-14T12:07:03+00:00\",\"dateModified\":\"2024-03-14T12:07:03+00:00\",\"breadcrumb\":{\"@id\":\"https:\/\/mrcvs.ca\/sorac\/#breadcrumb\"},\"inLanguage\":\"en-US\",\"potentialAction\":[{\"@type\":\"ReadAction\",\"target\":[\"https:\/\/mrcvs.ca\/sorac\/\"]}]},{\"@type\":\"ImageObject\",\"inLanguage\":\"en-US\",\"@id\":\"https:\/\/mrcvs.ca\/sorac\/#primaryimage\",\"url\":\"https:\/\/mrcvs.ca\/wp-content\/uploads\/2024\/03\/MRCVS-SORAC-WEB.jpg\",\"contentUrl\":\"https:\/\/mrcvs.ca\/wp-content\/uploads\/2024\/03\/MRCVS-SORAC-WEB.jpg\",\"width\":2400,\"height\":1260},{\"@type\":\"BreadcrumbList\",\"@id\":\"https:\/\/mrcvs.ca\/sorac\/#breadcrumb\",\"itemListElement\":[{\"@type\":\"ListItem\",\"position\":1,\"name\":\"Accueil\",\"item\":\"https:\/\/mrcvs.ca\/en\/\"},{\"@type\":\"ListItem\",\"position\":2,\"name\":\"La MRC de Vaudreuil-Soulanges, premi\u00e8re MRC au Qu\u00e9bec \u00e0 signer une entente avec la SORAC pour la r\u00e9cup\u00e9ration des appareils de r\u00e9frig\u00e9ration et de cong\u00e9lation de type commercial et institutionnel\"}]},{\"@type\":\"WebSite\",\"@id\":\"https:\/\/mrcvs.ca\/#website\",\"url\":\"https:\/\/mrcvs.ca\/\",\"name\":\"MRC de Vaudreuil-Soulanges\",\"description\":\"MRC of Vaudreuil-Soulanges \",\"publisher\":{\"@id\":\"https:\/\/mrcvs.ca\/#organization\"},\"potentialAction\":[{\"@type\":\"SearchAction\",\"target\":{\"@type\":\"EntryPoint\",\"urlTemplate\":\"https:\/\/mrcvs.ca\/?s={search_term_string}\"},\"query-input\":\"required name=search_term_string\"}],\"inLanguage\":\"en-US\"},{\"@type\":\"Organization\",\"@id\":\"https:\/\/mrcvs.ca\/#organization\",\"name\":\"MRC Vaudreuil-Soulanges\",\"url\":\"https:\/\/mrcvs.ca\/\",\"logo\":{\"@type\":\"ImageObject\",\"inLanguage\":\"en-US\",\"@id\":\"https:\/\/mrcvs.ca\/#\/schema\/logo\/image\/\",\"url\":\"https:\/\/mrcvs.ca\/wp-content\/uploads\/2018\/10\/MRC_VS_LOGO.png\",\"contentUrl\":\"https:\/\/mrcvs.ca\/wp-content\/uploads\/2018\/10\/MRC_VS_LOGO.png\",\"width\":1080,\"height\":460,\"caption\":\"MRC Vaudreuil-Soulanges\"},\"image\":{\"@id\":\"https:\/\/mrcvs.ca\/#\/schema\/logo\/image\/\"},\"sameAs\":[\"https:\/\/www.facebook.com\/mrcvaudreuilsoulanges\/\"]},{\"@type\":\"Person\",\"@id\":\"https:\/\/mrcvs.ca\/#\/schema\/person\/8fd29c6e3cd29daca3de077a77e5e3d6\",\"name\":\"Marie-Eve Gingras-Gosselin\",\"sameAs\":[\"https:\/\/mrcvs.ca\"]}]}<\/script>\n<!-- \/ Yoast SEO plugin. -->","yoast_head_json":{"title":"La MRC de Vaudreuil-Soulanges, premi\u00e8re MRC au Qu\u00e9bec \u00e0 signer une entente avec la SORAC pour la r\u00e9cup\u00e9ration des appareils de r\u00e9frig\u00e9ration et de cong\u00e9lation de type commercial et institutionnel - MRC of Vaudreuil-Soulanges","robots":{"index":"index","follow":"follow","max-snippet":"max-snippet:-1","max-image-preview":"max-image-preview:large","max-video-preview":"max-video-preview:-1"},"canonical":"https:\/\/mrcvs.ca\/sorac\/","og_locale":"en_US","og_type":"article","og_title":"La MRC de Vaudreuil-Soulanges, premi\u00e8re MRC au Qu\u00e9bec \u00e0 signer une entente avec la SORAC pour la r\u00e9cup\u00e9ration des appareils de r\u00e9frig\u00e9ration et de cong\u00e9lation de type commercial et institutionnel - MRC of Vaudreuil-Soulanges","og_description":"Vaudreuil-Dorion, le 14 mars 2024 \u2013 La Soci\u00e9t\u00e9 de r\u00e9cup\u00e9ration des appareils commerciaux (SORAC) et la MRC de Vaudreuil-Soulanges ont proc\u00e9d\u00e9 \u00e0 la signature d\u2019une entente qui permettra la r\u00e9cup\u00e9ration, selon les normes environnementales en vigueur, des appareils de cong\u00e9lation et de r\u00e9frig\u00e9ration de type commercial et institutionnel aux \u00e9cocentres de la MRC situ\u00e9s \u00e0 [&hellip;]","og_url":"https:\/\/mrcvs.ca\/sorac\/","og_site_name":"MRC of Vaudreuil-Soulanges","article_publisher":"https:\/\/www.facebook.com\/mrcvaudreuilsoulanges\/","article_published_time":"2024-03-14T12:07:03+00:00","og_image":[{"width":2400,"height":1260,"url":"https:\/\/mrcvs.ca\/wp-content\/uploads\/2024\/03\/MRCVS-SORAC-WEB.jpg","type":"image\/jpeg"}],"author":"Marie-Eve Gingras-Gosselin","twitter_card":"summary_large_image","twitter_misc":{"Written by":"Marie-Eve Gingras-Gosselin","Est. reading time":"5 minutes"},"schema":{"@context":"https:\/\/schema.org","@graph":[{"@type":"Article","@id":"https:\/\/mrcvs.ca\/sorac\/#article","isPartOf":{"@id":"https:\/\/mrcvs.ca\/sorac\/"},"author":{"name":"Marie-Eve Gingras-Gosselin","@id":"https:\/\/mrcvs.ca\/#\/schema\/person\/8fd29c6e3cd29daca3de077a77e5e3d6"},"headline":"La MRC de Vaudreuil-Soulanges, premi\u00e8re MRC au Qu\u00e9bec \u00e0 signer une entente avec la SORAC pour la r\u00e9cup\u00e9ration des appareils de r\u00e9frig\u00e9ration et de cong\u00e9lation de type commercial et institutionnel","datePublished":"2024-03-14T12:07:03+00:00","dateModified":"2024-03-14T12:07:03+00:00","mainEntityOfPage":{"@id":"https:\/\/mrcvs.ca\/sorac\/"},"wordCount":1115,"publisher":{"@id":"https:\/\/mrcvs.ca\/#organization"},"image":{"@id":"https:\/\/mrcvs.ca\/sorac\/#primaryimage"},"thumbnailUrl":"https:\/\/mrcvs.ca\/wp-content\/uploads\/2024\/03\/MRCVS-SORAC-WEB.jpg","articleSection":["Citizens","Environment","Municipalities"],"inLanguage":"en-US"},{"@type":"WebPage","@id":"https:\/\/mrcvs.ca\/sorac\/","url":"https:\/\/mrcvs.ca\/sorac\/","name":"La MRC de Vaudreuil-Soulanges, premi\u00e8re MRC au Qu\u00e9bec \u00e0 signer une entente avec la SORAC pour la r\u00e9cup\u00e9ration des appareils de r\u00e9frig\u00e9ration et de cong\u00e9lation de type commercial et institutionnel - MRC of Vaudreuil-Soulanges","isPartOf":{"@id":"https:\/\/mrcvs.ca\/#website"},"primaryImageOfPage":{"@id":"https:\/\/mrcvs.ca\/sorac\/#primaryimage"},"image":{"@id":"https:\/\/mrcvs.ca\/sorac\/#primaryimage"},"thumbnailUrl":"https:\/\/mrcvs.ca\/wp-content\/uploads\/2024\/03\/MRCVS-SORAC-WEB.jpg","datePublished":"2024-03-14T12:07:03+00:00","dateModified":"2024-03-14T12:07:03+00:00","breadcrumb":{"@id":"https:\/\/mrcvs.ca\/sorac\/#breadcrumb"},"inLanguage":"en-US","potentialAction":[{"@type":"ReadAction","target":["https:\/\/mrcvs.ca\/sorac\/"]}]},{"@type":"ImageObject","inLanguage":"en-US","@id":"https:\/\/mrcvs.ca\/sorac\/#primaryimage","url":"https:\/\/mrcvs.ca\/wp-content\/uploads\/2024\/03\/MRCVS-SORAC-WEB.jpg","contentUrl":"https:\/\/mrcvs.ca\/wp-content\/uploads\/2024\/03\/MRCVS-SORAC-WEB.jpg","width":2400,"height":1260},{"@type":"BreadcrumbList","@id":"https:\/\/mrcvs.ca\/sorac\/#breadcrumb","itemListElement":[{"@type":"ListItem","position":1,"name":"Accueil","item":"https:\/\/mrcvs.ca\/en\/"},{"@type":"ListItem","position":2,"name":"La MRC de Vaudreuil-Soulanges, premi\u00e8re MRC au Qu\u00e9bec \u00e0 signer une entente avec la SORAC pour la r\u00e9cup\u00e9ration des appareils de r\u00e9frig\u00e9ration et de cong\u00e9lation de type commercial et institutionnel"}]},{"@type":"WebSite","@id":"https:\/\/mrcvs.ca\/#website","url":"https:\/\/mrcvs.ca\/","name":"MRC de Vaudreuil-Soulanges","description":"MRC of Vaudreuil-Soulanges ","publisher":{"@id":"https:\/\/mrcvs.ca\/#organization"},"potentialAction":[{"@type":"SearchAction","target":{"@type":"EntryPoint","urlTemplate":"https:\/\/mrcvs.ca\/?s={search_term_string}"},"query-input":"required name=search_term_string"}],"inLanguage":"en-US"},{"@type":"Organization","@id":"https:\/\/mrcvs.ca\/#organization","name":"MRC Vaudreuil-Soulanges","url":"https:\/\/mrcvs.ca\/","logo":{"@type":"ImageObject","inLanguage":"en-US","@id":"https:\/\/mrcvs.ca\/#\/schema\/logo\/image\/","url":"https:\/\/mrcvs.ca\/wp-content\/uploads\/2018\/10\/MRC_VS_LOGO.png","contentUrl":"https:\/\/mrcvs.ca\/wp-content\/uploads\/2018\/10\/MRC_VS_LOGO.png","width":1080,"height":460,"caption":"MRC Vaudreuil-Soulanges"},"image":{"@id":"https:\/\/mrcvs.ca\/#\/schema\/logo\/image\/"},"sameAs":["https:\/\/www.facebook.com\/mrcvaudreuilsoulanges\/"]},{"@type":"Person","@id":"https:\/\/mrcvs.ca\/#\/schema\/person\/8fd29c6e3cd29daca3de077a77e5e3d6","name":"Marie-Eve Gingras-Gosselin","sameAs":["https:\/\/mrcvs.ca"]}]}},"_links":{"self":[{"href":"https:\/\/mrcvs.ca\/en\/wp-json\/wp\/v2\/posts\/22780"}],"collection":[{"href":"https:\/\/mrcvs.ca\/en\/wp-json\/wp\/v2\/posts"}],"about":[{"href":"https:\/\/mrcvs.ca\/en\/wp-json\/wp\/v2\/types\/post"}],"author":[{"embeddable":true,"href":"https:\/\/mrcvs.ca\/en\/wp-json\/wp\/v2\/users\/5"}],"replies":[{"embeddable":true,"href":"https:\/\/mrcvs.ca\/en\/wp-json\/wp\/v2\/comments?post=22780"}],"version-history":[{"count":0,"href":"https:\/\/mrcvs.ca\/en\/wp-json\/wp\/v2\/posts\/22780\/revisions"}],"wp:featuredmedia":[{"embeddable":true,"href":"https:\/\/mrcvs.ca\/en\/wp-json\/wp\/v2\/media\/22770"}],"wp:attachment":[{"href":"https:\/\/mrcvs.ca\/en\/wp-json\/wp\/v2\/media?parent=22780"}],"wp:term":[{"taxonomy":"category","embeddable":true,"href":"https:\/\/mrcvs.ca\/en\/wp-json\/wp\/v2\/categories?post=22780"},{"taxonomy":"post_tag","embeddable":true,"href":"https:\/\/mrcvs.ca\/en\/wp-json\/wp\/v2\/tags?post=22780"}],"curies":[{"name":"wp","href":"https:\/\/api.w.org\/{rel}","templated":true}]}}