{"id":20156,"date":"2023-05-25T11:36:00","date_gmt":"2023-05-25T15:36:00","guid":{"rendered":"https:\/\/mrcvs.ca\/crue-printaniere-2023-la-mrc-de-vaudreuil-soulanges-lance-un-appel-aux-benevoles-pour-une-corvee-de-nettoyage-a-lile-cadieux\/"},"modified":"2023-05-25T11:36:06","modified_gmt":"2023-05-25T15:36:06","slug":"crue-printaniere-2023-la-mrc-de-vaudreuil-soulanges-lance-un-appel-aux-benevoles-pour-une-corvee-de-nettoyage-a-lile-cadieux","status":"publish","type":"post","link":"https:\/\/mrcvs.ca\/en\/crue-printaniere-2023-la-mrc-de-vaudreuil-soulanges-lance-un-appel-aux-benevoles-pour-une-corvee-de-nettoyage-a-lile-cadieux\/","title":{"rendered":"Crue printani\u00e8re 2023: La MRC de Vaudreuil-Soulanges lance un appel aux b\u00e9n\u00e9voles pour une corv\u00e9e de nettoyage \u00e0 L\u2019\u00cele-Cadieux"},"content":{"rendered":"<p><strong>Vaudreuil-Dorion, jeudi 25 mai 2023&nbsp;<\/strong>\u2013 La p\u00e9riode de r\u00e9tablissement pour les sinistr\u00e9s est entam\u00e9e et une<strong>&nbsp;corv\u00e9e de nettoyage<\/strong>&nbsp;est pr\u00e9vue \u00e0 L\u2019\u00cele-Cadieux le<strong>&nbsp;27 mai&nbsp;<\/strong>prochain. La MRC de Vaudreuil-Soulanges rappelle donc le besoin d\u2019aide et relance la population afin de pr\u00eater main-forte aux sinistr\u00e9s. Les personnes int\u00e9ress\u00e9es \u00e0 \u00eatre b\u00e9n\u00e9voles sont invit\u00e9es \u00e0 se rendre directement sur place \u00e0 la mairie de L\u2019\u00cele-Cadieux. En cas de besoin, elles peuvent aussi communiquer leur int\u00e9r\u00eat \u00e0 l\u2019adresse courriel suivante<strong>&nbsp;<\/strong>:&nbsp;<a href=\"mailto:ds@mrcvs.ca\" data-mce-href=\"mailto:ds@mrcvs.ca\"><strong>ds@mrcvs.ca<\/strong><\/a>&nbsp;ou par t\u00e9l\u00e9phone au 450&nbsp;455-5753, poste&nbsp;2209.&nbsp;<strong>Corv\u00e9e de nettoyage \u00e0 L\u2019\u00cele-Cadieux<\/strong>&nbsp;Date&nbsp;: 27 mai Heure&nbsp;: 9 h \u00e0 12 h Lieu&nbsp;: H\u00f4tel de ville de L\u2019\u00cele-Cadieux situ\u00e9 au 50, chemin de l\u2019\u00cele, L\u2019\u00cele-Cadieux (Qu\u00e9bec) J7V 8P3&nbsp;<strong>\u00c0 propos de la MRC de Vaudreuil-Soulanges<\/strong>&nbsp;La MRC de Vaudreuil-Soulanges regroupe les 23 municipalit\u00e9s de son territoire de 855 km\u00b2, qui s\u2019\u00e9tend de l\u2019\u00eele Perrot jusqu\u2019\u00e0 la fronti\u00e8re ontarienne. Sous la direction politique de son pr\u00e9fet, M. Patrick Bousez, la mission de la MRC vise la concertation, la planification ainsi que la gestion de l\u2019am\u00e9nagement et du d\u00e9veloppement de son territoire selon les principes de d\u00e9veloppement durable. Son r\u00f4le de chef de file et de rassembleur aupr\u00e8s des principaux intervenants du territoire facilite la coordination d\u2019actions r\u00e9gionales selon quatre sph\u00e8res : la planification, le d\u00e9veloppement, les services aux municipalit\u00e9s et les services aux citoyens. Les ma\u00eetres-mots de la MRC sont planifier, concerter et agir. Pour plus d\u2019information, visitez le&nbsp;<a href=\"http:\/\/www.mrcvs.ca\/\" data-mce-href=\"http:\/\/www.mrcvs.ca\/\">www.mrcvs.ca<\/a><u>.<\/u><\/p>\n","protected":false},"excerpt":{"rendered":"<p>Vaudreuil-Dorion, jeudi 25 mai 2023&nbsp;\u2013 La p\u00e9riode de r\u00e9tablissement pour les sinistr\u00e9s est entam\u00e9e et une&nbsp;corv\u00e9e de nettoyage&nbsp;est pr\u00e9vue \u00e0 L\u2019\u00cele-Cadieux le&nbsp;27 mai&nbsp;prochain. La MRC de Vaudreuil-Soulanges rappelle donc le besoin d\u2019aide et relance la population afin de pr\u00eater main-forte aux sinistr\u00e9s. Les personnes int\u00e9ress\u00e9es \u00e0 \u00eatre b\u00e9n\u00e9voles sont invit\u00e9es \u00e0 se rendre directement sur [&hellip;]<\/p>\n","protected":false},"author":5,"featured_media":20159,"comment_status":"closed","ping_status":"closed","sticky":false,"template":"","format":"standard","meta":{"_et_pb_use_builder":"","_et_pb_old_content":"","_et_gb_content_width":"","footnotes":""},"categories":[44,45],"tags":[],"yoast_head":"<!-- This site is optimized with the Yoast SEO plugin v23.0 - https:\/\/yoast.com\/wordpress\/plugins\/seo\/ -->\n<title>Crue printani\u00e8re 2023: La MRC de Vaudreuil-Soulanges lance un appel aux b\u00e9n\u00e9voles pour une corv\u00e9e de nettoyage \u00e0 L\u2019\u00cele-Cadieux - MRC of Vaudreuil-Soulanges<\/title>\n<meta name=\"robots\" content=\"index, follow, max-snippet:-1, max-image-preview:large, max-video-preview:-1\" \/>\n<link rel=\"canonical\" href=\"https:\/\/mrcvs.ca\/en\/crue-printaniere-2023-la-mrc-de-vaudreuil-soulanges-lance-un-appel-aux-benevoles-pour-une-corvee-de-nettoyage-a-lile-cadieux\/\" \/>\n<meta property=\"og:locale\" content=\"en_US\" \/>\n<meta property=\"og:type\" content=\"article\" \/>\n<meta property=\"og:title\" content=\"Crue printani\u00e8re 2023: La MRC de Vaudreuil-Soulanges lance un appel aux b\u00e9n\u00e9voles pour une corv\u00e9e de nettoyage \u00e0 L\u2019\u00cele-Cadieux - MRC of Vaudreuil-Soulanges\" \/>\n<meta property=\"og:description\" content=\"Vaudreuil-Dorion, jeudi 25 mai 2023&nbsp;\u2013 La p\u00e9riode de r\u00e9tablissement pour les sinistr\u00e9s est entam\u00e9e et une&nbsp;corv\u00e9e de nettoyage&nbsp;est pr\u00e9vue \u00e0 L\u2019\u00cele-Cadieux le&nbsp;27 mai&nbsp;prochain. La MRC de Vaudreuil-Soulanges rappelle donc le besoin d\u2019aide et relance la population afin de pr\u00eater main-forte aux sinistr\u00e9s. Les personnes int\u00e9ress\u00e9es \u00e0 \u00eatre b\u00e9n\u00e9voles sont invit\u00e9es \u00e0 se rendre directement sur [&hellip;]\" \/>\n<meta property=\"og:url\" content=\"https:\/\/mrcvs.ca\/en\/crue-printaniere-2023-la-mrc-de-vaudreuil-soulanges-lance-un-appel-aux-benevoles-pour-une-corvee-de-nettoyage-a-lile-cadieux\/\" \/>\n<meta property=\"og:site_name\" content=\"MRC of Vaudreuil-Soulanges\" \/>\n<meta property=\"article:publisher\" content=\"https:\/\/www.facebook.com\/mrcvaudreuilsoulanges\/\" \/>\n<meta property=\"article:published_time\" content=\"2023-05-25T15:36:00+00:00\" \/>\n<meta property=\"article:modified_time\" content=\"2023-05-25T15:36:06+00:00\" \/>\n<meta property=\"og:image\" content=\"https:\/\/mrcvs.ca\/wp-content\/uploads\/2023\/05\/Benevolat-inondations-MRCVS-IC.jpg\" \/>\n\t<meta property=\"og:image:width\" content=\"2400\" \/>\n\t<meta property=\"og:image:height\" content=\"1260\" \/>\n\t<meta property=\"og:image:type\" content=\"image\/jpeg\" \/>\n<meta name=\"author\" content=\"Marie-Eve Gingras-Gosselin\" \/>\n<meta name=\"twitter:card\" content=\"summary_large_image\" \/>\n<meta name=\"twitter:label1\" content=\"Written by\" \/>\n\t<meta name=\"twitter:data1\" content=\"Marie-Eve Gingras-Gosselin\" \/>\n\t<meta name=\"twitter:label2\" content=\"Est. reading time\" \/>\n\t<meta name=\"twitter:data2\" content=\"1 minute\" \/>\n<script type=\"application\/ld+json\" class=\"yoast-schema-graph\">{\"@context\":\"https:\/\/schema.org\",\"@graph\":[{\"@type\":\"Article\",\"@id\":\"https:\/\/mrcvs.ca\/en\/crue-printaniere-2023-la-mrc-de-vaudreuil-soulanges-lance-un-appel-aux-benevoles-pour-une-corvee-de-nettoyage-a-lile-cadieux\/#article\",\"isPartOf\":{\"@id\":\"https:\/\/mrcvs.ca\/en\/crue-printaniere-2023-la-mrc-de-vaudreuil-soulanges-lance-un-appel-aux-benevoles-pour-une-corvee-de-nettoyage-a-lile-cadieux\/\"},\"author\":{\"name\":\"Marie-Eve Gingras-Gosselin\",\"@id\":\"https:\/\/mrcvs.ca\/#\/schema\/person\/8fd29c6e3cd29daca3de077a77e5e3d6\"},\"headline\":\"Crue printani\u00e8re 2023: La MRC de Vaudreuil-Soulanges lance un appel aux b\u00e9n\u00e9voles pour une corv\u00e9e de nettoyage \u00e0 L\u2019\u00cele-Cadieux\",\"datePublished\":\"2023-05-25T15:36:00+00:00\",\"dateModified\":\"2023-05-25T15:36:06+00:00\",\"mainEntityOfPage\":{\"@id\":\"https:\/\/mrcvs.ca\/en\/crue-printaniere-2023-la-mrc-de-vaudreuil-soulanges-lance-un-appel-aux-benevoles-pour-une-corvee-de-nettoyage-a-lile-cadieux\/\"},\"wordCount\":310,\"publisher\":{\"@id\":\"https:\/\/mrcvs.ca\/#organization\"},\"image\":{\"@id\":\"https:\/\/mrcvs.ca\/en\/crue-printaniere-2023-la-mrc-de-vaudreuil-soulanges-lance-un-appel-aux-benevoles-pour-une-corvee-de-nettoyage-a-lile-cadieux\/#primaryimage\"},\"thumbnailUrl\":\"https:\/\/mrcvs.ca\/wp-content\/uploads\/2023\/05\/Benevolat-inondations-MRCVS-IC-2.jpg\",\"articleSection\":[\"Citizens\",\"Municipalities\"],\"inLanguage\":\"en-US\"},{\"@type\":\"WebPage\",\"@id\":\"https:\/\/mrcvs.ca\/en\/crue-printaniere-2023-la-mrc-de-vaudreuil-soulanges-lance-un-appel-aux-benevoles-pour-une-corvee-de-nettoyage-a-lile-cadieux\/\",\"url\":\"https:\/\/mrcvs.ca\/en\/crue-printaniere-2023-la-mrc-de-vaudreuil-soulanges-lance-un-appel-aux-benevoles-pour-une-corvee-de-nettoyage-a-lile-cadieux\/\",\"name\":\"Crue printani\u00e8re 2023: La MRC de Vaudreuil-Soulanges lance un appel aux b\u00e9n\u00e9voles pour une corv\u00e9e de nettoyage \u00e0 L\u2019\u00cele-Cadieux - MRC of Vaudreuil-Soulanges\",\"isPartOf\":{\"@id\":\"https:\/\/mrcvs.ca\/#website\"},\"primaryImageOfPage\":{\"@id\":\"https:\/\/mrcvs.ca\/en\/crue-printaniere-2023-la-mrc-de-vaudreuil-soulanges-lance-un-appel-aux-benevoles-pour-une-corvee-de-nettoyage-a-lile-cadieux\/#primaryimage\"},\"image\":{\"@id\":\"https:\/\/mrcvs.ca\/en\/crue-printaniere-2023-la-mrc-de-vaudreuil-soulanges-lance-un-appel-aux-benevoles-pour-une-corvee-de-nettoyage-a-lile-cadieux\/#primaryimage\"},\"thumbnailUrl\":\"https:\/\/mrcvs.ca\/wp-content\/uploads\/2023\/05\/Benevolat-inondations-MRCVS-IC-2.jpg\",\"datePublished\":\"2023-05-25T15:36:00+00:00\",\"dateModified\":\"2023-05-25T15:36:06+00:00\",\"breadcrumb\":{\"@id\":\"https:\/\/mrcvs.ca\/en\/crue-printaniere-2023-la-mrc-de-vaudreuil-soulanges-lance-un-appel-aux-benevoles-pour-une-corvee-de-nettoyage-a-lile-cadieux\/#breadcrumb\"},\"inLanguage\":\"en-US\",\"potentialAction\":[{\"@type\":\"ReadAction\",\"target\":[\"https:\/\/mrcvs.ca\/en\/crue-printaniere-2023-la-mrc-de-vaudreuil-soulanges-lance-un-appel-aux-benevoles-pour-une-corvee-de-nettoyage-a-lile-cadieux\/\"]}]},{\"@type\":\"ImageObject\",\"inLanguage\":\"en-US\",\"@id\":\"https:\/\/mrcvs.ca\/en\/crue-printaniere-2023-la-mrc-de-vaudreuil-soulanges-lance-un-appel-aux-benevoles-pour-une-corvee-de-nettoyage-a-lile-cadieux\/#primaryimage\",\"url\":\"https:\/\/mrcvs.ca\/wp-content\/uploads\/2023\/05\/Benevolat-inondations-MRCVS-IC-2.jpg\",\"contentUrl\":\"https:\/\/mrcvs.ca\/wp-content\/uploads\/2023\/05\/Benevolat-inondations-MRCVS-IC-2.jpg\",\"width\":2400,\"height\":1260},{\"@type\":\"BreadcrumbList\",\"@id\":\"https:\/\/mrcvs.ca\/en\/crue-printaniere-2023-la-mrc-de-vaudreuil-soulanges-lance-un-appel-aux-benevoles-pour-une-corvee-de-nettoyage-a-lile-cadieux\/#breadcrumb\",\"itemListElement\":[{\"@type\":\"ListItem\",\"position\":1,\"name\":\"Accueil\",\"item\":\"https:\/\/mrcvs.ca\/en\/\"},{\"@type\":\"ListItem\",\"position\":2,\"name\":\"Crue printani\u00e8re 2023: La MRC de Vaudreuil-Soulanges lance un appel aux b\u00e9n\u00e9voles pour une corv\u00e9e de nettoyage \u00e0 L\u2019\u00cele-Cadieux\"}]},{\"@type\":\"WebSite\",\"@id\":\"https:\/\/mrcvs.ca\/#website\",\"url\":\"https:\/\/mrcvs.ca\/\",\"name\":\"MRC de Vaudreuil-Soulanges\",\"description\":\"MRC of Vaudreuil-Soulanges \",\"publisher\":{\"@id\":\"https:\/\/mrcvs.ca\/#organization\"},\"potentialAction\":[{\"@type\":\"SearchAction\",\"target\":{\"@type\":\"EntryPoint\",\"urlTemplate\":\"https:\/\/mrcvs.ca\/?s={search_term_string}\"},\"query-input\":\"required name=search_term_string\"}],\"inLanguage\":\"en-US\"},{\"@type\":\"Organization\",\"@id\":\"https:\/\/mrcvs.ca\/#organization\",\"name\":\"MRC Vaudreuil-Soulanges\",\"url\":\"https:\/\/mrcvs.ca\/\",\"logo\":{\"@type\":\"ImageObject\",\"inLanguage\":\"en-US\",\"@id\":\"https:\/\/mrcvs.ca\/#\/schema\/logo\/image\/\",\"url\":\"https:\/\/mrcvs.ca\/wp-content\/uploads\/2018\/10\/MRC_VS_LOGO.png\",\"contentUrl\":\"https:\/\/mrcvs.ca\/wp-content\/uploads\/2018\/10\/MRC_VS_LOGO.png\",\"width\":1080,\"height\":460,\"caption\":\"MRC Vaudreuil-Soulanges\"},\"image\":{\"@id\":\"https:\/\/mrcvs.ca\/#\/schema\/logo\/image\/\"},\"sameAs\":[\"https:\/\/www.facebook.com\/mrcvaudreuilsoulanges\/\"]},{\"@type\":\"Person\",\"@id\":\"https:\/\/mrcvs.ca\/#\/schema\/person\/8fd29c6e3cd29daca3de077a77e5e3d6\",\"name\":\"Marie-Eve Gingras-Gosselin\",\"sameAs\":[\"https:\/\/mrcvs.ca\"]}]}<\/script>\n<!-- \/ Yoast SEO plugin. -->","yoast_head_json":{"title":"Crue printani\u00e8re 2023: La MRC de Vaudreuil-Soulanges lance un appel aux b\u00e9n\u00e9voles pour une corv\u00e9e de nettoyage \u00e0 L\u2019\u00cele-Cadieux - MRC of Vaudreuil-Soulanges","robots":{"index":"index","follow":"follow","max-snippet":"max-snippet:-1","max-image-preview":"max-image-preview:large","max-video-preview":"max-video-preview:-1"},"canonical":"https:\/\/mrcvs.ca\/en\/crue-printaniere-2023-la-mrc-de-vaudreuil-soulanges-lance-un-appel-aux-benevoles-pour-une-corvee-de-nettoyage-a-lile-cadieux\/","og_locale":"en_US","og_type":"article","og_title":"Crue printani\u00e8re 2023: La MRC de Vaudreuil-Soulanges lance un appel aux b\u00e9n\u00e9voles pour une corv\u00e9e de nettoyage \u00e0 L\u2019\u00cele-Cadieux - MRC of Vaudreuil-Soulanges","og_description":"Vaudreuil-Dorion, jeudi 25 mai 2023&nbsp;\u2013 La p\u00e9riode de r\u00e9tablissement pour les sinistr\u00e9s est entam\u00e9e et une&nbsp;corv\u00e9e de nettoyage&nbsp;est pr\u00e9vue \u00e0 L\u2019\u00cele-Cadieux le&nbsp;27 mai&nbsp;prochain. La MRC de Vaudreuil-Soulanges rappelle donc le besoin d\u2019aide et relance la population afin de pr\u00eater main-forte aux sinistr\u00e9s. Les personnes int\u00e9ress\u00e9es \u00e0 \u00eatre b\u00e9n\u00e9voles sont invit\u00e9es \u00e0 se rendre directement sur [&hellip;]","og_url":"https:\/\/mrcvs.ca\/en\/crue-printaniere-2023-la-mrc-de-vaudreuil-soulanges-lance-un-appel-aux-benevoles-pour-une-corvee-de-nettoyage-a-lile-cadieux\/","og_site_name":"MRC of Vaudreuil-Soulanges","article_publisher":"https:\/\/www.facebook.com\/mrcvaudreuilsoulanges\/","article_published_time":"2023-05-25T15:36:00+00:00","article_modified_time":"2023-05-25T15:36:06+00:00","og_image":[{"width":2400,"height":1260,"url":"https:\/\/mrcvs.ca\/wp-content\/uploads\/2023\/05\/Benevolat-inondations-MRCVS-IC.jpg","type":"image\/jpeg"}],"author":"Marie-Eve Gingras-Gosselin","twitter_card":"summary_large_image","twitter_misc":{"Written by":"Marie-Eve Gingras-Gosselin","Est. reading time":"1 minute"},"schema":{"@context":"https:\/\/schema.org","@graph":[{"@type":"Article","@id":"https:\/\/mrcvs.ca\/en\/crue-printaniere-2023-la-mrc-de-vaudreuil-soulanges-lance-un-appel-aux-benevoles-pour-une-corvee-de-nettoyage-a-lile-cadieux\/#article","isPartOf":{"@id":"https:\/\/mrcvs.ca\/en\/crue-printaniere-2023-la-mrc-de-vaudreuil-soulanges-lance-un-appel-aux-benevoles-pour-une-corvee-de-nettoyage-a-lile-cadieux\/"},"author":{"name":"Marie-Eve Gingras-Gosselin","@id":"https:\/\/mrcvs.ca\/#\/schema\/person\/8fd29c6e3cd29daca3de077a77e5e3d6"},"headline":"Crue printani\u00e8re 2023: La MRC de Vaudreuil-Soulanges lance un appel aux b\u00e9n\u00e9voles pour une corv\u00e9e de nettoyage \u00e0 L\u2019\u00cele-Cadieux","datePublished":"2023-05-25T15:36:00+00:00","dateModified":"2023-05-25T15:36:06+00:00","mainEntityOfPage":{"@id":"https:\/\/mrcvs.ca\/en\/crue-printaniere-2023-la-mrc-de-vaudreuil-soulanges-lance-un-appel-aux-benevoles-pour-une-corvee-de-nettoyage-a-lile-cadieux\/"},"wordCount":310,"publisher":{"@id":"https:\/\/mrcvs.ca\/#organization"},"image":{"@id":"https:\/\/mrcvs.ca\/en\/crue-printaniere-2023-la-mrc-de-vaudreuil-soulanges-lance-un-appel-aux-benevoles-pour-une-corvee-de-nettoyage-a-lile-cadieux\/#primaryimage"},"thumbnailUrl":"https:\/\/mrcvs.ca\/wp-content\/uploads\/2023\/05\/Benevolat-inondations-MRCVS-IC-2.jpg","articleSection":["Citizens","Municipalities"],"inLanguage":"en-US"},{"@type":"WebPage","@id":"https:\/\/mrcvs.ca\/en\/crue-printaniere-2023-la-mrc-de-vaudreuil-soulanges-lance-un-appel-aux-benevoles-pour-une-corvee-de-nettoyage-a-lile-cadieux\/","url":"https:\/\/mrcvs.ca\/en\/crue-printaniere-2023-la-mrc-de-vaudreuil-soulanges-lance-un-appel-aux-benevoles-pour-une-corvee-de-nettoyage-a-lile-cadieux\/","name":"Crue printani\u00e8re 2023: La MRC de Vaudreuil-Soulanges lance un appel aux b\u00e9n\u00e9voles pour une corv\u00e9e de nettoyage \u00e0 L\u2019\u00cele-Cadieux - MRC of Vaudreuil-Soulanges","isPartOf":{"@id":"https:\/\/mrcvs.ca\/#website"},"primaryImageOfPage":{"@id":"https:\/\/mrcvs.ca\/en\/crue-printaniere-2023-la-mrc-de-vaudreuil-soulanges-lance-un-appel-aux-benevoles-pour-une-corvee-de-nettoyage-a-lile-cadieux\/#primaryimage"},"image":{"@id":"https:\/\/mrcvs.ca\/en\/crue-printaniere-2023-la-mrc-de-vaudreuil-soulanges-lance-un-appel-aux-benevoles-pour-une-corvee-de-nettoyage-a-lile-cadieux\/#primaryimage"},"thumbnailUrl":"https:\/\/mrcvs.ca\/wp-content\/uploads\/2023\/05\/Benevolat-inondations-MRCVS-IC-2.jpg","datePublished":"2023-05-25T15:36:00+00:00","dateModified":"2023-05-25T15:36:06+00:00","breadcrumb":{"@id":"https:\/\/mrcvs.ca\/en\/crue-printaniere-2023-la-mrc-de-vaudreuil-soulanges-lance-un-appel-aux-benevoles-pour-une-corvee-de-nettoyage-a-lile-cadieux\/#breadcrumb"},"inLanguage":"en-US","potentialAction":[{"@type":"ReadAction","target":["https:\/\/mrcvs.ca\/en\/crue-printaniere-2023-la-mrc-de-vaudreuil-soulanges-lance-un-appel-aux-benevoles-pour-une-corvee-de-nettoyage-a-lile-cadieux\/"]}]},{"@type":"ImageObject","inLanguage":"en-US","@id":"https:\/\/mrcvs.ca\/en\/crue-printaniere-2023-la-mrc-de-vaudreuil-soulanges-lance-un-appel-aux-benevoles-pour-une-corvee-de-nettoyage-a-lile-cadieux\/#primaryimage","url":"https:\/\/mrcvs.ca\/wp-content\/uploads\/2023\/05\/Benevolat-inondations-MRCVS-IC-2.jpg","contentUrl":"https:\/\/mrcvs.ca\/wp-content\/uploads\/2023\/05\/Benevolat-inondations-MRCVS-IC-2.jpg","width":2400,"height":1260},{"@type":"BreadcrumbList","@id":"https:\/\/mrcvs.ca\/en\/crue-printaniere-2023-la-mrc-de-vaudreuil-soulanges-lance-un-appel-aux-benevoles-pour-une-corvee-de-nettoyage-a-lile-cadieux\/#breadcrumb","itemListElement":[{"@type":"ListItem","position":1,"name":"Accueil","item":"https:\/\/mrcvs.ca\/en\/"},{"@type":"ListItem","position":2,"name":"Crue printani\u00e8re 2023: La MRC de Vaudreuil-Soulanges lance un appel aux b\u00e9n\u00e9voles pour une corv\u00e9e de nettoyage \u00e0 L\u2019\u00cele-Cadieux"}]},{"@type":"WebSite","@id":"https:\/\/mrcvs.ca\/#website","url":"https:\/\/mrcvs.ca\/","name":"MRC de Vaudreuil-Soulanges","description":"MRC of Vaudreuil-Soulanges ","publisher":{"@id":"https:\/\/mrcvs.ca\/#organization"},"potentialAction":[{"@type":"SearchAction","target":{"@type":"EntryPoint","urlTemplate":"https:\/\/mrcvs.ca\/?s={search_term_string}"},"query-input":"required name=search_term_string"}],"inLanguage":"en-US"},{"@type":"Organization","@id":"https:\/\/mrcvs.ca\/#organization","name":"MRC Vaudreuil-Soulanges","url":"https:\/\/mrcvs.ca\/","logo":{"@type":"ImageObject","inLanguage":"en-US","@id":"https:\/\/mrcvs.ca\/#\/schema\/logo\/image\/","url":"https:\/\/mrcvs.ca\/wp-content\/uploads\/2018\/10\/MRC_VS_LOGO.png","contentUrl":"https:\/\/mrcvs.ca\/wp-content\/uploads\/2018\/10\/MRC_VS_LOGO.png","width":1080,"height":460,"caption":"MRC Vaudreuil-Soulanges"},"image":{"@id":"https:\/\/mrcvs.ca\/#\/schema\/logo\/image\/"},"sameAs":["https:\/\/www.facebook.com\/mrcvaudreuilsoulanges\/"]},{"@type":"Person","@id":"https:\/\/mrcvs.ca\/#\/schema\/person\/8fd29c6e3cd29daca3de077a77e5e3d6","name":"Marie-Eve Gingras-Gosselin","sameAs":["https:\/\/mrcvs.ca"]}]}},"_links":{"self":[{"href":"https:\/\/mrcvs.ca\/en\/wp-json\/wp\/v2\/posts\/20156"}],"collection":[{"href":"https:\/\/mrcvs.ca\/en\/wp-json\/wp\/v2\/posts"}],"about":[{"href":"https:\/\/mrcvs.ca\/en\/wp-json\/wp\/v2\/types\/post"}],"author":[{"embeddable":true,"href":"https:\/\/mrcvs.ca\/en\/wp-json\/wp\/v2\/users\/5"}],"replies":[{"embeddable":true,"href":"https:\/\/mrcvs.ca\/en\/wp-json\/wp\/v2\/comments?post=20156"}],"version-history":[{"count":0,"href":"https:\/\/mrcvs.ca\/en\/wp-json\/wp\/v2\/posts\/20156\/revisions"}],"wp:featuredmedia":[{"embeddable":true,"href":"https:\/\/mrcvs.ca\/en\/wp-json\/wp\/v2\/media\/20159"}],"wp:attachment":[{"href":"https:\/\/mrcvs.ca\/en\/wp-json\/wp\/v2\/media?parent=20156"}],"wp:term":[{"taxonomy":"category","embeddable":true,"href":"https:\/\/mrcvs.ca\/en\/wp-json\/wp\/v2\/categories?post=20156"},{"taxonomy":"post_tag","embeddable":true,"href":"https:\/\/mrcvs.ca\/en\/wp-json\/wp\/v2\/tags?post=20156"}],"curies":[{"name":"wp","href":"https:\/\/api.w.org\/{rel}","templated":true}]}}