{"id":18442,"date":"2023-02-13T08:03:19","date_gmt":"2023-02-13T13:03:19","guid":{"rendered":"https:\/\/mrcvs.ca\/campagne-bien-outille-e-tu-vas-y-arriver-presentee-dans-le-cadre-des-journees-de-la-perseverance-scolaire-2023-de-vaudreuil-soulanges\/"},"modified":"2024-02-12T15:48:15","modified_gmt":"2024-02-12T20:48:15","slug":"jps","status":"publish","type":"post","link":"https:\/\/mrcvs.ca\/en\/jps\/","title":{"rendered":"Campagne \u00ab Bien outill\u00e9.e, tu vas y arriver \u00bb pr\u00e9sent\u00e9e dans le cadre des Journ\u00e9es de la pers\u00e9v\u00e9rance scolaire 2023 de Vaudreuil-Soulanges"},"content":{"rendered":"<div>\n<div dir=\"auto\"><em><strong>* Le d\u00e9fi lanc\u00e9 dans le cadre de la campagne \u00ab\u2009Bien outill\u00e9.e, tu vas y arriver\u2009\u00bb est d\u00e9sormais termin\u00e9 et la MRC de Vaudreuil-Soulanges tient \u00e0 remercier les plus de 300 \u00e9l\u00e8ves ayant particip\u00e9 au concours. Les gagnant.es seront contact\u00e9.es au cours des prochains jours afin que chacun.e puisse recevoir son prix. Restez \u00e0 l&#8217;aff\u00fbt! *<\/strong><\/em><\/div>\n<\/div>\n<p><strong><br \/>\nVaudreuil-Dorion, le 13 f\u00e9vrier 2023 <\/strong>\u2013 Dans le cadre des <em>Journ\u00e9es de la pers\u00e9v\u00e9rance scolaire<\/em> du 13 au 17\u00a0f\u00e9vrier 2023, la MRC et le Comit\u00e9 en r\u00e9ussite \u00e9ducative et sociale de Vaudreuil-Soulanges, invitent les \u00e9tudiantes et \u00e9tudiants de la r\u00e9gion \u00e0 prendre soin d\u2019eux. La campagne intitul\u00e9e \u00ab\u2009<em>Bien outill\u00e9.e, tu vas y arriver\u2009\u00bb <\/em>se pr\u00e9sente sous forme de d\u00e9fi abordant le th\u00e8me de la sant\u00e9 mentale, un facteur d\u00e9terminant de pers\u00e9v\u00e9rance scolaire et de r\u00e9ussite \u00e9ducative.<\/p>\n<p>Le d\u00e9fi, organis\u00e9 en partenariat avec le Carrefour jeunesse-emploi Vaudreuil-Soulanges, le Centre de services scolaire des Trois-Lacs, la Maison de la Famille Vaudreuil-Soulanges et le C\u00e9gep de Valleyfield, s\u2019adresse aux jeunes de 5<sup>e<\/sup> et 6<sup>e<\/sup>\u00a0ann\u00e9e du niveau primaire, de niveau secondaire et postsecondaire demeurant sur le territoire de la MRC de Vaudreuil-Soulanges, ainsi qu\u2019aux \u00e9tudiants du C\u00e9gep de Valleyfield. Les participants de niveau secondaire et postsecondaire courent la chance de remporter des bourses totalisant un montant de plus de 2\u2009000\u00a0$. Au niveau primaire, les classes participantes sont \u00e9ligibles pour remporter des\u00a0prix de groupe, soit une activit\u00e9 de m\u00e9diation culturelle avec une ou un artiste de la r\u00e9gion.<\/p>\n<p>En s\u2019inscrivant entre le 13 f\u00e9vrier et le 13 mars 2023, vous \u00eates invit\u00e9.es \u00e0 remplir ce court sondage en indiquant des actions ou activit\u00e9s faites au quotidien pour am\u00e9liorer leur sant\u00e9 mentale, que ce soit de pratiquer un sport, lire, m\u00e9diter, ou partager ses \u00e9tats d\u2019\u00e2me avec des membres de l\u2019entourage, etc.<\/p>\n<p>De plus, les enseignantes et enseignants des \u00e9coles primaires sont invit\u00e9.es \u00e0 initier des discussions avec leurs \u00e9l\u00e8ves afin de les inciter \u00e0 r\u00e9fl\u00e9chir aux diverses m\u00e9thodes utilis\u00e9es leur permettant de se sentir mieux et \u00e0 proposer des outils pouvant am\u00e9liorer leur bien-\u00eatre. Enfin, une animation du Groupe SDL et du Carrefour jeunesse-emploi Vaudreuil-Soulanges se d\u00e9roulera sur l\u2019heure du d\u00eener aux diff\u00e9rentes \u00e9coles secondaires de la r\u00e9gion.<\/p>\n<p>Une trousse sera ensuite d\u00e9velopp\u00e9e en regroupant toutes les initiatives des jeunes qui auront \u00e9t\u00e9 propos\u00e9es via le sondage. Une diffusion de la trousse est pr\u00e9vue au printemps\u00a02023, afin de proposer des outils concrets et accessibles pour aider les jeunes \u00e0 se sentir mieux et \u00e0 pers\u00e9v\u00e9rer dans leur cheminement scolaire.<\/p>\n<p>Les bourses et les prix sont rendus possibles gr\u00e2ce au comit\u00e9 en r\u00e9ussite \u00e9ducative et sociale de la MRC de Vaudreuil-Soulanges, au Carrefour Jeunesse-emploi Vaudreuil-Soulanges, au Centre de services scolaire des Trois-Lacs, \u00e0 la Maison de la Famille Vaudreuil-Soulanges, au C\u00e9gep de Valleyfield, \u00e0 Desjardins Vaudreuil-Soulanges, \u00e0 la Fondation du C\u00e9gep de Valleyfield, \u00e0 la d\u00e9put\u00e9e provinciale de Soulanges, Mme Marilyne Picard, \u00e0 la d\u00e9put\u00e9e provinciale de Vaudreuil, Mme Marie-Claude Nichols, au d\u00e9put\u00e9 f\u00e9d\u00e9ral de Vaudreuil-Soulanges, M. Peter Schiefke et \u00e0 la d\u00e9put\u00e9e f\u00e9d\u00e9rale de Salaberry-Suro\u00eet, Mme Claude DeBellefeuille.<\/p>\n<p><img loading=\"lazy\" decoding=\"async\" class=\"wp-image-18708 aligncenter\" src=\"https:\/\/mrcvs.ca\/wp-content\/uploads\/2023\/02\/JPS2023-mrcvs-web-partenaires-3.jpg\" alt=\"\" width=\"979\" height=\"454\" \/><\/p>\n<p><strong>Les <em>Journ\u00e9es de la pers\u00e9v\u00e9rance scolaire (JPS)<\/em><\/strong><\/p>\n<p>Du 13 au 17\u00a0f\u00e9vrier 2023, l\u2019entourage des jeunes sera \u00e0 l\u2019honneur dans le cadre des Journ\u00e9es de la pers\u00e9v\u00e9rance scolaire. Reconna\u00eetre son apport primordial dans la motivation, la r\u00e9silience et la confiance en soi de chaque jeune, c\u2019est saluer son engagement \u00e0 faire de la pers\u00e9v\u00e9rance scolaire sa priorit\u00e9. Depuis 2004, le Qu\u00e9bec se mobilise pour valoriser la r\u00e9ussite \u00e9ducative des jeunes dans le cadre des <a href=\"https:\/\/www.journeesperseverancescolaire.com\/fr\"><em>Journ\u00e9es de la pers\u00e9v\u00e9rance scolaire (JPS<\/em>)<\/a>. Ces journ\u00e9es se d\u00e9roulent lors de la 3<sup>e<\/sup>\u00a0semaine de f\u00e9vrier, moment d\u00e9cisif de l\u2019ann\u00e9e scolaire o\u00f9 les jeunes peuvent ressentir une baisse d\u2019\u00e9nergie et un creux de motivation. Les <em>Journ\u00e9es de la pers\u00e9v\u00e9rance scolaire<\/em> sont une initiative du R\u00e9seau qu\u00e9b\u00e9cois en r\u00e9ussite \u00e9ducative avec la participation financi\u00e8re du gouvernement du Qu\u00e9bec.<\/p>\n","protected":false},"excerpt":{"rendered":"<p>* Le d\u00e9fi lanc\u00e9 dans le cadre de la campagne \u00ab\u2009Bien outill\u00e9.e, tu vas y arriver\u2009\u00bb est d\u00e9sormais termin\u00e9 et la MRC de Vaudreuil-Soulanges tient \u00e0 remercier les plus de 300 \u00e9l\u00e8ves ayant particip\u00e9 au concours. Les gagnant.es seront contact\u00e9.es au cours des prochains jours afin que chacun.e puisse recevoir son prix. Restez \u00e0 l&#8217;aff\u00fbt! [&hellip;]<\/p>\n","protected":false},"author":5,"featured_media":18277,"comment_status":"closed","ping_status":"closed","sticky":false,"template":"","format":"standard","meta":{"_et_pb_use_builder":"","_et_pb_old_content":"","_et_gb_content_width":"","footnotes":""},"categories":[44,45],"tags":[],"yoast_head":"<!-- This site is optimized with the Yoast SEO plugin v23.0 - https:\/\/yoast.com\/wordpress\/plugins\/seo\/ -->\n<title>Campagne \u00ab Bien outill\u00e9.e, tu vas y arriver \u00bb pr\u00e9sent\u00e9e dans le cadre des Journ\u00e9es de la pers\u00e9v\u00e9rance scolaire 2023 de Vaudreuil-Soulanges - MRC of Vaudreuil-Soulanges<\/title>\n<meta name=\"robots\" content=\"index, follow, max-snippet:-1, max-image-preview:large, max-video-preview:-1\" \/>\n<link rel=\"canonical\" href=\"https:\/\/mrcvs.ca\/en\/jps\/\" \/>\n<meta property=\"og:locale\" content=\"en_US\" \/>\n<meta property=\"og:type\" content=\"article\" \/>\n<meta property=\"og:title\" content=\"Campagne \u00ab Bien outill\u00e9.e, tu vas y arriver \u00bb pr\u00e9sent\u00e9e dans le cadre des Journ\u00e9es de la pers\u00e9v\u00e9rance scolaire 2023 de Vaudreuil-Soulanges - MRC of Vaudreuil-Soulanges\" \/>\n<meta property=\"og:description\" content=\"* Le d\u00e9fi lanc\u00e9 dans le cadre de la campagne \u00ab\u2009Bien outill\u00e9.e, tu vas y arriver\u2009\u00bb est d\u00e9sormais termin\u00e9 et la MRC de Vaudreuil-Soulanges tient \u00e0 remercier les plus de 300 \u00e9l\u00e8ves ayant particip\u00e9 au concours. Les gagnant.es seront contact\u00e9.es au cours des prochains jours afin que chacun.e puisse recevoir son prix. Restez \u00e0 l&#8217;aff\u00fbt! [&hellip;]\" \/>\n<meta property=\"og:url\" content=\"https:\/\/mrcvs.ca\/en\/jps\/\" \/>\n<meta property=\"og:site_name\" content=\"MRC of Vaudreuil-Soulanges\" \/>\n<meta property=\"article:publisher\" content=\"https:\/\/www.facebook.com\/mrcvaudreuilsoulanges\/\" \/>\n<meta property=\"article:published_time\" content=\"2023-02-13T13:03:19+00:00\" \/>\n<meta property=\"article:modified_time\" content=\"2024-02-12T20:48:15+00:00\" \/>\n<meta property=\"og:image\" content=\"https:\/\/mrcvs.ca\/wp-content\/uploads\/2023\/02\/JPS2023-mrcvs-web.jpg\" \/>\n\t<meta property=\"og:image:width\" content=\"2499\" \/>\n\t<meta property=\"og:image:height\" content=\"1658\" \/>\n\t<meta property=\"og:image:type\" content=\"image\/jpeg\" \/>\n<meta name=\"author\" content=\"Marie-Eve Gingras-Gosselin\" \/>\n<meta name=\"twitter:card\" content=\"summary_large_image\" \/>\n<meta name=\"twitter:label1\" content=\"Written by\" \/>\n\t<meta name=\"twitter:data1\" content=\"Marie-Eve Gingras-Gosselin\" \/>\n\t<meta name=\"twitter:label2\" content=\"Est. reading time\" \/>\n\t<meta name=\"twitter:data2\" content=\"4 minutes\" \/>\n<script type=\"application\/ld+json\" class=\"yoast-schema-graph\">{\"@context\":\"https:\/\/schema.org\",\"@graph\":[{\"@type\":\"Article\",\"@id\":\"https:\/\/mrcvs.ca\/en\/jps\/#article\",\"isPartOf\":{\"@id\":\"https:\/\/mrcvs.ca\/en\/jps\/\"},\"author\":{\"name\":\"Marie-Eve Gingras-Gosselin\",\"@id\":\"https:\/\/mrcvs.ca\/#\/schema\/person\/8fd29c6e3cd29daca3de077a77e5e3d6\"},\"headline\":\"Campagne \u00ab Bien outill\u00e9.e, tu vas y arriver \u00bb pr\u00e9sent\u00e9e dans le cadre des Journ\u00e9es de la pers\u00e9v\u00e9rance scolaire 2023 de Vaudreuil-Soulanges\",\"datePublished\":\"2023-02-13T13:03:19+00:00\",\"dateModified\":\"2024-02-12T20:48:15+00:00\",\"mainEntityOfPage\":{\"@id\":\"https:\/\/mrcvs.ca\/en\/jps\/\"},\"wordCount\":737,\"publisher\":{\"@id\":\"https:\/\/mrcvs.ca\/#organization\"},\"image\":{\"@id\":\"https:\/\/mrcvs.ca\/en\/jps\/#primaryimage\"},\"thumbnailUrl\":\"https:\/\/mrcvs.ca\/wp-content\/uploads\/2023\/02\/JPS2023-mrcvs-web.jpg\",\"articleSection\":[\"Citizens\",\"Municipalities\"],\"inLanguage\":\"en-US\"},{\"@type\":\"WebPage\",\"@id\":\"https:\/\/mrcvs.ca\/en\/jps\/\",\"url\":\"https:\/\/mrcvs.ca\/en\/jps\/\",\"name\":\"Campagne \u00ab Bien outill\u00e9.e, tu vas y arriver \u00bb pr\u00e9sent\u00e9e dans le cadre des Journ\u00e9es de la pers\u00e9v\u00e9rance scolaire 2023 de Vaudreuil-Soulanges - MRC of Vaudreuil-Soulanges\",\"isPartOf\":{\"@id\":\"https:\/\/mrcvs.ca\/#website\"},\"primaryImageOfPage\":{\"@id\":\"https:\/\/mrcvs.ca\/en\/jps\/#primaryimage\"},\"image\":{\"@id\":\"https:\/\/mrcvs.ca\/en\/jps\/#primaryimage\"},\"thumbnailUrl\":\"https:\/\/mrcvs.ca\/wp-content\/uploads\/2023\/02\/JPS2023-mrcvs-web.jpg\",\"datePublished\":\"2023-02-13T13:03:19+00:00\",\"dateModified\":\"2024-02-12T20:48:15+00:00\",\"breadcrumb\":{\"@id\":\"https:\/\/mrcvs.ca\/en\/jps\/#breadcrumb\"},\"inLanguage\":\"en-US\",\"potentialAction\":[{\"@type\":\"ReadAction\",\"target\":[\"https:\/\/mrcvs.ca\/en\/jps\/\"]}]},{\"@type\":\"ImageObject\",\"inLanguage\":\"en-US\",\"@id\":\"https:\/\/mrcvs.ca\/en\/jps\/#primaryimage\",\"url\":\"https:\/\/mrcvs.ca\/wp-content\/uploads\/2023\/02\/JPS2023-mrcvs-web.jpg\",\"contentUrl\":\"https:\/\/mrcvs.ca\/wp-content\/uploads\/2023\/02\/JPS2023-mrcvs-web.jpg\",\"width\":2499,\"height\":1658},{\"@type\":\"BreadcrumbList\",\"@id\":\"https:\/\/mrcvs.ca\/en\/jps\/#breadcrumb\",\"itemListElement\":[{\"@type\":\"ListItem\",\"position\":1,\"name\":\"Accueil\",\"item\":\"https:\/\/mrcvs.ca\/en\/\"},{\"@type\":\"ListItem\",\"position\":2,\"name\":\"Campagne \u00ab Bien outill\u00e9.e, tu vas y arriver \u00bb pr\u00e9sent\u00e9e dans le cadre des Journ\u00e9es de la pers\u00e9v\u00e9rance scolaire 2023 de Vaudreuil-Soulanges\"}]},{\"@type\":\"WebSite\",\"@id\":\"https:\/\/mrcvs.ca\/#website\",\"url\":\"https:\/\/mrcvs.ca\/\",\"name\":\"MRC de Vaudreuil-Soulanges\",\"description\":\"MRC of Vaudreuil-Soulanges \",\"publisher\":{\"@id\":\"https:\/\/mrcvs.ca\/#organization\"},\"potentialAction\":[{\"@type\":\"SearchAction\",\"target\":{\"@type\":\"EntryPoint\",\"urlTemplate\":\"https:\/\/mrcvs.ca\/?s={search_term_string}\"},\"query-input\":\"required name=search_term_string\"}],\"inLanguage\":\"en-US\"},{\"@type\":\"Organization\",\"@id\":\"https:\/\/mrcvs.ca\/#organization\",\"name\":\"MRC Vaudreuil-Soulanges\",\"url\":\"https:\/\/mrcvs.ca\/\",\"logo\":{\"@type\":\"ImageObject\",\"inLanguage\":\"en-US\",\"@id\":\"https:\/\/mrcvs.ca\/#\/schema\/logo\/image\/\",\"url\":\"https:\/\/mrcvs.ca\/wp-content\/uploads\/2018\/10\/MRC_VS_LOGO.png\",\"contentUrl\":\"https:\/\/mrcvs.ca\/wp-content\/uploads\/2018\/10\/MRC_VS_LOGO.png\",\"width\":1080,\"height\":460,\"caption\":\"MRC Vaudreuil-Soulanges\"},\"image\":{\"@id\":\"https:\/\/mrcvs.ca\/#\/schema\/logo\/image\/\"},\"sameAs\":[\"https:\/\/www.facebook.com\/mrcvaudreuilsoulanges\/\"]},{\"@type\":\"Person\",\"@id\":\"https:\/\/mrcvs.ca\/#\/schema\/person\/8fd29c6e3cd29daca3de077a77e5e3d6\",\"name\":\"Marie-Eve Gingras-Gosselin\",\"sameAs\":[\"https:\/\/mrcvs.ca\"]}]}<\/script>\n<!-- \/ Yoast SEO plugin. -->","yoast_head_json":{"title":"Campagne \u00ab Bien outill\u00e9.e, tu vas y arriver \u00bb pr\u00e9sent\u00e9e dans le cadre des Journ\u00e9es de la pers\u00e9v\u00e9rance scolaire 2023 de Vaudreuil-Soulanges - MRC of Vaudreuil-Soulanges","robots":{"index":"index","follow":"follow","max-snippet":"max-snippet:-1","max-image-preview":"max-image-preview:large","max-video-preview":"max-video-preview:-1"},"canonical":"https:\/\/mrcvs.ca\/en\/jps\/","og_locale":"en_US","og_type":"article","og_title":"Campagne \u00ab Bien outill\u00e9.e, tu vas y arriver \u00bb pr\u00e9sent\u00e9e dans le cadre des Journ\u00e9es de la pers\u00e9v\u00e9rance scolaire 2023 de Vaudreuil-Soulanges - MRC of Vaudreuil-Soulanges","og_description":"* Le d\u00e9fi lanc\u00e9 dans le cadre de la campagne \u00ab\u2009Bien outill\u00e9.e, tu vas y arriver\u2009\u00bb est d\u00e9sormais termin\u00e9 et la MRC de Vaudreuil-Soulanges tient \u00e0 remercier les plus de 300 \u00e9l\u00e8ves ayant particip\u00e9 au concours. Les gagnant.es seront contact\u00e9.es au cours des prochains jours afin que chacun.e puisse recevoir son prix. Restez \u00e0 l&#8217;aff\u00fbt! [&hellip;]","og_url":"https:\/\/mrcvs.ca\/en\/jps\/","og_site_name":"MRC of Vaudreuil-Soulanges","article_publisher":"https:\/\/www.facebook.com\/mrcvaudreuilsoulanges\/","article_published_time":"2023-02-13T13:03:19+00:00","article_modified_time":"2024-02-12T20:48:15+00:00","og_image":[{"width":2499,"height":1658,"url":"https:\/\/mrcvs.ca\/wp-content\/uploads\/2023\/02\/JPS2023-mrcvs-web.jpg","type":"image\/jpeg"}],"author":"Marie-Eve Gingras-Gosselin","twitter_card":"summary_large_image","twitter_misc":{"Written by":"Marie-Eve Gingras-Gosselin","Est. reading time":"4 minutes"},"schema":{"@context":"https:\/\/schema.org","@graph":[{"@type":"Article","@id":"https:\/\/mrcvs.ca\/en\/jps\/#article","isPartOf":{"@id":"https:\/\/mrcvs.ca\/en\/jps\/"},"author":{"name":"Marie-Eve Gingras-Gosselin","@id":"https:\/\/mrcvs.ca\/#\/schema\/person\/8fd29c6e3cd29daca3de077a77e5e3d6"},"headline":"Campagne \u00ab Bien outill\u00e9.e, tu vas y arriver \u00bb pr\u00e9sent\u00e9e dans le cadre des Journ\u00e9es de la pers\u00e9v\u00e9rance scolaire 2023 de Vaudreuil-Soulanges","datePublished":"2023-02-13T13:03:19+00:00","dateModified":"2024-02-12T20:48:15+00:00","mainEntityOfPage":{"@id":"https:\/\/mrcvs.ca\/en\/jps\/"},"wordCount":737,"publisher":{"@id":"https:\/\/mrcvs.ca\/#organization"},"image":{"@id":"https:\/\/mrcvs.ca\/en\/jps\/#primaryimage"},"thumbnailUrl":"https:\/\/mrcvs.ca\/wp-content\/uploads\/2023\/02\/JPS2023-mrcvs-web.jpg","articleSection":["Citizens","Municipalities"],"inLanguage":"en-US"},{"@type":"WebPage","@id":"https:\/\/mrcvs.ca\/en\/jps\/","url":"https:\/\/mrcvs.ca\/en\/jps\/","name":"Campagne \u00ab Bien outill\u00e9.e, tu vas y arriver \u00bb pr\u00e9sent\u00e9e dans le cadre des Journ\u00e9es de la pers\u00e9v\u00e9rance scolaire 2023 de Vaudreuil-Soulanges - MRC of Vaudreuil-Soulanges","isPartOf":{"@id":"https:\/\/mrcvs.ca\/#website"},"primaryImageOfPage":{"@id":"https:\/\/mrcvs.ca\/en\/jps\/#primaryimage"},"image":{"@id":"https:\/\/mrcvs.ca\/en\/jps\/#primaryimage"},"thumbnailUrl":"https:\/\/mrcvs.ca\/wp-content\/uploads\/2023\/02\/JPS2023-mrcvs-web.jpg","datePublished":"2023-02-13T13:03:19+00:00","dateModified":"2024-02-12T20:48:15+00:00","breadcrumb":{"@id":"https:\/\/mrcvs.ca\/en\/jps\/#breadcrumb"},"inLanguage":"en-US","potentialAction":[{"@type":"ReadAction","target":["https:\/\/mrcvs.ca\/en\/jps\/"]}]},{"@type":"ImageObject","inLanguage":"en-US","@id":"https:\/\/mrcvs.ca\/en\/jps\/#primaryimage","url":"https:\/\/mrcvs.ca\/wp-content\/uploads\/2023\/02\/JPS2023-mrcvs-web.jpg","contentUrl":"https:\/\/mrcvs.ca\/wp-content\/uploads\/2023\/02\/JPS2023-mrcvs-web.jpg","width":2499,"height":1658},{"@type":"BreadcrumbList","@id":"https:\/\/mrcvs.ca\/en\/jps\/#breadcrumb","itemListElement":[{"@type":"ListItem","position":1,"name":"Accueil","item":"https:\/\/mrcvs.ca\/en\/"},{"@type":"ListItem","position":2,"name":"Campagne \u00ab Bien outill\u00e9.e, tu vas y arriver \u00bb pr\u00e9sent\u00e9e dans le cadre des Journ\u00e9es de la pers\u00e9v\u00e9rance scolaire 2023 de Vaudreuil-Soulanges"}]},{"@type":"WebSite","@id":"https:\/\/mrcvs.ca\/#website","url":"https:\/\/mrcvs.ca\/","name":"MRC de Vaudreuil-Soulanges","description":"MRC of Vaudreuil-Soulanges ","publisher":{"@id":"https:\/\/mrcvs.ca\/#organization"},"potentialAction":[{"@type":"SearchAction","target":{"@type":"EntryPoint","urlTemplate":"https:\/\/mrcvs.ca\/?s={search_term_string}"},"query-input":"required name=search_term_string"}],"inLanguage":"en-US"},{"@type":"Organization","@id":"https:\/\/mrcvs.ca\/#organization","name":"MRC Vaudreuil-Soulanges","url":"https:\/\/mrcvs.ca\/","logo":{"@type":"ImageObject","inLanguage":"en-US","@id":"https:\/\/mrcvs.ca\/#\/schema\/logo\/image\/","url":"https:\/\/mrcvs.ca\/wp-content\/uploads\/2018\/10\/MRC_VS_LOGO.png","contentUrl":"https:\/\/mrcvs.ca\/wp-content\/uploads\/2018\/10\/MRC_VS_LOGO.png","width":1080,"height":460,"caption":"MRC Vaudreuil-Soulanges"},"image":{"@id":"https:\/\/mrcvs.ca\/#\/schema\/logo\/image\/"},"sameAs":["https:\/\/www.facebook.com\/mrcvaudreuilsoulanges\/"]},{"@type":"Person","@id":"https:\/\/mrcvs.ca\/#\/schema\/person\/8fd29c6e3cd29daca3de077a77e5e3d6","name":"Marie-Eve Gingras-Gosselin","sameAs":["https:\/\/mrcvs.ca"]}]}},"_links":{"self":[{"href":"https:\/\/mrcvs.ca\/en\/wp-json\/wp\/v2\/posts\/18442"}],"collection":[{"href":"https:\/\/mrcvs.ca\/en\/wp-json\/wp\/v2\/posts"}],"about":[{"href":"https:\/\/mrcvs.ca\/en\/wp-json\/wp\/v2\/types\/post"}],"author":[{"embeddable":true,"href":"https:\/\/mrcvs.ca\/en\/wp-json\/wp\/v2\/users\/5"}],"replies":[{"embeddable":true,"href":"https:\/\/mrcvs.ca\/en\/wp-json\/wp\/v2\/comments?post=18442"}],"version-history":[{"count":0,"href":"https:\/\/mrcvs.ca\/en\/wp-json\/wp\/v2\/posts\/18442\/revisions"}],"wp:featuredmedia":[{"embeddable":true,"href":"https:\/\/mrcvs.ca\/en\/wp-json\/wp\/v2\/media\/18277"}],"wp:attachment":[{"href":"https:\/\/mrcvs.ca\/en\/wp-json\/wp\/v2\/media?parent=18442"}],"wp:term":[{"taxonomy":"category","embeddable":true,"href":"https:\/\/mrcvs.ca\/en\/wp-json\/wp\/v2\/categories?post=18442"},{"taxonomy":"post_tag","embeddable":true,"href":"https:\/\/mrcvs.ca\/en\/wp-json\/wp\/v2\/tags?post=18442"}],"curies":[{"name":"wp","href":"https:\/\/api.w.org\/{rel}","templated":true}]}}