{"id":16837,"date":"2022-06-30T08:44:46","date_gmt":"2022-06-30T12:44:46","guid":{"rendered":"https:\/\/mrcvs.ca\/la-mrc-de-vaudreuil-soulanges-appelle-les-citoyens-du-territoire-a-diminuer-leur-consommation-deau-potable\/"},"modified":"2022-06-30T08:44:46","modified_gmt":"2022-06-30T12:44:46","slug":"la-mrc-de-vaudreuil-soulanges-appelle-les-citoyens-du-territoire-a-diminuer-leur-consommation-deau-potable","status":"publish","type":"post","link":"https:\/\/mrcvs.ca\/en\/la-mrc-de-vaudreuil-soulanges-appelle-les-citoyens-du-territoire-a-diminuer-leur-consommation-deau-potable\/","title":{"rendered":"La MRC de Vaudreuil-Soulanges appelle les citoyens du territoire \u00e0 diminuer leur consommation d\u2019eau potable"},"content":{"rendered":"<p><strong>Vaudreuil-Dorion, le 30 juin 2022 <\/strong>\u2013 En cl\u00f4ture du mois de l\u2019eau, la MRC souhaite sensibiliser les citoyens de la r\u00e9gion \u00e0 l\u2019importance d\u2019adopter des gestes qui favorisent l\u2019\u00e9conomie d\u2019eau potable via la campagne \u00e9labor\u00e9e par le minist\u00e8re des Affaires municipales et de l&#8217;Habitation (MAMH), <strong><em>Mon empreinte bleue<\/em><\/strong>. Des \u00e9l\u00e9ments de cette campagne seront diffus\u00e9s sur la page Facebook de la MRC tout l\u2019\u00e9t\u00e9. Vous y d\u00e9couvrirez des gestes concrets \u00e0 poser pour pr\u00e9server cette ressource inestimable, dont un <a href=\"https:\/\/www.mamh.gouv.qc.ca\/infrastructures\/campagne-mon-empreinte-bleue\/test-interactif\/questionnaire\/\"><strong>test interactif<\/strong>\u00a0<\/a>en ligne calculant votre consommation quotidienne d\u2019eau potable.<\/p>\n<p>\u00c0 travers le Qu\u00e9bec, la consommation d\u2019eau potable double durant l\u2019\u00e9t\u00e9 en raison des usages ext\u00e9rieurs. Dans un contexte de changements climatiques o\u00f9 les p\u00e9riodes de s\u00e9cheresse accentuent la pression sur\u00a0les installations municipales de production et de distribution d&#8217;eau potable, une consommation plus responsable peut contribuer \u00e0 assurer la p\u00e9rennit\u00e9 de l&#8217;eau en plus de contrer les complications entra\u00een\u00e9es par la r\u00e9duction des r\u00e9serves.<\/p>\n<p>La campagne <strong><em>Mon empreinte bleue<\/em><\/strong>\u00a0est l\u2019une des mesures de la\u00a0<a href=\"https:\/\/www.mamh.gouv.qc.ca\/infrastructures\/strategie\/a-propos-de-la-strategie\/\">Strat\u00e9gie qu\u00e9b\u00e9coise d\u2019\u00e9conomie d\u2019eau potable 2019-2025<\/a>. Une <a href=\"https:\/\/www.mamh.gouv.qc.ca\/infrastructures\/campagne-mon-empreinte-bleue\/boite-a-outils\/?utm_source=MS&amp;utm_medium=FB&amp;utm_campaign=MEB&amp;fbclid=IwAR13vfLlpvROy4IuVtLXnYG2w3c8erfGh0AL-uUIcs3gX6sZ-ppqBoCo0vU\"><strong>trousse de sensibilisation<\/strong><\/a> est disponible en ligne pour toutes les municipalit\u00e9s souhaitant diffuser l\u2019information.<\/p>\n<p><strong>\u00c0 propos de la <\/strong><strong>MRC de Vaudreuil-Soulanges<\/strong><\/p>\n<p>La MRC de Vaudreuil-Soulanges regroupe les 23 municipalit\u00e9s de son territoire de 855 km\u00b2, qui s\u2019\u00e9tend de L\u2019\u00cele-Perrot jusqu\u2019\u00e0 la fronti\u00e8re ontarienne. Sous la direction politique de son pr\u00e9fet, M. Patrick Bousez, la mission de la MRC vise la concertation, la planification ainsi que la gestion de l\u2019am\u00e9nagement et du d\u00e9veloppement de son territoire selon les principes de d\u00e9veloppement durable. Son r\u00f4le de chef de file et de rassembleur aupr\u00e8s des principaux intervenants du territoire facilite la coordination d\u2019actions r\u00e9gionales selon quatre sph\u00e8res : la planification, le d\u00e9veloppement, les services aux municipalit\u00e9s et les services aux citoyens. Les ma\u00eetres-mots de la MRC\u00a0sont planifier, concerter et agir. Pour plus d\u2019information, visitez le <a href=\"http:\/\/www.mrcvs.ca\/\">www.mrcvs.ca<\/a>.<\/p>\n","protected":false},"excerpt":{"rendered":"<p>Vaudreuil-Dorion, le 30 juin 2022 \u2013 En cl\u00f4ture du mois de l\u2019eau, la MRC souhaite sensibiliser les citoyens de la r\u00e9gion \u00e0 l\u2019importance d\u2019adopter des gestes qui favorisent l\u2019\u00e9conomie d\u2019eau potable via la campagne \u00e9labor\u00e9e par le minist\u00e8re des Affaires municipales et de l&#8217;Habitation (MAMH), Mon empreinte bleue. Des \u00e9l\u00e9ments de cette campagne seront diffus\u00e9s [&hellip;]<\/p>\n","protected":false},"author":5,"featured_media":16827,"comment_status":"closed","ping_status":"closed","sticky":false,"template":"","format":"standard","meta":{"_et_pb_use_builder":"","_et_pb_old_content":"","_et_gb_content_width":"","footnotes":""},"categories":[44,48,45],"tags":[],"yoast_head":"<!-- This site is optimized with the Yoast SEO plugin v23.0 - https:\/\/yoast.com\/wordpress\/plugins\/seo\/ -->\n<title>La MRC de Vaudreuil-Soulanges appelle les citoyens du territoire \u00e0 diminuer leur consommation d\u2019eau potable - MRC of Vaudreuil-Soulanges<\/title>\n<meta name=\"robots\" content=\"index, follow, max-snippet:-1, max-image-preview:large, max-video-preview:-1\" \/>\n<link rel=\"canonical\" href=\"https:\/\/mrcvs.ca\/en\/la-mrc-de-vaudreuil-soulanges-appelle-les-citoyens-du-territoire-a-diminuer-leur-consommation-deau-potable\/\" \/>\n<meta property=\"og:locale\" content=\"en_US\" \/>\n<meta property=\"og:type\" content=\"article\" \/>\n<meta property=\"og:title\" content=\"La MRC de Vaudreuil-Soulanges appelle les citoyens du territoire \u00e0 diminuer leur consommation d\u2019eau potable - MRC of Vaudreuil-Soulanges\" \/>\n<meta property=\"og:description\" content=\"Vaudreuil-Dorion, le 30 juin 2022 \u2013 En cl\u00f4ture du mois de l\u2019eau, la MRC souhaite sensibiliser les citoyens de la r\u00e9gion \u00e0 l\u2019importance d\u2019adopter des gestes qui favorisent l\u2019\u00e9conomie d\u2019eau potable via la campagne \u00e9labor\u00e9e par le minist\u00e8re des Affaires municipales et de l&#8217;Habitation (MAMH), Mon empreinte bleue. Des \u00e9l\u00e9ments de cette campagne seront diffus\u00e9s [&hellip;]\" \/>\n<meta property=\"og:url\" content=\"https:\/\/mrcvs.ca\/en\/la-mrc-de-vaudreuil-soulanges-appelle-les-citoyens-du-territoire-a-diminuer-leur-consommation-deau-potable\/\" \/>\n<meta property=\"og:site_name\" content=\"MRC of Vaudreuil-Soulanges\" \/>\n<meta property=\"article:publisher\" content=\"https:\/\/www.facebook.com\/mrcvaudreuilsoulanges\/\" \/>\n<meta property=\"article:published_time\" content=\"2022-06-30T12:44:46+00:00\" \/>\n<meta property=\"og:image\" content=\"https:\/\/mrcvs.ca\/wp-content\/uploads\/2022\/06\/eau_test-1080x675-1.jpg\" \/>\n\t<meta property=\"og:image:width\" content=\"1080\" \/>\n\t<meta property=\"og:image:height\" content=\"675\" \/>\n\t<meta property=\"og:image:type\" content=\"image\/jpeg\" \/>\n<meta name=\"author\" content=\"Marie-Eve Gingras-Gosselin\" \/>\n<meta name=\"twitter:card\" content=\"summary_large_image\" \/>\n<meta name=\"twitter:label1\" content=\"Written by\" \/>\n\t<meta name=\"twitter:data1\" content=\"Marie-Eve Gingras-Gosselin\" \/>\n\t<meta name=\"twitter:label2\" content=\"Est. reading time\" \/>\n\t<meta name=\"twitter:data2\" content=\"2 minutes\" \/>\n<script type=\"application\/ld+json\" class=\"yoast-schema-graph\">{\"@context\":\"https:\/\/schema.org\",\"@graph\":[{\"@type\":\"Article\",\"@id\":\"https:\/\/mrcvs.ca\/en\/la-mrc-de-vaudreuil-soulanges-appelle-les-citoyens-du-territoire-a-diminuer-leur-consommation-deau-potable\/#article\",\"isPartOf\":{\"@id\":\"https:\/\/mrcvs.ca\/en\/la-mrc-de-vaudreuil-soulanges-appelle-les-citoyens-du-territoire-a-diminuer-leur-consommation-deau-potable\/\"},\"author\":{\"name\":\"Marie-Eve Gingras-Gosselin\",\"@id\":\"https:\/\/mrcvs.ca\/#\/schema\/person\/8fd29c6e3cd29daca3de077a77e5e3d6\"},\"headline\":\"La MRC de Vaudreuil-Soulanges appelle les citoyens du territoire \u00e0 diminuer leur consommation d\u2019eau potable\",\"datePublished\":\"2022-06-30T12:44:46+00:00\",\"dateModified\":\"2022-06-30T12:44:46+00:00\",\"mainEntityOfPage\":{\"@id\":\"https:\/\/mrcvs.ca\/en\/la-mrc-de-vaudreuil-soulanges-appelle-les-citoyens-du-territoire-a-diminuer-leur-consommation-deau-potable\/\"},\"wordCount\":367,\"publisher\":{\"@id\":\"https:\/\/mrcvs.ca\/#organization\"},\"image\":{\"@id\":\"https:\/\/mrcvs.ca\/en\/la-mrc-de-vaudreuil-soulanges-appelle-les-citoyens-du-territoire-a-diminuer-leur-consommation-deau-potable\/#primaryimage\"},\"thumbnailUrl\":\"https:\/\/mrcvs.ca\/wp-content\/uploads\/2022\/06\/eau_test-1080x675-1.jpg\",\"articleSection\":[\"Citizens\",\"Environment\",\"Municipalities\"],\"inLanguage\":\"en-US\"},{\"@type\":\"WebPage\",\"@id\":\"https:\/\/mrcvs.ca\/en\/la-mrc-de-vaudreuil-soulanges-appelle-les-citoyens-du-territoire-a-diminuer-leur-consommation-deau-potable\/\",\"url\":\"https:\/\/mrcvs.ca\/en\/la-mrc-de-vaudreuil-soulanges-appelle-les-citoyens-du-territoire-a-diminuer-leur-consommation-deau-potable\/\",\"name\":\"La MRC de Vaudreuil-Soulanges appelle les citoyens du territoire \u00e0 diminuer leur consommation d\u2019eau potable - MRC of Vaudreuil-Soulanges\",\"isPartOf\":{\"@id\":\"https:\/\/mrcvs.ca\/#website\"},\"primaryImageOfPage\":{\"@id\":\"https:\/\/mrcvs.ca\/en\/la-mrc-de-vaudreuil-soulanges-appelle-les-citoyens-du-territoire-a-diminuer-leur-consommation-deau-potable\/#primaryimage\"},\"image\":{\"@id\":\"https:\/\/mrcvs.ca\/en\/la-mrc-de-vaudreuil-soulanges-appelle-les-citoyens-du-territoire-a-diminuer-leur-consommation-deau-potable\/#primaryimage\"},\"thumbnailUrl\":\"https:\/\/mrcvs.ca\/wp-content\/uploads\/2022\/06\/eau_test-1080x675-1.jpg\",\"datePublished\":\"2022-06-30T12:44:46+00:00\",\"dateModified\":\"2022-06-30T12:44:46+00:00\",\"breadcrumb\":{\"@id\":\"https:\/\/mrcvs.ca\/en\/la-mrc-de-vaudreuil-soulanges-appelle-les-citoyens-du-territoire-a-diminuer-leur-consommation-deau-potable\/#breadcrumb\"},\"inLanguage\":\"en-US\",\"potentialAction\":[{\"@type\":\"ReadAction\",\"target\":[\"https:\/\/mrcvs.ca\/en\/la-mrc-de-vaudreuil-soulanges-appelle-les-citoyens-du-territoire-a-diminuer-leur-consommation-deau-potable\/\"]}]},{\"@type\":\"ImageObject\",\"inLanguage\":\"en-US\",\"@id\":\"https:\/\/mrcvs.ca\/en\/la-mrc-de-vaudreuil-soulanges-appelle-les-citoyens-du-territoire-a-diminuer-leur-consommation-deau-potable\/#primaryimage\",\"url\":\"https:\/\/mrcvs.ca\/wp-content\/uploads\/2022\/06\/eau_test-1080x675-1.jpg\",\"contentUrl\":\"https:\/\/mrcvs.ca\/wp-content\/uploads\/2022\/06\/eau_test-1080x675-1.jpg\",\"width\":1080,\"height\":675},{\"@type\":\"BreadcrumbList\",\"@id\":\"https:\/\/mrcvs.ca\/en\/la-mrc-de-vaudreuil-soulanges-appelle-les-citoyens-du-territoire-a-diminuer-leur-consommation-deau-potable\/#breadcrumb\",\"itemListElement\":[{\"@type\":\"ListItem\",\"position\":1,\"name\":\"Accueil\",\"item\":\"https:\/\/mrcvs.ca\/en\/\"},{\"@type\":\"ListItem\",\"position\":2,\"name\":\"La MRC de Vaudreuil-Soulanges appelle les citoyens du territoire \u00e0 diminuer leur consommation d\u2019eau potable\"}]},{\"@type\":\"WebSite\",\"@id\":\"https:\/\/mrcvs.ca\/#website\",\"url\":\"https:\/\/mrcvs.ca\/\",\"name\":\"MRC de Vaudreuil-Soulanges\",\"description\":\"MRC of Vaudreuil-Soulanges \",\"publisher\":{\"@id\":\"https:\/\/mrcvs.ca\/#organization\"},\"potentialAction\":[{\"@type\":\"SearchAction\",\"target\":{\"@type\":\"EntryPoint\",\"urlTemplate\":\"https:\/\/mrcvs.ca\/?s={search_term_string}\"},\"query-input\":\"required name=search_term_string\"}],\"inLanguage\":\"en-US\"},{\"@type\":\"Organization\",\"@id\":\"https:\/\/mrcvs.ca\/#organization\",\"name\":\"MRC Vaudreuil-Soulanges\",\"url\":\"https:\/\/mrcvs.ca\/\",\"logo\":{\"@type\":\"ImageObject\",\"inLanguage\":\"en-US\",\"@id\":\"https:\/\/mrcvs.ca\/#\/schema\/logo\/image\/\",\"url\":\"https:\/\/mrcvs.ca\/wp-content\/uploads\/2018\/10\/MRC_VS_LOGO.png\",\"contentUrl\":\"https:\/\/mrcvs.ca\/wp-content\/uploads\/2018\/10\/MRC_VS_LOGO.png\",\"width\":1080,\"height\":460,\"caption\":\"MRC Vaudreuil-Soulanges\"},\"image\":{\"@id\":\"https:\/\/mrcvs.ca\/#\/schema\/logo\/image\/\"},\"sameAs\":[\"https:\/\/www.facebook.com\/mrcvaudreuilsoulanges\/\"]},{\"@type\":\"Person\",\"@id\":\"https:\/\/mrcvs.ca\/#\/schema\/person\/8fd29c6e3cd29daca3de077a77e5e3d6\",\"name\":\"Marie-Eve Gingras-Gosselin\",\"sameAs\":[\"https:\/\/mrcvs.ca\"]}]}<\/script>\n<!-- \/ Yoast SEO plugin. -->","yoast_head_json":{"title":"La MRC de Vaudreuil-Soulanges appelle les citoyens du territoire \u00e0 diminuer leur consommation d\u2019eau potable - MRC of Vaudreuil-Soulanges","robots":{"index":"index","follow":"follow","max-snippet":"max-snippet:-1","max-image-preview":"max-image-preview:large","max-video-preview":"max-video-preview:-1"},"canonical":"https:\/\/mrcvs.ca\/en\/la-mrc-de-vaudreuil-soulanges-appelle-les-citoyens-du-territoire-a-diminuer-leur-consommation-deau-potable\/","og_locale":"en_US","og_type":"article","og_title":"La MRC de Vaudreuil-Soulanges appelle les citoyens du territoire \u00e0 diminuer leur consommation d\u2019eau potable - MRC of Vaudreuil-Soulanges","og_description":"Vaudreuil-Dorion, le 30 juin 2022 \u2013 En cl\u00f4ture du mois de l\u2019eau, la MRC souhaite sensibiliser les citoyens de la r\u00e9gion \u00e0 l\u2019importance d\u2019adopter des gestes qui favorisent l\u2019\u00e9conomie d\u2019eau potable via la campagne \u00e9labor\u00e9e par le minist\u00e8re des Affaires municipales et de l&#8217;Habitation (MAMH), Mon empreinte bleue. Des \u00e9l\u00e9ments de cette campagne seront diffus\u00e9s [&hellip;]","og_url":"https:\/\/mrcvs.ca\/en\/la-mrc-de-vaudreuil-soulanges-appelle-les-citoyens-du-territoire-a-diminuer-leur-consommation-deau-potable\/","og_site_name":"MRC of Vaudreuil-Soulanges","article_publisher":"https:\/\/www.facebook.com\/mrcvaudreuilsoulanges\/","article_published_time":"2022-06-30T12:44:46+00:00","og_image":[{"width":1080,"height":675,"url":"https:\/\/mrcvs.ca\/wp-content\/uploads\/2022\/06\/eau_test-1080x675-1.jpg","type":"image\/jpeg"}],"author":"Marie-Eve Gingras-Gosselin","twitter_card":"summary_large_image","twitter_misc":{"Written by":"Marie-Eve Gingras-Gosselin","Est. reading time":"2 minutes"},"schema":{"@context":"https:\/\/schema.org","@graph":[{"@type":"Article","@id":"https:\/\/mrcvs.ca\/en\/la-mrc-de-vaudreuil-soulanges-appelle-les-citoyens-du-territoire-a-diminuer-leur-consommation-deau-potable\/#article","isPartOf":{"@id":"https:\/\/mrcvs.ca\/en\/la-mrc-de-vaudreuil-soulanges-appelle-les-citoyens-du-territoire-a-diminuer-leur-consommation-deau-potable\/"},"author":{"name":"Marie-Eve Gingras-Gosselin","@id":"https:\/\/mrcvs.ca\/#\/schema\/person\/8fd29c6e3cd29daca3de077a77e5e3d6"},"headline":"La MRC de Vaudreuil-Soulanges appelle les citoyens du territoire \u00e0 diminuer leur consommation d\u2019eau potable","datePublished":"2022-06-30T12:44:46+00:00","dateModified":"2022-06-30T12:44:46+00:00","mainEntityOfPage":{"@id":"https:\/\/mrcvs.ca\/en\/la-mrc-de-vaudreuil-soulanges-appelle-les-citoyens-du-territoire-a-diminuer-leur-consommation-deau-potable\/"},"wordCount":367,"publisher":{"@id":"https:\/\/mrcvs.ca\/#organization"},"image":{"@id":"https:\/\/mrcvs.ca\/en\/la-mrc-de-vaudreuil-soulanges-appelle-les-citoyens-du-territoire-a-diminuer-leur-consommation-deau-potable\/#primaryimage"},"thumbnailUrl":"https:\/\/mrcvs.ca\/wp-content\/uploads\/2022\/06\/eau_test-1080x675-1.jpg","articleSection":["Citizens","Environment","Municipalities"],"inLanguage":"en-US"},{"@type":"WebPage","@id":"https:\/\/mrcvs.ca\/en\/la-mrc-de-vaudreuil-soulanges-appelle-les-citoyens-du-territoire-a-diminuer-leur-consommation-deau-potable\/","url":"https:\/\/mrcvs.ca\/en\/la-mrc-de-vaudreuil-soulanges-appelle-les-citoyens-du-territoire-a-diminuer-leur-consommation-deau-potable\/","name":"La MRC de Vaudreuil-Soulanges appelle les citoyens du territoire \u00e0 diminuer leur consommation d\u2019eau potable - MRC of Vaudreuil-Soulanges","isPartOf":{"@id":"https:\/\/mrcvs.ca\/#website"},"primaryImageOfPage":{"@id":"https:\/\/mrcvs.ca\/en\/la-mrc-de-vaudreuil-soulanges-appelle-les-citoyens-du-territoire-a-diminuer-leur-consommation-deau-potable\/#primaryimage"},"image":{"@id":"https:\/\/mrcvs.ca\/en\/la-mrc-de-vaudreuil-soulanges-appelle-les-citoyens-du-territoire-a-diminuer-leur-consommation-deau-potable\/#primaryimage"},"thumbnailUrl":"https:\/\/mrcvs.ca\/wp-content\/uploads\/2022\/06\/eau_test-1080x675-1.jpg","datePublished":"2022-06-30T12:44:46+00:00","dateModified":"2022-06-30T12:44:46+00:00","breadcrumb":{"@id":"https:\/\/mrcvs.ca\/en\/la-mrc-de-vaudreuil-soulanges-appelle-les-citoyens-du-territoire-a-diminuer-leur-consommation-deau-potable\/#breadcrumb"},"inLanguage":"en-US","potentialAction":[{"@type":"ReadAction","target":["https:\/\/mrcvs.ca\/en\/la-mrc-de-vaudreuil-soulanges-appelle-les-citoyens-du-territoire-a-diminuer-leur-consommation-deau-potable\/"]}]},{"@type":"ImageObject","inLanguage":"en-US","@id":"https:\/\/mrcvs.ca\/en\/la-mrc-de-vaudreuil-soulanges-appelle-les-citoyens-du-territoire-a-diminuer-leur-consommation-deau-potable\/#primaryimage","url":"https:\/\/mrcvs.ca\/wp-content\/uploads\/2022\/06\/eau_test-1080x675-1.jpg","contentUrl":"https:\/\/mrcvs.ca\/wp-content\/uploads\/2022\/06\/eau_test-1080x675-1.jpg","width":1080,"height":675},{"@type":"BreadcrumbList","@id":"https:\/\/mrcvs.ca\/en\/la-mrc-de-vaudreuil-soulanges-appelle-les-citoyens-du-territoire-a-diminuer-leur-consommation-deau-potable\/#breadcrumb","itemListElement":[{"@type":"ListItem","position":1,"name":"Accueil","item":"https:\/\/mrcvs.ca\/en\/"},{"@type":"ListItem","position":2,"name":"La MRC de Vaudreuil-Soulanges appelle les citoyens du territoire \u00e0 diminuer leur consommation d\u2019eau potable"}]},{"@type":"WebSite","@id":"https:\/\/mrcvs.ca\/#website","url":"https:\/\/mrcvs.ca\/","name":"MRC de Vaudreuil-Soulanges","description":"MRC of Vaudreuil-Soulanges ","publisher":{"@id":"https:\/\/mrcvs.ca\/#organization"},"potentialAction":[{"@type":"SearchAction","target":{"@type":"EntryPoint","urlTemplate":"https:\/\/mrcvs.ca\/?s={search_term_string}"},"query-input":"required name=search_term_string"}],"inLanguage":"en-US"},{"@type":"Organization","@id":"https:\/\/mrcvs.ca\/#organization","name":"MRC Vaudreuil-Soulanges","url":"https:\/\/mrcvs.ca\/","logo":{"@type":"ImageObject","inLanguage":"en-US","@id":"https:\/\/mrcvs.ca\/#\/schema\/logo\/image\/","url":"https:\/\/mrcvs.ca\/wp-content\/uploads\/2018\/10\/MRC_VS_LOGO.png","contentUrl":"https:\/\/mrcvs.ca\/wp-content\/uploads\/2018\/10\/MRC_VS_LOGO.png","width":1080,"height":460,"caption":"MRC Vaudreuil-Soulanges"},"image":{"@id":"https:\/\/mrcvs.ca\/#\/schema\/logo\/image\/"},"sameAs":["https:\/\/www.facebook.com\/mrcvaudreuilsoulanges\/"]},{"@type":"Person","@id":"https:\/\/mrcvs.ca\/#\/schema\/person\/8fd29c6e3cd29daca3de077a77e5e3d6","name":"Marie-Eve Gingras-Gosselin","sameAs":["https:\/\/mrcvs.ca"]}]}},"_links":{"self":[{"href":"https:\/\/mrcvs.ca\/en\/wp-json\/wp\/v2\/posts\/16837"}],"collection":[{"href":"https:\/\/mrcvs.ca\/en\/wp-json\/wp\/v2\/posts"}],"about":[{"href":"https:\/\/mrcvs.ca\/en\/wp-json\/wp\/v2\/types\/post"}],"author":[{"embeddable":true,"href":"https:\/\/mrcvs.ca\/en\/wp-json\/wp\/v2\/users\/5"}],"replies":[{"embeddable":true,"href":"https:\/\/mrcvs.ca\/en\/wp-json\/wp\/v2\/comments?post=16837"}],"version-history":[{"count":0,"href":"https:\/\/mrcvs.ca\/en\/wp-json\/wp\/v2\/posts\/16837\/revisions"}],"wp:featuredmedia":[{"embeddable":true,"href":"https:\/\/mrcvs.ca\/en\/wp-json\/wp\/v2\/media\/16827"}],"wp:attachment":[{"href":"https:\/\/mrcvs.ca\/en\/wp-json\/wp\/v2\/media?parent=16837"}],"wp:term":[{"taxonomy":"category","embeddable":true,"href":"https:\/\/mrcvs.ca\/en\/wp-json\/wp\/v2\/categories?post=16837"},{"taxonomy":"post_tag","embeddable":true,"href":"https:\/\/mrcvs.ca\/en\/wp-json\/wp\/v2\/tags?post=16837"}],"curies":[{"name":"wp","href":"https:\/\/api.w.org\/{rel}","templated":true}]}}