{"id":16637,"date":"2022-06-08T09:21:13","date_gmt":"2022-06-08T13:21:13","guid":{"rendered":"https:\/\/mrcvs.ca\/la-mrc-de-vaudreuil-soulanges-souligne-lintronisation-de-monsieur-raymond-malo-a-lordre-des-batisseurs-de-la-ccivs\/"},"modified":"2022-06-08T09:29:16","modified_gmt":"2022-06-08T13:29:16","slug":"la-mrc-de-vaudreuil-soulanges-souligne-lintronisation-de-monsieur-raymond-malo-a-lordre-des-batisseurs-de-la-ccivs","status":"publish","type":"post","link":"https:\/\/mrcvs.ca\/en\/la-mrc-de-vaudreuil-soulanges-souligne-lintronisation-de-monsieur-raymond-malo-a-lordre-des-batisseurs-de-la-ccivs\/","title":{"rendered":"La MRC de Vaudreuil-Soulanges souligne l\u2019intronisation de monsieur Raymond Malo \u00e0 L\u2019Ordre des B\u00e2tisseurs de la CCIVS"},"content":{"rendered":"<p>Vaudreuil-Dorion, le 8 juin 2022 \u2013 C\u2019est le 2 juin dernier, lors du Gala Retrouvailles organis\u00e9 par la Chambre de commerce et d\u2019industrie de Vaudreuil-Soulanges (CCIVS), que monsieur Raymond Malo, directeur g\u00e9n\u00e9ral adjoint de la MRC r\u00e9cemment retrait\u00e9, a \u00e9t\u00e9 intronis\u00e9 \u00e0 l\u2019Ordre des B\u00e2tisseurs de l\u2019organisation. Ce prix honorifique est d\u00e9cern\u00e9 \u00e0 une personne qui s\u2019est distingu\u00e9e par son leadership, son innovation et pour l\u2019ensemble de son oeuvre au cours de sa carri\u00e8re. Cette personne doit \u00e9galement avoir contribu\u00e9 de fa\u00e7on exceptionnelle au d\u00e9veloppement et au rayonnement de la r\u00e9gion et avoir fait preuve d\u2019un engagement social et professionnel durant sa carri\u00e8re.<\/p>\n<p>Au cours de sa carri\u00e8re de plus de 30 ans \u00e0 la MRC de Vaudreuil-Soulanges, monsieur Malo a oeuvr\u00e9 sur de nombreux dossiers dont la pr\u00e9servation du patrimoine avec le projet de mise en valeur du canal de Soulanges ainsi qu\u2019en mati\u00e8re environnementale avec des dossiers comme la protection du mont Rigaud, pour ne nommer que ceux-ci. Il a \u00e9galement pilot\u00e9 les dossiers les plus importants en am\u00e9nagement du territoire et en mati\u00e8re environnementale de la MRC.<\/p>\n<blockquote><p>\u00ab La MRC est tr\u00e8s fi\u00e8re de cette intronisation et de cette reconnaissance de la part du CCIVS. Nous tenons \u00e0 souligner le d\u00e9vouement et l\u2019immense contribution de M. Ramond Malo pour le territoire Vaudreuil-Soulanges. Sans sa t\u00e9nacit\u00e9, il y a longtemps que le canal de Soulanges aurait \u00e9t\u00e9 d\u00e9moli et serait un souvenir du pass\u00e9. Raymond Malo entre officiellement dans l\u2019Histoire comme un important b\u00e2tisseur de notre r\u00e9gion \u00bb, a d\u00e9clar\u00e9 monsieur Patrick Bousez, pr\u00e9fet de la MRC de Vaudreuil-Soulanges et maire de la municipalit\u00e9 de Rivi\u00e8re-Beaudette.<\/p><\/blockquote>\n<p>&nbsp;<\/p>\n<p><strong>\u00c0 propos de la Chambre de commerce et d\u2019industrie de Vaudreuil-Soulanges<\/strong><br \/>\nLa Chambre compte environ 650 membres actifs et son membership est en plein essor. La Chambre s\u2019est vue m\u00e9riter les prix du recrutement Arthur P. Earle 2011 et 2012 d\u00e9cern\u00e9s par la F\u00e9d\u00e9ration des Chambres de commerce du Qu\u00e9bec pour souligner un effort particulier ou original afin d\u2019augmenter ses effectifs. La Chambre a fait preuve d\u2019efforts soutenus et de travail acharn\u00e9 pour atteindre ses objectifs en mati\u00e8re de recrutement. Depuis l\u2019\u00e9t\u00e9 2013, la Chambre de commerce et d\u2019industrie de Vaudreuil-Soulanges (CCIVS) a obtenu par Industrie Canada l\u2019octroi du territoire de la MRC de Vaudreuil-Soulanges. Ainsi, d\u2019une mission locale, la Chambre adopte maintenant une approche r\u00e9gionale.<\/p>\n<p><strong>\u00c0 propos de la MRC de Vaudreuil-Soulanges<\/strong><br \/>\nLa MRC de Vaudreuil-Soulanges regroupe les 23 municipalit\u00e9s de son territoire de 855 km\u00b2, qui s\u2019\u00e9tend de L\u2019\u00cele-Perrot jusqu\u2019\u00e0 la fronti\u00e8re ontarienne. Sous la direction politique de son pr\u00e9fet, M. Patrick<br \/>\nBousez, la mission de la MRC vise la concertation, la planification ainsi que la gestion de l\u2019am\u00e9nagement et du d\u00e9veloppement de son territoire selon les principes de d\u00e9veloppement durable. Son r\u00f4le de chef<br \/>\nde file et de rassembleur aupr\u00e8s des principaux intervenants du territoire facilite la coordination d\u2019actions r\u00e9gionales selon quatre sph\u00e8res : la planification, le d\u00e9veloppement, les services aux municipalit\u00e9s et les services aux citoyens. Les ma\u00eetres-mots de la MRC sont planifier, concerter et agir. Pour plus d\u2019information, visitez lewww.mrcvs.ca.<\/p>\n<p><em>Cr\u00e9dit photo : courtoisie de la Chambre de commerce et d\u2019industrie de Vaudreuil-Soulanges.<\/em><\/p>\n","protected":false},"excerpt":{"rendered":"<p>Vaudreuil-Dorion, le 8 juin 2022 \u2013 C\u2019est le 2 juin dernier, lors du Gala Retrouvailles organis\u00e9 par la Chambre de commerce et d\u2019industrie de Vaudreuil-Soulanges (CCIVS), que monsieur Raymond Malo, directeur g\u00e9n\u00e9ral adjoint de la MRC r\u00e9cemment retrait\u00e9, a \u00e9t\u00e9 intronis\u00e9 \u00e0 l\u2019Ordre des B\u00e2tisseurs de l\u2019organisation. Ce prix honorifique est d\u00e9cern\u00e9 \u00e0 une personne [&hellip;]<\/p>\n","protected":false},"author":5,"featured_media":16633,"comment_status":"closed","ping_status":"closed","sticky":false,"template":"","format":"standard","meta":{"_et_pb_use_builder":"","_et_pb_old_content":"","_et_gb_content_width":"","footnotes":""},"categories":[44,45],"tags":[],"yoast_head":"<!-- This site is optimized with the Yoast SEO plugin v23.0 - https:\/\/yoast.com\/wordpress\/plugins\/seo\/ -->\n<title>La MRC de Vaudreuil-Soulanges souligne l\u2019intronisation de monsieur Raymond Malo \u00e0 L\u2019Ordre des B\u00e2tisseurs de la CCIVS - MRC of Vaudreuil-Soulanges<\/title>\n<meta name=\"robots\" content=\"index, follow, max-snippet:-1, max-image-preview:large, max-video-preview:-1\" \/>\n<link rel=\"canonical\" href=\"https:\/\/mrcvs.ca\/en\/la-mrc-de-vaudreuil-soulanges-souligne-lintronisation-de-monsieur-raymond-malo-a-lordre-des-batisseurs-de-la-ccivs\/\" \/>\n<meta property=\"og:locale\" content=\"en_US\" \/>\n<meta property=\"og:type\" content=\"article\" \/>\n<meta property=\"og:title\" content=\"La MRC de Vaudreuil-Soulanges souligne l\u2019intronisation de monsieur Raymond Malo \u00e0 L\u2019Ordre des B\u00e2tisseurs de la CCIVS - MRC of Vaudreuil-Soulanges\" \/>\n<meta property=\"og:description\" content=\"Vaudreuil-Dorion, le 8 juin 2022 \u2013 C\u2019est le 2 juin dernier, lors du Gala Retrouvailles organis\u00e9 par la Chambre de commerce et d\u2019industrie de Vaudreuil-Soulanges (CCIVS), que monsieur Raymond Malo, directeur g\u00e9n\u00e9ral adjoint de la MRC r\u00e9cemment retrait\u00e9, a \u00e9t\u00e9 intronis\u00e9 \u00e0 l\u2019Ordre des B\u00e2tisseurs de l\u2019organisation. Ce prix honorifique est d\u00e9cern\u00e9 \u00e0 une personne [&hellip;]\" \/>\n<meta property=\"og:url\" content=\"https:\/\/mrcvs.ca\/en\/la-mrc-de-vaudreuil-soulanges-souligne-lintronisation-de-monsieur-raymond-malo-a-lordre-des-batisseurs-de-la-ccivs\/\" \/>\n<meta property=\"og:site_name\" content=\"MRC of Vaudreuil-Soulanges\" \/>\n<meta property=\"article:publisher\" content=\"https:\/\/www.facebook.com\/mrcvaudreuilsoulanges\/\" \/>\n<meta property=\"article:published_time\" content=\"2022-06-08T13:21:13+00:00\" \/>\n<meta property=\"article:modified_time\" content=\"2022-06-08T13:29:16+00:00\" \/>\n<meta property=\"og:image\" content=\"https:\/\/mrcvs.ca\/wp-content\/uploads\/2022\/06\/Batisseur2022-CCIVS.jpg\" \/>\n\t<meta property=\"og:image:width\" content=\"2048\" \/>\n\t<meta property=\"og:image:height\" content=\"1367\" \/>\n\t<meta property=\"og:image:type\" content=\"image\/jpeg\" \/>\n<meta name=\"author\" content=\"Marie-Eve Gingras-Gosselin\" \/>\n<meta name=\"twitter:card\" content=\"summary_large_image\" \/>\n<meta name=\"twitter:label1\" content=\"Written by\" \/>\n\t<meta name=\"twitter:data1\" content=\"Marie-Eve Gingras-Gosselin\" \/>\n\t<meta name=\"twitter:label2\" content=\"Est. reading time\" \/>\n\t<meta name=\"twitter:data2\" content=\"3 minutes\" \/>\n<script type=\"application\/ld+json\" class=\"yoast-schema-graph\">{\"@context\":\"https:\/\/schema.org\",\"@graph\":[{\"@type\":\"Article\",\"@id\":\"https:\/\/mrcvs.ca\/en\/la-mrc-de-vaudreuil-soulanges-souligne-lintronisation-de-monsieur-raymond-malo-a-lordre-des-batisseurs-de-la-ccivs\/#article\",\"isPartOf\":{\"@id\":\"https:\/\/mrcvs.ca\/en\/la-mrc-de-vaudreuil-soulanges-souligne-lintronisation-de-monsieur-raymond-malo-a-lordre-des-batisseurs-de-la-ccivs\/\"},\"author\":{\"name\":\"Marie-Eve Gingras-Gosselin\",\"@id\":\"https:\/\/mrcvs.ca\/#\/schema\/person\/8fd29c6e3cd29daca3de077a77e5e3d6\"},\"headline\":\"La MRC de Vaudreuil-Soulanges souligne l\u2019intronisation de monsieur Raymond Malo \u00e0 L\u2019Ordre des B\u00e2tisseurs de la CCIVS\",\"datePublished\":\"2022-06-08T13:21:13+00:00\",\"dateModified\":\"2022-06-08T13:29:16+00:00\",\"mainEntityOfPage\":{\"@id\":\"https:\/\/mrcvs.ca\/en\/la-mrc-de-vaudreuil-soulanges-souligne-lintronisation-de-monsieur-raymond-malo-a-lordre-des-batisseurs-de-la-ccivs\/\"},\"wordCount\":589,\"publisher\":{\"@id\":\"https:\/\/mrcvs.ca\/#organization\"},\"image\":{\"@id\":\"https:\/\/mrcvs.ca\/en\/la-mrc-de-vaudreuil-soulanges-souligne-lintronisation-de-monsieur-raymond-malo-a-lordre-des-batisseurs-de-la-ccivs\/#primaryimage\"},\"thumbnailUrl\":\"https:\/\/mrcvs.ca\/wp-content\/uploads\/2022\/06\/Batisseur2022-CCIVS.jpg\",\"articleSection\":[\"Citizens\",\"Municipalities\"],\"inLanguage\":\"en-US\"},{\"@type\":\"WebPage\",\"@id\":\"https:\/\/mrcvs.ca\/en\/la-mrc-de-vaudreuil-soulanges-souligne-lintronisation-de-monsieur-raymond-malo-a-lordre-des-batisseurs-de-la-ccivs\/\",\"url\":\"https:\/\/mrcvs.ca\/en\/la-mrc-de-vaudreuil-soulanges-souligne-lintronisation-de-monsieur-raymond-malo-a-lordre-des-batisseurs-de-la-ccivs\/\",\"name\":\"La MRC de Vaudreuil-Soulanges souligne l\u2019intronisation de monsieur Raymond Malo \u00e0 L\u2019Ordre des B\u00e2tisseurs de la CCIVS - MRC of Vaudreuil-Soulanges\",\"isPartOf\":{\"@id\":\"https:\/\/mrcvs.ca\/#website\"},\"primaryImageOfPage\":{\"@id\":\"https:\/\/mrcvs.ca\/en\/la-mrc-de-vaudreuil-soulanges-souligne-lintronisation-de-monsieur-raymond-malo-a-lordre-des-batisseurs-de-la-ccivs\/#primaryimage\"},\"image\":{\"@id\":\"https:\/\/mrcvs.ca\/en\/la-mrc-de-vaudreuil-soulanges-souligne-lintronisation-de-monsieur-raymond-malo-a-lordre-des-batisseurs-de-la-ccivs\/#primaryimage\"},\"thumbnailUrl\":\"https:\/\/mrcvs.ca\/wp-content\/uploads\/2022\/06\/Batisseur2022-CCIVS.jpg\",\"datePublished\":\"2022-06-08T13:21:13+00:00\",\"dateModified\":\"2022-06-08T13:29:16+00:00\",\"breadcrumb\":{\"@id\":\"https:\/\/mrcvs.ca\/en\/la-mrc-de-vaudreuil-soulanges-souligne-lintronisation-de-monsieur-raymond-malo-a-lordre-des-batisseurs-de-la-ccivs\/#breadcrumb\"},\"inLanguage\":\"en-US\",\"potentialAction\":[{\"@type\":\"ReadAction\",\"target\":[\"https:\/\/mrcvs.ca\/en\/la-mrc-de-vaudreuil-soulanges-souligne-lintronisation-de-monsieur-raymond-malo-a-lordre-des-batisseurs-de-la-ccivs\/\"]}]},{\"@type\":\"ImageObject\",\"inLanguage\":\"en-US\",\"@id\":\"https:\/\/mrcvs.ca\/en\/la-mrc-de-vaudreuil-soulanges-souligne-lintronisation-de-monsieur-raymond-malo-a-lordre-des-batisseurs-de-la-ccivs\/#primaryimage\",\"url\":\"https:\/\/mrcvs.ca\/wp-content\/uploads\/2022\/06\/Batisseur2022-CCIVS.jpg\",\"contentUrl\":\"https:\/\/mrcvs.ca\/wp-content\/uploads\/2022\/06\/Batisseur2022-CCIVS.jpg\",\"width\":2048,\"height\":1367},{\"@type\":\"BreadcrumbList\",\"@id\":\"https:\/\/mrcvs.ca\/en\/la-mrc-de-vaudreuil-soulanges-souligne-lintronisation-de-monsieur-raymond-malo-a-lordre-des-batisseurs-de-la-ccivs\/#breadcrumb\",\"itemListElement\":[{\"@type\":\"ListItem\",\"position\":1,\"name\":\"Accueil\",\"item\":\"https:\/\/mrcvs.ca\/en\/\"},{\"@type\":\"ListItem\",\"position\":2,\"name\":\"La MRC de Vaudreuil-Soulanges souligne l\u2019intronisation de monsieur Raymond Malo \u00e0 L\u2019Ordre des B\u00e2tisseurs de la CCIVS\"}]},{\"@type\":\"WebSite\",\"@id\":\"https:\/\/mrcvs.ca\/#website\",\"url\":\"https:\/\/mrcvs.ca\/\",\"name\":\"MRC de Vaudreuil-Soulanges\",\"description\":\"MRC of Vaudreuil-Soulanges \",\"publisher\":{\"@id\":\"https:\/\/mrcvs.ca\/#organization\"},\"potentialAction\":[{\"@type\":\"SearchAction\",\"target\":{\"@type\":\"EntryPoint\",\"urlTemplate\":\"https:\/\/mrcvs.ca\/?s={search_term_string}\"},\"query-input\":\"required name=search_term_string\"}],\"inLanguage\":\"en-US\"},{\"@type\":\"Organization\",\"@id\":\"https:\/\/mrcvs.ca\/#organization\",\"name\":\"MRC Vaudreuil-Soulanges\",\"url\":\"https:\/\/mrcvs.ca\/\",\"logo\":{\"@type\":\"ImageObject\",\"inLanguage\":\"en-US\",\"@id\":\"https:\/\/mrcvs.ca\/#\/schema\/logo\/image\/\",\"url\":\"https:\/\/mrcvs.ca\/wp-content\/uploads\/2018\/10\/MRC_VS_LOGO.png\",\"contentUrl\":\"https:\/\/mrcvs.ca\/wp-content\/uploads\/2018\/10\/MRC_VS_LOGO.png\",\"width\":1080,\"height\":460,\"caption\":\"MRC Vaudreuil-Soulanges\"},\"image\":{\"@id\":\"https:\/\/mrcvs.ca\/#\/schema\/logo\/image\/\"},\"sameAs\":[\"https:\/\/www.facebook.com\/mrcvaudreuilsoulanges\/\"]},{\"@type\":\"Person\",\"@id\":\"https:\/\/mrcvs.ca\/#\/schema\/person\/8fd29c6e3cd29daca3de077a77e5e3d6\",\"name\":\"Marie-Eve Gingras-Gosselin\",\"sameAs\":[\"https:\/\/mrcvs.ca\"]}]}<\/script>\n<!-- \/ Yoast SEO plugin. -->","yoast_head_json":{"title":"La MRC de Vaudreuil-Soulanges souligne l\u2019intronisation de monsieur Raymond Malo \u00e0 L\u2019Ordre des B\u00e2tisseurs de la CCIVS - MRC of Vaudreuil-Soulanges","robots":{"index":"index","follow":"follow","max-snippet":"max-snippet:-1","max-image-preview":"max-image-preview:large","max-video-preview":"max-video-preview:-1"},"canonical":"https:\/\/mrcvs.ca\/en\/la-mrc-de-vaudreuil-soulanges-souligne-lintronisation-de-monsieur-raymond-malo-a-lordre-des-batisseurs-de-la-ccivs\/","og_locale":"en_US","og_type":"article","og_title":"La MRC de Vaudreuil-Soulanges souligne l\u2019intronisation de monsieur Raymond Malo \u00e0 L\u2019Ordre des B\u00e2tisseurs de la CCIVS - MRC of Vaudreuil-Soulanges","og_description":"Vaudreuil-Dorion, le 8 juin 2022 \u2013 C\u2019est le 2 juin dernier, lors du Gala Retrouvailles organis\u00e9 par la Chambre de commerce et d\u2019industrie de Vaudreuil-Soulanges (CCIVS), que monsieur Raymond Malo, directeur g\u00e9n\u00e9ral adjoint de la MRC r\u00e9cemment retrait\u00e9, a \u00e9t\u00e9 intronis\u00e9 \u00e0 l\u2019Ordre des B\u00e2tisseurs de l\u2019organisation. Ce prix honorifique est d\u00e9cern\u00e9 \u00e0 une personne [&hellip;]","og_url":"https:\/\/mrcvs.ca\/en\/la-mrc-de-vaudreuil-soulanges-souligne-lintronisation-de-monsieur-raymond-malo-a-lordre-des-batisseurs-de-la-ccivs\/","og_site_name":"MRC of Vaudreuil-Soulanges","article_publisher":"https:\/\/www.facebook.com\/mrcvaudreuilsoulanges\/","article_published_time":"2022-06-08T13:21:13+00:00","article_modified_time":"2022-06-08T13:29:16+00:00","og_image":[{"width":2048,"height":1367,"url":"https:\/\/mrcvs.ca\/wp-content\/uploads\/2022\/06\/Batisseur2022-CCIVS.jpg","type":"image\/jpeg"}],"author":"Marie-Eve Gingras-Gosselin","twitter_card":"summary_large_image","twitter_misc":{"Written by":"Marie-Eve Gingras-Gosselin","Est. reading time":"3 minutes"},"schema":{"@context":"https:\/\/schema.org","@graph":[{"@type":"Article","@id":"https:\/\/mrcvs.ca\/en\/la-mrc-de-vaudreuil-soulanges-souligne-lintronisation-de-monsieur-raymond-malo-a-lordre-des-batisseurs-de-la-ccivs\/#article","isPartOf":{"@id":"https:\/\/mrcvs.ca\/en\/la-mrc-de-vaudreuil-soulanges-souligne-lintronisation-de-monsieur-raymond-malo-a-lordre-des-batisseurs-de-la-ccivs\/"},"author":{"name":"Marie-Eve Gingras-Gosselin","@id":"https:\/\/mrcvs.ca\/#\/schema\/person\/8fd29c6e3cd29daca3de077a77e5e3d6"},"headline":"La MRC de Vaudreuil-Soulanges souligne l\u2019intronisation de monsieur Raymond Malo \u00e0 L\u2019Ordre des B\u00e2tisseurs de la CCIVS","datePublished":"2022-06-08T13:21:13+00:00","dateModified":"2022-06-08T13:29:16+00:00","mainEntityOfPage":{"@id":"https:\/\/mrcvs.ca\/en\/la-mrc-de-vaudreuil-soulanges-souligne-lintronisation-de-monsieur-raymond-malo-a-lordre-des-batisseurs-de-la-ccivs\/"},"wordCount":589,"publisher":{"@id":"https:\/\/mrcvs.ca\/#organization"},"image":{"@id":"https:\/\/mrcvs.ca\/en\/la-mrc-de-vaudreuil-soulanges-souligne-lintronisation-de-monsieur-raymond-malo-a-lordre-des-batisseurs-de-la-ccivs\/#primaryimage"},"thumbnailUrl":"https:\/\/mrcvs.ca\/wp-content\/uploads\/2022\/06\/Batisseur2022-CCIVS.jpg","articleSection":["Citizens","Municipalities"],"inLanguage":"en-US"},{"@type":"WebPage","@id":"https:\/\/mrcvs.ca\/en\/la-mrc-de-vaudreuil-soulanges-souligne-lintronisation-de-monsieur-raymond-malo-a-lordre-des-batisseurs-de-la-ccivs\/","url":"https:\/\/mrcvs.ca\/en\/la-mrc-de-vaudreuil-soulanges-souligne-lintronisation-de-monsieur-raymond-malo-a-lordre-des-batisseurs-de-la-ccivs\/","name":"La MRC de Vaudreuil-Soulanges souligne l\u2019intronisation de monsieur Raymond Malo \u00e0 L\u2019Ordre des B\u00e2tisseurs de la CCIVS - MRC of Vaudreuil-Soulanges","isPartOf":{"@id":"https:\/\/mrcvs.ca\/#website"},"primaryImageOfPage":{"@id":"https:\/\/mrcvs.ca\/en\/la-mrc-de-vaudreuil-soulanges-souligne-lintronisation-de-monsieur-raymond-malo-a-lordre-des-batisseurs-de-la-ccivs\/#primaryimage"},"image":{"@id":"https:\/\/mrcvs.ca\/en\/la-mrc-de-vaudreuil-soulanges-souligne-lintronisation-de-monsieur-raymond-malo-a-lordre-des-batisseurs-de-la-ccivs\/#primaryimage"},"thumbnailUrl":"https:\/\/mrcvs.ca\/wp-content\/uploads\/2022\/06\/Batisseur2022-CCIVS.jpg","datePublished":"2022-06-08T13:21:13+00:00","dateModified":"2022-06-08T13:29:16+00:00","breadcrumb":{"@id":"https:\/\/mrcvs.ca\/en\/la-mrc-de-vaudreuil-soulanges-souligne-lintronisation-de-monsieur-raymond-malo-a-lordre-des-batisseurs-de-la-ccivs\/#breadcrumb"},"inLanguage":"en-US","potentialAction":[{"@type":"ReadAction","target":["https:\/\/mrcvs.ca\/en\/la-mrc-de-vaudreuil-soulanges-souligne-lintronisation-de-monsieur-raymond-malo-a-lordre-des-batisseurs-de-la-ccivs\/"]}]},{"@type":"ImageObject","inLanguage":"en-US","@id":"https:\/\/mrcvs.ca\/en\/la-mrc-de-vaudreuil-soulanges-souligne-lintronisation-de-monsieur-raymond-malo-a-lordre-des-batisseurs-de-la-ccivs\/#primaryimage","url":"https:\/\/mrcvs.ca\/wp-content\/uploads\/2022\/06\/Batisseur2022-CCIVS.jpg","contentUrl":"https:\/\/mrcvs.ca\/wp-content\/uploads\/2022\/06\/Batisseur2022-CCIVS.jpg","width":2048,"height":1367},{"@type":"BreadcrumbList","@id":"https:\/\/mrcvs.ca\/en\/la-mrc-de-vaudreuil-soulanges-souligne-lintronisation-de-monsieur-raymond-malo-a-lordre-des-batisseurs-de-la-ccivs\/#breadcrumb","itemListElement":[{"@type":"ListItem","position":1,"name":"Accueil","item":"https:\/\/mrcvs.ca\/en\/"},{"@type":"ListItem","position":2,"name":"La MRC de Vaudreuil-Soulanges souligne l\u2019intronisation de monsieur Raymond Malo \u00e0 L\u2019Ordre des B\u00e2tisseurs de la CCIVS"}]},{"@type":"WebSite","@id":"https:\/\/mrcvs.ca\/#website","url":"https:\/\/mrcvs.ca\/","name":"MRC de Vaudreuil-Soulanges","description":"MRC of Vaudreuil-Soulanges ","publisher":{"@id":"https:\/\/mrcvs.ca\/#organization"},"potentialAction":[{"@type":"SearchAction","target":{"@type":"EntryPoint","urlTemplate":"https:\/\/mrcvs.ca\/?s={search_term_string}"},"query-input":"required name=search_term_string"}],"inLanguage":"en-US"},{"@type":"Organization","@id":"https:\/\/mrcvs.ca\/#organization","name":"MRC Vaudreuil-Soulanges","url":"https:\/\/mrcvs.ca\/","logo":{"@type":"ImageObject","inLanguage":"en-US","@id":"https:\/\/mrcvs.ca\/#\/schema\/logo\/image\/","url":"https:\/\/mrcvs.ca\/wp-content\/uploads\/2018\/10\/MRC_VS_LOGO.png","contentUrl":"https:\/\/mrcvs.ca\/wp-content\/uploads\/2018\/10\/MRC_VS_LOGO.png","width":1080,"height":460,"caption":"MRC Vaudreuil-Soulanges"},"image":{"@id":"https:\/\/mrcvs.ca\/#\/schema\/logo\/image\/"},"sameAs":["https:\/\/www.facebook.com\/mrcvaudreuilsoulanges\/"]},{"@type":"Person","@id":"https:\/\/mrcvs.ca\/#\/schema\/person\/8fd29c6e3cd29daca3de077a77e5e3d6","name":"Marie-Eve Gingras-Gosselin","sameAs":["https:\/\/mrcvs.ca"]}]}},"_links":{"self":[{"href":"https:\/\/mrcvs.ca\/en\/wp-json\/wp\/v2\/posts\/16637"}],"collection":[{"href":"https:\/\/mrcvs.ca\/en\/wp-json\/wp\/v2\/posts"}],"about":[{"href":"https:\/\/mrcvs.ca\/en\/wp-json\/wp\/v2\/types\/post"}],"author":[{"embeddable":true,"href":"https:\/\/mrcvs.ca\/en\/wp-json\/wp\/v2\/users\/5"}],"replies":[{"embeddable":true,"href":"https:\/\/mrcvs.ca\/en\/wp-json\/wp\/v2\/comments?post=16637"}],"version-history":[{"count":0,"href":"https:\/\/mrcvs.ca\/en\/wp-json\/wp\/v2\/posts\/16637\/revisions"}],"wp:featuredmedia":[{"embeddable":true,"href":"https:\/\/mrcvs.ca\/en\/wp-json\/wp\/v2\/media\/16633"}],"wp:attachment":[{"href":"https:\/\/mrcvs.ca\/en\/wp-json\/wp\/v2\/media?parent=16637"}],"wp:term":[{"taxonomy":"category","embeddable":true,"href":"https:\/\/mrcvs.ca\/en\/wp-json\/wp\/v2\/categories?post=16637"},{"taxonomy":"post_tag","embeddable":true,"href":"https:\/\/mrcvs.ca\/en\/wp-json\/wp\/v2\/tags?post=16637"}],"curies":[{"name":"wp","href":"https:\/\/api.w.org\/{rel}","templated":true}]}}