{"id":12424,"date":"2020-12-18T09:29:57","date_gmt":"2020-12-18T13:29:57","guid":{"rendered":"https:\/\/mrcvs.ca\/periode-des-fetes-changement-dhoraire-pour-la-collecte-des-matieres-recyclables-et-le-reseau-des-ecocentres-de-vaudreuil-soulanges\/"},"modified":"2020-12-18T09:29:57","modified_gmt":"2020-12-18T13:29:57","slug":"periode-des-fetes-changement-dhoraire-pour-la-collecte-des-matieres-recyclables-et-le-reseau-des-ecocentres-de-vaudreuil-soulanges","status":"publish","type":"post","link":"https:\/\/mrcvs.ca\/en\/periode-des-fetes-changement-dhoraire-pour-la-collecte-des-matieres-recyclables-et-le-reseau-des-ecocentres-de-vaudreuil-soulanges\/","title":{"rendered":"P\u00e9riode des F\u00eates | Changement d\u2019horaire pour la collecte des mati\u00e8res recyclables et le R\u00e9seau des \u00e9cocentres de Vaudreuil-Soulanges"},"content":{"rendered":"<p><strong>Vaudreuil-Dorion, le 18 d\u00e9cembre 2020<\/strong>\u00a0 \u2013 Durant la p\u00e9riode des F\u00eates, les municipalit\u00e9s suivantes changeront de jour de collecte des mati\u00e8res recyclables\u00a0: Vaudreuil-Dorion (secteurs 1 \u00e0 4), Saint-T\u00e9lesphore, Saint-Zotique, Les C\u00e8dres et Pointe-des-Cascades. En effet, comme le 25 d\u00e9cembre et le 1<sup>er<\/sup> janvier sont des vendredis, la collecte des mati\u00e8res recyclables est exceptionnellement report\u00e9e \u00e0 des journ\u00e9es diff\u00e9rentes de la semaine pour ces municipalit\u00e9s. <u>Ainsi, entre le 23 d\u00e9cembre et le 4 janvier inclusivement, la collecte aura lieu le <strong>jeudi<\/strong> pour la ville de Vaudreuil-Dorion (secteurs 1 \u00e0 4), le <strong>samedi<\/strong> pour les municipalit\u00e9s de Saint-T\u00e9lesphore et Saint-Zotique et le <strong>lundi<\/strong> pour la ville des C\u00e8dres et la municipalit\u00e9 de Pointe-des-Cascades.<\/u><\/p>\n<p><img loading=\"lazy\" decoding=\"async\" class=\"alignnone wp-image-12409\" src=\"https:\/\/mrcvs.ca\/wp-content\/uploads\/2020\/12\/HORAIRE_FETES_MRCVS2020_1200x630.jpg\" alt=\"\" width=\"952\" height=\"500\" \/><\/p>\n<p><strong>Collecte sp\u00e9ciale de carton du 4 au 8 janvier 2021<\/strong><\/p>\n<p>La MRC tiendra une collecte sp\u00e9ciale de carton du 4 au 8 janvier 2021 inclusivement. Les citoyens sont invit\u00e9s \u00e0 d\u00e9monter et empiler les bo\u00eetes de carton et \u00e0 les d\u00e9poser \u00e0 c\u00f4t\u00e9 de leur bac bleu le jour de la collecte. Seules les bo\u00eetes de carton sont accept\u00e9es \u00e0 l\u2019ext\u00e9rieur du bac de recyclage, toute autre mati\u00e8re doit \u00eatre d\u00e9pos\u00e9e \u00e0 l\u2019int\u00e9rieur du bac bleu.<\/p>\n<p><strong>Pour des F\u00eates \u00e9coresponsables<\/strong><\/p>\n<p>La MRC tient \u00e0 rappeler aux citoyens que les \u00e9cocentres \u00e0 Vaudreuil-Dorion, Rigaud et Saint-Zotique acceptent les lumi\u00e8res de No\u00ebl (aucune structure de personnages, couronnes ou autres d\u00e9corations de No\u00ebl), le carton et les vieux \u00e9lectroniques (t\u00e9l\u00e9viseurs, lecteurs DVD, CD ou vid\u00e9o, radio, ordinateurs, imprimantes, etc.). Veuillez noter que le polystyr\u00e8ne (styromousse et plastique no. 6), provenant des contenants alimentaires, des emballages ou de la construction, est d\u00e9sormais accept\u00e9 \u00e0 travers le R\u00e9seau des \u00e9cocentres de la MRC. <u>Par ailleurs, notez que les quatre \u00e9cocentres du r\u00e9seau seront ferm\u00e9s les 25 et 26 d\u00e9cembre et les 1<sup>er<\/sup> et 2 janvier.<\/u><\/p>\n<p>Les imprim\u00e9s, les contenants et emballages en papier, le carton, le verre, le m\u00e9tal et le plastique (incluant le papier de soie, le papier d&#8217;emballage <u>non m\u00e9tallis\u00e9<\/u>, les bo\u00eetes de jouets, etc.) sont accept\u00e9s dans la collecte des mati\u00e8res recyclables.<\/p>\n<p>En cas de doute, les citoyens sont invit\u00e9s \u00e0 consulter l\u2019outil d\u2019aide au tri au <a href=\"http:\/\/www.tricycle-mrcvs.ca\">www.tricycle-mrcvs.ca<\/a>.<\/p>\n<p><strong> <img loading=\"lazy\" decoding=\"async\" class=\"alignnone wp-image-12411\" src=\"https:\/\/mrcvs.ca\/wp-content\/uploads\/2020\/12\/Ecoresponsables_MRCVS2020_1200x630.jpg\" alt=\"\" width=\"966\" height=\"507\" \/><\/strong><\/p>\n<p><strong>\u00c0 propos de la <\/strong><strong>MRC de Vaudreuil-Soulanges<\/strong><\/p>\n<p>La MRC de Vaudreuil-Soulanges regroupe les 23 municipalit\u00e9s de son territoire de 855\u00a0km\u00b2, qui s\u2019\u00e9tend de L\u2019\u00cele-Perrot jusqu\u2019\u00e0 la fronti\u00e8re ontarienne. Sous la direction politique de son pr\u00e9fet, M.\u00a0Patrick Bousez, la mission de la MRC vise la concertation, la planification ainsi que la gestion de l\u2019am\u00e9nagement et du d\u00e9veloppement de son territoire selon les principes de d\u00e9veloppement durable. Son r\u00f4le de chef de file et de rassembleur aupr\u00e8s des principaux intervenants du territoire facilite la coordination d\u2019actions r\u00e9gionales selon quatre sph\u00e8res\u00a0: la planification, le d\u00e9veloppement, les services aux municipalit\u00e9s et les services aux citoyens.<\/p>\n<p>Les ma\u00eetres-mots de la MRC\u00a0sont planifier, concerter et agir. Pour plus d\u2019information, visitez le <a href=\"http:\/\/www.mrcvs.ca\">www.mrcvs.ca<\/a>.<\/p>\n","protected":false},"excerpt":{"rendered":"<p>Vaudreuil-Dorion, le 18 d\u00e9cembre 2020\u00a0 \u2013 Durant la p\u00e9riode des F\u00eates, les municipalit\u00e9s suivantes changeront de jour de collecte des mati\u00e8res recyclables\u00a0: Vaudreuil-Dorion (secteurs 1 \u00e0 4), Saint-T\u00e9lesphore, Saint-Zotique, Les C\u00e8dres et Pointe-des-Cascades. En effet, comme le 25 d\u00e9cembre et le 1er janvier sont des vendredis, la collecte des mati\u00e8res recyclables est exceptionnellement report\u00e9e \u00e0 [&hellip;]<\/p>\n","protected":false},"author":5,"featured_media":12414,"comment_status":"closed","ping_status":"closed","sticky":false,"template":"","format":"standard","meta":{"_et_pb_use_builder":"","_et_pb_old_content":"","_et_gb_content_width":"","footnotes":""},"categories":[44,48,45],"tags":[],"yoast_head":"<!-- This site is optimized with the Yoast SEO plugin v23.0 - https:\/\/yoast.com\/wordpress\/plugins\/seo\/ -->\n<title>P\u00e9riode des F\u00eates | Changement d\u2019horaire pour la collecte des mati\u00e8res recyclables et le R\u00e9seau des \u00e9cocentres de Vaudreuil-Soulanges - MRC of Vaudreuil-Soulanges<\/title>\n<meta name=\"robots\" content=\"index, follow, max-snippet:-1, max-image-preview:large, max-video-preview:-1\" \/>\n<link rel=\"canonical\" href=\"https:\/\/mrcvs.ca\/en\/periode-des-fetes-changement-dhoraire-pour-la-collecte-des-matieres-recyclables-et-le-reseau-des-ecocentres-de-vaudreuil-soulanges\/\" \/>\n<meta property=\"og:locale\" content=\"en_US\" \/>\n<meta property=\"og:type\" content=\"article\" \/>\n<meta property=\"og:title\" content=\"P\u00e9riode des F\u00eates | Changement d\u2019horaire pour la collecte des mati\u00e8res recyclables et le R\u00e9seau des \u00e9cocentres de Vaudreuil-Soulanges - MRC of Vaudreuil-Soulanges\" \/>\n<meta property=\"og:description\" content=\"Vaudreuil-Dorion, le 18 d\u00e9cembre 2020\u00a0 \u2013 Durant la p\u00e9riode des F\u00eates, les municipalit\u00e9s suivantes changeront de jour de collecte des mati\u00e8res recyclables\u00a0: Vaudreuil-Dorion (secteurs 1 \u00e0 4), Saint-T\u00e9lesphore, Saint-Zotique, Les C\u00e8dres et Pointe-des-Cascades. En effet, comme le 25 d\u00e9cembre et le 1er janvier sont des vendredis, la collecte des mati\u00e8res recyclables est exceptionnellement report\u00e9e \u00e0 [&hellip;]\" \/>\n<meta property=\"og:url\" content=\"https:\/\/mrcvs.ca\/en\/periode-des-fetes-changement-dhoraire-pour-la-collecte-des-matieres-recyclables-et-le-reseau-des-ecocentres-de-vaudreuil-soulanges\/\" \/>\n<meta property=\"og:site_name\" content=\"MRC of Vaudreuil-Soulanges\" \/>\n<meta property=\"article:publisher\" content=\"https:\/\/www.facebook.com\/mrcvaudreuilsoulanges\/\" \/>\n<meta property=\"article:published_time\" content=\"2020-12-18T13:29:57+00:00\" \/>\n<meta property=\"og:image\" content=\"https:\/\/mrcvs.ca\/wp-content\/uploads\/2020\/12\/Fetes_ecoresponsables2020_MRCVS_web.jpg\" \/>\n\t<meta property=\"og:image:width\" content=\"2499\" \/>\n\t<meta property=\"og:image:height\" content=\"1658\" \/>\n\t<meta property=\"og:image:type\" content=\"image\/jpeg\" \/>\n<meta name=\"author\" content=\"Marie-Eve Gingras-Gosselin\" \/>\n<meta name=\"twitter:card\" content=\"summary_large_image\" \/>\n<meta name=\"twitter:label1\" content=\"Written by\" \/>\n\t<meta name=\"twitter:data1\" content=\"Marie-Eve Gingras-Gosselin\" \/>\n\t<meta name=\"twitter:label2\" content=\"Est. reading time\" \/>\n\t<meta name=\"twitter:data2\" content=\"3 minutes\" \/>\n<script type=\"application\/ld+json\" class=\"yoast-schema-graph\">{\"@context\":\"https:\/\/schema.org\",\"@graph\":[{\"@type\":\"Article\",\"@id\":\"https:\/\/mrcvs.ca\/en\/periode-des-fetes-changement-dhoraire-pour-la-collecte-des-matieres-recyclables-et-le-reseau-des-ecocentres-de-vaudreuil-soulanges\/#article\",\"isPartOf\":{\"@id\":\"https:\/\/mrcvs.ca\/en\/periode-des-fetes-changement-dhoraire-pour-la-collecte-des-matieres-recyclables-et-le-reseau-des-ecocentres-de-vaudreuil-soulanges\/\"},\"author\":{\"name\":\"Marie-Eve Gingras-Gosselin\",\"@id\":\"https:\/\/mrcvs.ca\/#\/schema\/person\/8fd29c6e3cd29daca3de077a77e5e3d6\"},\"headline\":\"P\u00e9riode des F\u00eates | Changement d\u2019horaire pour la collecte des mati\u00e8res recyclables et le R\u00e9seau des \u00e9cocentres de Vaudreuil-Soulanges\",\"datePublished\":\"2020-12-18T13:29:57+00:00\",\"dateModified\":\"2020-12-18T13:29:57+00:00\",\"mainEntityOfPage\":{\"@id\":\"https:\/\/mrcvs.ca\/en\/periode-des-fetes-changement-dhoraire-pour-la-collecte-des-matieres-recyclables-et-le-reseau-des-ecocentres-de-vaudreuil-soulanges\/\"},\"wordCount\":533,\"publisher\":{\"@id\":\"https:\/\/mrcvs.ca\/#organization\"},\"image\":{\"@id\":\"https:\/\/mrcvs.ca\/en\/periode-des-fetes-changement-dhoraire-pour-la-collecte-des-matieres-recyclables-et-le-reseau-des-ecocentres-de-vaudreuil-soulanges\/#primaryimage\"},\"thumbnailUrl\":\"https:\/\/mrcvs.ca\/wp-content\/uploads\/2020\/12\/Fetes_ecoresponsables2020_MRCVS_web.jpg\",\"articleSection\":[\"Citizens\",\"Environment\",\"Municipalities\"],\"inLanguage\":\"en-US\"},{\"@type\":\"WebPage\",\"@id\":\"https:\/\/mrcvs.ca\/en\/periode-des-fetes-changement-dhoraire-pour-la-collecte-des-matieres-recyclables-et-le-reseau-des-ecocentres-de-vaudreuil-soulanges\/\",\"url\":\"https:\/\/mrcvs.ca\/en\/periode-des-fetes-changement-dhoraire-pour-la-collecte-des-matieres-recyclables-et-le-reseau-des-ecocentres-de-vaudreuil-soulanges\/\",\"name\":\"P\u00e9riode des F\u00eates | Changement d\u2019horaire pour la collecte des mati\u00e8res recyclables et le R\u00e9seau des \u00e9cocentres de Vaudreuil-Soulanges - MRC of Vaudreuil-Soulanges\",\"isPartOf\":{\"@id\":\"https:\/\/mrcvs.ca\/#website\"},\"primaryImageOfPage\":{\"@id\":\"https:\/\/mrcvs.ca\/en\/periode-des-fetes-changement-dhoraire-pour-la-collecte-des-matieres-recyclables-et-le-reseau-des-ecocentres-de-vaudreuil-soulanges\/#primaryimage\"},\"image\":{\"@id\":\"https:\/\/mrcvs.ca\/en\/periode-des-fetes-changement-dhoraire-pour-la-collecte-des-matieres-recyclables-et-le-reseau-des-ecocentres-de-vaudreuil-soulanges\/#primaryimage\"},\"thumbnailUrl\":\"https:\/\/mrcvs.ca\/wp-content\/uploads\/2020\/12\/Fetes_ecoresponsables2020_MRCVS_web.jpg\",\"datePublished\":\"2020-12-18T13:29:57+00:00\",\"dateModified\":\"2020-12-18T13:29:57+00:00\",\"breadcrumb\":{\"@id\":\"https:\/\/mrcvs.ca\/en\/periode-des-fetes-changement-dhoraire-pour-la-collecte-des-matieres-recyclables-et-le-reseau-des-ecocentres-de-vaudreuil-soulanges\/#breadcrumb\"},\"inLanguage\":\"en-US\",\"potentialAction\":[{\"@type\":\"ReadAction\",\"target\":[\"https:\/\/mrcvs.ca\/en\/periode-des-fetes-changement-dhoraire-pour-la-collecte-des-matieres-recyclables-et-le-reseau-des-ecocentres-de-vaudreuil-soulanges\/\"]}]},{\"@type\":\"ImageObject\",\"inLanguage\":\"en-US\",\"@id\":\"https:\/\/mrcvs.ca\/en\/periode-des-fetes-changement-dhoraire-pour-la-collecte-des-matieres-recyclables-et-le-reseau-des-ecocentres-de-vaudreuil-soulanges\/#primaryimage\",\"url\":\"https:\/\/mrcvs.ca\/wp-content\/uploads\/2020\/12\/Fetes_ecoresponsables2020_MRCVS_web.jpg\",\"contentUrl\":\"https:\/\/mrcvs.ca\/wp-content\/uploads\/2020\/12\/Fetes_ecoresponsables2020_MRCVS_web.jpg\",\"width\":2499,\"height\":1658},{\"@type\":\"BreadcrumbList\",\"@id\":\"https:\/\/mrcvs.ca\/en\/periode-des-fetes-changement-dhoraire-pour-la-collecte-des-matieres-recyclables-et-le-reseau-des-ecocentres-de-vaudreuil-soulanges\/#breadcrumb\",\"itemListElement\":[{\"@type\":\"ListItem\",\"position\":1,\"name\":\"Accueil\",\"item\":\"https:\/\/mrcvs.ca\/en\/\"},{\"@type\":\"ListItem\",\"position\":2,\"name\":\"P\u00e9riode des F\u00eates | Changement d\u2019horaire pour la collecte des mati\u00e8res recyclables et le R\u00e9seau des \u00e9cocentres de Vaudreuil-Soulanges\"}]},{\"@type\":\"WebSite\",\"@id\":\"https:\/\/mrcvs.ca\/#website\",\"url\":\"https:\/\/mrcvs.ca\/\",\"name\":\"MRC de Vaudreuil-Soulanges\",\"description\":\"MRC of Vaudreuil-Soulanges \",\"publisher\":{\"@id\":\"https:\/\/mrcvs.ca\/#organization\"},\"potentialAction\":[{\"@type\":\"SearchAction\",\"target\":{\"@type\":\"EntryPoint\",\"urlTemplate\":\"https:\/\/mrcvs.ca\/?s={search_term_string}\"},\"query-input\":\"required name=search_term_string\"}],\"inLanguage\":\"en-US\"},{\"@type\":\"Organization\",\"@id\":\"https:\/\/mrcvs.ca\/#organization\",\"name\":\"MRC Vaudreuil-Soulanges\",\"url\":\"https:\/\/mrcvs.ca\/\",\"logo\":{\"@type\":\"ImageObject\",\"inLanguage\":\"en-US\",\"@id\":\"https:\/\/mrcvs.ca\/#\/schema\/logo\/image\/\",\"url\":\"https:\/\/mrcvs.ca\/wp-content\/uploads\/2018\/10\/MRC_VS_LOGO.png\",\"contentUrl\":\"https:\/\/mrcvs.ca\/wp-content\/uploads\/2018\/10\/MRC_VS_LOGO.png\",\"width\":1080,\"height\":460,\"caption\":\"MRC Vaudreuil-Soulanges\"},\"image\":{\"@id\":\"https:\/\/mrcvs.ca\/#\/schema\/logo\/image\/\"},\"sameAs\":[\"https:\/\/www.facebook.com\/mrcvaudreuilsoulanges\/\"]},{\"@type\":\"Person\",\"@id\":\"https:\/\/mrcvs.ca\/#\/schema\/person\/8fd29c6e3cd29daca3de077a77e5e3d6\",\"name\":\"Marie-Eve Gingras-Gosselin\",\"sameAs\":[\"https:\/\/mrcvs.ca\"]}]}<\/script>\n<!-- \/ Yoast SEO plugin. -->","yoast_head_json":{"title":"P\u00e9riode des F\u00eates | Changement d\u2019horaire pour la collecte des mati\u00e8res recyclables et le R\u00e9seau des \u00e9cocentres de Vaudreuil-Soulanges - MRC of Vaudreuil-Soulanges","robots":{"index":"index","follow":"follow","max-snippet":"max-snippet:-1","max-image-preview":"max-image-preview:large","max-video-preview":"max-video-preview:-1"},"canonical":"https:\/\/mrcvs.ca\/en\/periode-des-fetes-changement-dhoraire-pour-la-collecte-des-matieres-recyclables-et-le-reseau-des-ecocentres-de-vaudreuil-soulanges\/","og_locale":"en_US","og_type":"article","og_title":"P\u00e9riode des F\u00eates | Changement d\u2019horaire pour la collecte des mati\u00e8res recyclables et le R\u00e9seau des \u00e9cocentres de Vaudreuil-Soulanges - MRC of Vaudreuil-Soulanges","og_description":"Vaudreuil-Dorion, le 18 d\u00e9cembre 2020\u00a0 \u2013 Durant la p\u00e9riode des F\u00eates, les municipalit\u00e9s suivantes changeront de jour de collecte des mati\u00e8res recyclables\u00a0: Vaudreuil-Dorion (secteurs 1 \u00e0 4), Saint-T\u00e9lesphore, Saint-Zotique, Les C\u00e8dres et Pointe-des-Cascades. En effet, comme le 25 d\u00e9cembre et le 1er janvier sont des vendredis, la collecte des mati\u00e8res recyclables est exceptionnellement report\u00e9e \u00e0 [&hellip;]","og_url":"https:\/\/mrcvs.ca\/en\/periode-des-fetes-changement-dhoraire-pour-la-collecte-des-matieres-recyclables-et-le-reseau-des-ecocentres-de-vaudreuil-soulanges\/","og_site_name":"MRC of Vaudreuil-Soulanges","article_publisher":"https:\/\/www.facebook.com\/mrcvaudreuilsoulanges\/","article_published_time":"2020-12-18T13:29:57+00:00","og_image":[{"width":2499,"height":1658,"url":"https:\/\/mrcvs.ca\/wp-content\/uploads\/2020\/12\/Fetes_ecoresponsables2020_MRCVS_web.jpg","type":"image\/jpeg"}],"author":"Marie-Eve Gingras-Gosselin","twitter_card":"summary_large_image","twitter_misc":{"Written by":"Marie-Eve Gingras-Gosselin","Est. reading time":"3 minutes"},"schema":{"@context":"https:\/\/schema.org","@graph":[{"@type":"Article","@id":"https:\/\/mrcvs.ca\/en\/periode-des-fetes-changement-dhoraire-pour-la-collecte-des-matieres-recyclables-et-le-reseau-des-ecocentres-de-vaudreuil-soulanges\/#article","isPartOf":{"@id":"https:\/\/mrcvs.ca\/en\/periode-des-fetes-changement-dhoraire-pour-la-collecte-des-matieres-recyclables-et-le-reseau-des-ecocentres-de-vaudreuil-soulanges\/"},"author":{"name":"Marie-Eve Gingras-Gosselin","@id":"https:\/\/mrcvs.ca\/#\/schema\/person\/8fd29c6e3cd29daca3de077a77e5e3d6"},"headline":"P\u00e9riode des F\u00eates | Changement d\u2019horaire pour la collecte des mati\u00e8res recyclables et le R\u00e9seau des \u00e9cocentres de Vaudreuil-Soulanges","datePublished":"2020-12-18T13:29:57+00:00","dateModified":"2020-12-18T13:29:57+00:00","mainEntityOfPage":{"@id":"https:\/\/mrcvs.ca\/en\/periode-des-fetes-changement-dhoraire-pour-la-collecte-des-matieres-recyclables-et-le-reseau-des-ecocentres-de-vaudreuil-soulanges\/"},"wordCount":533,"publisher":{"@id":"https:\/\/mrcvs.ca\/#organization"},"image":{"@id":"https:\/\/mrcvs.ca\/en\/periode-des-fetes-changement-dhoraire-pour-la-collecte-des-matieres-recyclables-et-le-reseau-des-ecocentres-de-vaudreuil-soulanges\/#primaryimage"},"thumbnailUrl":"https:\/\/mrcvs.ca\/wp-content\/uploads\/2020\/12\/Fetes_ecoresponsables2020_MRCVS_web.jpg","articleSection":["Citizens","Environment","Municipalities"],"inLanguage":"en-US"},{"@type":"WebPage","@id":"https:\/\/mrcvs.ca\/en\/periode-des-fetes-changement-dhoraire-pour-la-collecte-des-matieres-recyclables-et-le-reseau-des-ecocentres-de-vaudreuil-soulanges\/","url":"https:\/\/mrcvs.ca\/en\/periode-des-fetes-changement-dhoraire-pour-la-collecte-des-matieres-recyclables-et-le-reseau-des-ecocentres-de-vaudreuil-soulanges\/","name":"P\u00e9riode des F\u00eates | Changement d\u2019horaire pour la collecte des mati\u00e8res recyclables et le R\u00e9seau des \u00e9cocentres de Vaudreuil-Soulanges - MRC of Vaudreuil-Soulanges","isPartOf":{"@id":"https:\/\/mrcvs.ca\/#website"},"primaryImageOfPage":{"@id":"https:\/\/mrcvs.ca\/en\/periode-des-fetes-changement-dhoraire-pour-la-collecte-des-matieres-recyclables-et-le-reseau-des-ecocentres-de-vaudreuil-soulanges\/#primaryimage"},"image":{"@id":"https:\/\/mrcvs.ca\/en\/periode-des-fetes-changement-dhoraire-pour-la-collecte-des-matieres-recyclables-et-le-reseau-des-ecocentres-de-vaudreuil-soulanges\/#primaryimage"},"thumbnailUrl":"https:\/\/mrcvs.ca\/wp-content\/uploads\/2020\/12\/Fetes_ecoresponsables2020_MRCVS_web.jpg","datePublished":"2020-12-18T13:29:57+00:00","dateModified":"2020-12-18T13:29:57+00:00","breadcrumb":{"@id":"https:\/\/mrcvs.ca\/en\/periode-des-fetes-changement-dhoraire-pour-la-collecte-des-matieres-recyclables-et-le-reseau-des-ecocentres-de-vaudreuil-soulanges\/#breadcrumb"},"inLanguage":"en-US","potentialAction":[{"@type":"ReadAction","target":["https:\/\/mrcvs.ca\/en\/periode-des-fetes-changement-dhoraire-pour-la-collecte-des-matieres-recyclables-et-le-reseau-des-ecocentres-de-vaudreuil-soulanges\/"]}]},{"@type":"ImageObject","inLanguage":"en-US","@id":"https:\/\/mrcvs.ca\/en\/periode-des-fetes-changement-dhoraire-pour-la-collecte-des-matieres-recyclables-et-le-reseau-des-ecocentres-de-vaudreuil-soulanges\/#primaryimage","url":"https:\/\/mrcvs.ca\/wp-content\/uploads\/2020\/12\/Fetes_ecoresponsables2020_MRCVS_web.jpg","contentUrl":"https:\/\/mrcvs.ca\/wp-content\/uploads\/2020\/12\/Fetes_ecoresponsables2020_MRCVS_web.jpg","width":2499,"height":1658},{"@type":"BreadcrumbList","@id":"https:\/\/mrcvs.ca\/en\/periode-des-fetes-changement-dhoraire-pour-la-collecte-des-matieres-recyclables-et-le-reseau-des-ecocentres-de-vaudreuil-soulanges\/#breadcrumb","itemListElement":[{"@type":"ListItem","position":1,"name":"Accueil","item":"https:\/\/mrcvs.ca\/en\/"},{"@type":"ListItem","position":2,"name":"P\u00e9riode des F\u00eates | Changement d\u2019horaire pour la collecte des mati\u00e8res recyclables et le R\u00e9seau des \u00e9cocentres de Vaudreuil-Soulanges"}]},{"@type":"WebSite","@id":"https:\/\/mrcvs.ca\/#website","url":"https:\/\/mrcvs.ca\/","name":"MRC de Vaudreuil-Soulanges","description":"MRC of Vaudreuil-Soulanges ","publisher":{"@id":"https:\/\/mrcvs.ca\/#organization"},"potentialAction":[{"@type":"SearchAction","target":{"@type":"EntryPoint","urlTemplate":"https:\/\/mrcvs.ca\/?s={search_term_string}"},"query-input":"required name=search_term_string"}],"inLanguage":"en-US"},{"@type":"Organization","@id":"https:\/\/mrcvs.ca\/#organization","name":"MRC Vaudreuil-Soulanges","url":"https:\/\/mrcvs.ca\/","logo":{"@type":"ImageObject","inLanguage":"en-US","@id":"https:\/\/mrcvs.ca\/#\/schema\/logo\/image\/","url":"https:\/\/mrcvs.ca\/wp-content\/uploads\/2018\/10\/MRC_VS_LOGO.png","contentUrl":"https:\/\/mrcvs.ca\/wp-content\/uploads\/2018\/10\/MRC_VS_LOGO.png","width":1080,"height":460,"caption":"MRC Vaudreuil-Soulanges"},"image":{"@id":"https:\/\/mrcvs.ca\/#\/schema\/logo\/image\/"},"sameAs":["https:\/\/www.facebook.com\/mrcvaudreuilsoulanges\/"]},{"@type":"Person","@id":"https:\/\/mrcvs.ca\/#\/schema\/person\/8fd29c6e3cd29daca3de077a77e5e3d6","name":"Marie-Eve Gingras-Gosselin","sameAs":["https:\/\/mrcvs.ca"]}]}},"_links":{"self":[{"href":"https:\/\/mrcvs.ca\/en\/wp-json\/wp\/v2\/posts\/12424"}],"collection":[{"href":"https:\/\/mrcvs.ca\/en\/wp-json\/wp\/v2\/posts"}],"about":[{"href":"https:\/\/mrcvs.ca\/en\/wp-json\/wp\/v2\/types\/post"}],"author":[{"embeddable":true,"href":"https:\/\/mrcvs.ca\/en\/wp-json\/wp\/v2\/users\/5"}],"replies":[{"embeddable":true,"href":"https:\/\/mrcvs.ca\/en\/wp-json\/wp\/v2\/comments?post=12424"}],"version-history":[{"count":0,"href":"https:\/\/mrcvs.ca\/en\/wp-json\/wp\/v2\/posts\/12424\/revisions"}],"wp:featuredmedia":[{"embeddable":true,"href":"https:\/\/mrcvs.ca\/en\/wp-json\/wp\/v2\/media\/12414"}],"wp:attachment":[{"href":"https:\/\/mrcvs.ca\/en\/wp-json\/wp\/v2\/media?parent=12424"}],"wp:term":[{"taxonomy":"category","embeddable":true,"href":"https:\/\/mrcvs.ca\/en\/wp-json\/wp\/v2\/categories?post=12424"},{"taxonomy":"post_tag","embeddable":true,"href":"https:\/\/mrcvs.ca\/en\/wp-json\/wp\/v2\/tags?post=12424"}],"curies":[{"name":"wp","href":"https:\/\/api.w.org\/{rel}","templated":true}]}}