{"id":10388,"date":"2020-04-17T08:48:28","date_gmt":"2020-04-17T12:48:28","guid":{"rendered":"https:\/\/mrcvs.ca\/la-mrc-de-vaudreuil-soulanges-adopte-son-fonds-daide-durgence-aux-petites-et-moyennes-entreprises-le-fli-urgence-pme\/"},"modified":"2020-04-20T14:01:38","modified_gmt":"2020-04-20T18:01:38","slug":"fli-urgence-pme","status":"publish","type":"post","link":"https:\/\/mrcvs.ca\/en\/fli-urgence-pme\/","title":{"rendered":"La MRC de Vaudreuil-Soulanges adopte son Fonds d\u2019aide d\u2019urgence aux petites et moyennes entreprises : Le FLI Urgence PME"},"content":{"rendered":"<p><strong>Vaudreuil-Dorion, 16 avril 2020<\/strong> \u2013\u00a0Lors de la s\u00e9ance ordinaire du conseil du 15 avril, le Conseil des maires de la MRC de Vaudreuil-Soulanges a proc\u00e9d\u00e9 \u00e0 la signature d\u2019une entente avec le minist\u00e8re de l\u2019\u00c9conomie et de l\u2019Innovation qui permet la mise en place du nouveau programme d\u2019aide afin de soutenir les petites et moyennes entreprises de Vaudreuil-Soulanges touch\u00e9es par les r\u00e9percussions de la\u00a0COVID-19, le\u00a0FLI Urgence PME. La MRC confie d\u2019ailleurs la gestion de ce fonds d\u2019une valeur de pr\u00e8s de 1,4 million de dollars \u00e0 DEV, le mandataire de la MRC pour le d\u00e9veloppement \u00e9conomique.<\/p>\n<blockquote><p>La conclusion de cette entente avec le gouvernement du Qu\u00e9bec est accueillie positivement par le pr\u00e9fet de la MRC de Vaudreuil-Soulanges et maire de Rivi\u00e8re-Beaudette, M. Patrick Bousez, et les autres maires et mairesses du territoire. \u00ab Ce financement prendra la forme de pr\u00eats et permettra de soutenir les liquidit\u00e9s de nos entreprises qui sont durement touch\u00e9es par la situation actuelle. Il faut aussi r\u00e9fl\u00e9chir \u00e0 la relance et il sera important de soutenir la reprise des diff\u00e9rents secteurs de notre \u00e9conomie le temps venu \u00bb, mentionne-t-il.<\/p><\/blockquote>\n<blockquote><p>\u00ab Cet outil financier \u00e0 l\u2019\u00e9chelle locale est compl\u00e9mentaire aux mesures d\u00e9ploy\u00e9es par les gouvernements du Qu\u00e9bec et du Canada \u00bb, rappelle Guy Pilon, pr\u00e9sident de DEV et maire de Vaudreuil-Dorion. \u00ab Le besoin est bien r\u00e9el au sein de nos petites et moyennes entreprises, car depuis la semaine derni\u00e8re, l\u2019\u00e9quipe de professionnels de DEV a re\u00e7u pas moins d\u2019une soixantaine de demandes de renseignements sur nos fonds locaux et vingt-quatre dossiers sont pr\u00e9sentement en cours d\u2019analyse \u00bb, a-t-il tenu \u00e0 souligner.<\/p><\/blockquote>\n<p><strong>D\u00e9tails des programmes offerts par DEV<\/strong><\/p>\n<p>Le\u00a0FLI Urgence PME\u00a0offre un financement d\u2019un montant inf\u00e9rieur \u00e0 50 000 $ pour pallier le manque de liquidit\u00e9. Le taux d\u2019int\u00e9r\u00eat sera de 3 %. Un moratoire de 3 mois sur le capital et les int\u00e9r\u00eats s\u2019appliquera automatiquement. Un moratoire additionnel allant jusqu\u2019\u00e0 12 mois sur le capital pourra \u00eatre accord\u00e9.<\/p>\n<p>Le\u00a0Programme d\u2019aide V-19\u00a0vise \u00e0 soutenir les entreprises du secteur manufacturier ou tertiaire moteur du territoire en termes de besoins de liquidit\u00e9s \u00e0 court terme (entre 0 et 3 mois). Le montant du financement se situe entre 5\u00a0000 $ et 25\u00a0000 $, auquel peut s\u2019ajouter une subvention de 30 % du montant du pr\u00eat, jusqu\u2019\u00e0 \u00e9puisement des fonds. Le taux de financement est de 3 % et un moratoire de capital et d\u2019int\u00e9r\u00eat est accord\u00e9 pour 6 mois.<\/p>\n<p>Pour tous les d\u00e9tails des programmes d\u2019aide aux entreprises, veuillez vous r\u00e9f\u00e9rer \u00e0 la page des\u00a0<a href=\"https:\/\/developpementvs.com\/programmes\/fonds-speciaux-covid-19.\"><strong>Fonds sp\u00e9ciaux COVID-19<\/strong>.<\/a><\/p>\n<p>De plus, le directeur de portefeuille et d\u00e9veloppement des affaires, Jo\u00ebl Lessard sera pr\u00e9sent en Facebook Live sur la page de D\u00e9veloppement Vaudreuil-Soulanges ce vendredi, 17 avril \u00e0 10 h. Il fera \u00e9tat des divers programmes disponibles pour aider \u00e0 maintenir les liquidit\u00e9s de son entreprise.<\/p>\n","protected":false},"excerpt":{"rendered":"<p>Vaudreuil-Dorion, 16 avril 2020 \u2013\u00a0Lors de la s\u00e9ance ordinaire du conseil du 15 avril, le Conseil des maires de la MRC de Vaudreuil-Soulanges a proc\u00e9d\u00e9 \u00e0 la signature d\u2019une entente avec le minist\u00e8re de l\u2019\u00c9conomie et de l\u2019Innovation qui permet la mise en place du nouveau programme d\u2019aide afin de soutenir les petites et moyennes [&hellip;]<\/p>\n","protected":false},"author":5,"featured_media":10390,"comment_status":"closed","ping_status":"closed","sticky":false,"template":"","format":"standard","meta":{"_et_pb_use_builder":"","_et_pb_old_content":"","_et_gb_content_width":"","footnotes":""},"categories":[44,45],"tags":[],"yoast_head":"<!-- This site is optimized with the Yoast SEO plugin v23.0 - https:\/\/yoast.com\/wordpress\/plugins\/seo\/ -->\n<title>La MRC de Vaudreuil-Soulanges adopte son Fonds d\u2019aide d\u2019urgence aux petites et moyennes entreprises : Le FLI Urgence PME - MRC of Vaudreuil-Soulanges<\/title>\n<meta name=\"robots\" content=\"index, follow, max-snippet:-1, max-image-preview:large, max-video-preview:-1\" \/>\n<link rel=\"canonical\" href=\"https:\/\/mrcvs.ca\/en\/fli-urgence-pme\/\" \/>\n<meta property=\"og:locale\" content=\"en_US\" \/>\n<meta property=\"og:type\" content=\"article\" \/>\n<meta property=\"og:title\" content=\"La MRC de Vaudreuil-Soulanges adopte son Fonds d\u2019aide d\u2019urgence aux petites et moyennes entreprises : Le FLI Urgence PME - MRC of Vaudreuil-Soulanges\" \/>\n<meta property=\"og:description\" content=\"Vaudreuil-Dorion, 16 avril 2020 \u2013\u00a0Lors de la s\u00e9ance ordinaire du conseil du 15 avril, le Conseil des maires de la MRC de Vaudreuil-Soulanges a proc\u00e9d\u00e9 \u00e0 la signature d\u2019une entente avec le minist\u00e8re de l\u2019\u00c9conomie et de l\u2019Innovation qui permet la mise en place du nouveau programme d\u2019aide afin de soutenir les petites et moyennes [&hellip;]\" \/>\n<meta property=\"og:url\" content=\"https:\/\/mrcvs.ca\/en\/fli-urgence-pme\/\" \/>\n<meta property=\"og:site_name\" content=\"MRC of Vaudreuil-Soulanges\" \/>\n<meta property=\"article:publisher\" content=\"https:\/\/www.facebook.com\/mrcvaudreuilsoulanges\/\" \/>\n<meta property=\"article:published_time\" content=\"2020-04-17T12:48:28+00:00\" \/>\n<meta property=\"article:modified_time\" content=\"2020-04-20T18:01:38+00:00\" \/>\n<meta property=\"og:image\" content=\"https:\/\/mrcvs.ca\/wp-content\/uploads\/2020\/04\/DEV_MRC_FLI_PME-1.jpg\" \/>\n\t<meta property=\"og:image:width\" content=\"2501\" \/>\n\t<meta property=\"og:image:height\" content=\"1668\" \/>\n\t<meta property=\"og:image:type\" content=\"image\/jpeg\" \/>\n<meta name=\"author\" content=\"Marie-Eve Gingras-Gosselin\" \/>\n<meta name=\"twitter:card\" content=\"summary_large_image\" \/>\n<meta name=\"twitter:label1\" content=\"Written by\" \/>\n\t<meta name=\"twitter:data1\" content=\"Marie-Eve Gingras-Gosselin\" \/>\n\t<meta name=\"twitter:label2\" content=\"Est. reading time\" \/>\n\t<meta name=\"twitter:data2\" content=\"2 minutes\" \/>\n<script type=\"application\/ld+json\" class=\"yoast-schema-graph\">{\"@context\":\"https:\/\/schema.org\",\"@graph\":[{\"@type\":\"Article\",\"@id\":\"https:\/\/mrcvs.ca\/en\/fli-urgence-pme\/#article\",\"isPartOf\":{\"@id\":\"https:\/\/mrcvs.ca\/en\/fli-urgence-pme\/\"},\"author\":{\"name\":\"Marie-Eve Gingras-Gosselin\",\"@id\":\"https:\/\/mrcvs.ca\/#\/schema\/person\/8fd29c6e3cd29daca3de077a77e5e3d6\"},\"headline\":\"La MRC de Vaudreuil-Soulanges adopte son Fonds d\u2019aide d\u2019urgence aux petites et moyennes entreprises : Le FLI Urgence PME\",\"datePublished\":\"2020-04-17T12:48:28+00:00\",\"dateModified\":\"2020-04-20T18:01:38+00:00\",\"mainEntityOfPage\":{\"@id\":\"https:\/\/mrcvs.ca\/en\/fli-urgence-pme\/\"},\"wordCount\":510,\"publisher\":{\"@id\":\"https:\/\/mrcvs.ca\/#organization\"},\"image\":{\"@id\":\"https:\/\/mrcvs.ca\/en\/fli-urgence-pme\/#primaryimage\"},\"thumbnailUrl\":\"https:\/\/mrcvs.ca\/wp-content\/uploads\/2020\/04\/DEV_MRC_FLI_PME-1.jpg\",\"articleSection\":[\"Citizens\",\"Municipalities\"],\"inLanguage\":\"en-US\"},{\"@type\":\"WebPage\",\"@id\":\"https:\/\/mrcvs.ca\/en\/fli-urgence-pme\/\",\"url\":\"https:\/\/mrcvs.ca\/en\/fli-urgence-pme\/\",\"name\":\"La MRC de Vaudreuil-Soulanges adopte son Fonds d\u2019aide d\u2019urgence aux petites et moyennes entreprises : Le FLI Urgence PME - MRC of Vaudreuil-Soulanges\",\"isPartOf\":{\"@id\":\"https:\/\/mrcvs.ca\/#website\"},\"primaryImageOfPage\":{\"@id\":\"https:\/\/mrcvs.ca\/en\/fli-urgence-pme\/#primaryimage\"},\"image\":{\"@id\":\"https:\/\/mrcvs.ca\/en\/fli-urgence-pme\/#primaryimage\"},\"thumbnailUrl\":\"https:\/\/mrcvs.ca\/wp-content\/uploads\/2020\/04\/DEV_MRC_FLI_PME-1.jpg\",\"datePublished\":\"2020-04-17T12:48:28+00:00\",\"dateModified\":\"2020-04-20T18:01:38+00:00\",\"breadcrumb\":{\"@id\":\"https:\/\/mrcvs.ca\/en\/fli-urgence-pme\/#breadcrumb\"},\"inLanguage\":\"en-US\",\"potentialAction\":[{\"@type\":\"ReadAction\",\"target\":[\"https:\/\/mrcvs.ca\/en\/fli-urgence-pme\/\"]}]},{\"@type\":\"ImageObject\",\"inLanguage\":\"en-US\",\"@id\":\"https:\/\/mrcvs.ca\/en\/fli-urgence-pme\/#primaryimage\",\"url\":\"https:\/\/mrcvs.ca\/wp-content\/uploads\/2020\/04\/DEV_MRC_FLI_PME-1.jpg\",\"contentUrl\":\"https:\/\/mrcvs.ca\/wp-content\/uploads\/2020\/04\/DEV_MRC_FLI_PME-1.jpg\",\"width\":2501,\"height\":1668},{\"@type\":\"BreadcrumbList\",\"@id\":\"https:\/\/mrcvs.ca\/en\/fli-urgence-pme\/#breadcrumb\",\"itemListElement\":[{\"@type\":\"ListItem\",\"position\":1,\"name\":\"Accueil\",\"item\":\"https:\/\/mrcvs.ca\/en\/\"},{\"@type\":\"ListItem\",\"position\":2,\"name\":\"La MRC de Vaudreuil-Soulanges adopte son Fonds d\u2019aide d\u2019urgence aux petites et moyennes entreprises : Le FLI Urgence PME\"}]},{\"@type\":\"WebSite\",\"@id\":\"https:\/\/mrcvs.ca\/#website\",\"url\":\"https:\/\/mrcvs.ca\/\",\"name\":\"MRC de Vaudreuil-Soulanges\",\"description\":\"MRC of Vaudreuil-Soulanges \",\"publisher\":{\"@id\":\"https:\/\/mrcvs.ca\/#organization\"},\"potentialAction\":[{\"@type\":\"SearchAction\",\"target\":{\"@type\":\"EntryPoint\",\"urlTemplate\":\"https:\/\/mrcvs.ca\/?s={search_term_string}\"},\"query-input\":\"required name=search_term_string\"}],\"inLanguage\":\"en-US\"},{\"@type\":\"Organization\",\"@id\":\"https:\/\/mrcvs.ca\/#organization\",\"name\":\"MRC Vaudreuil-Soulanges\",\"url\":\"https:\/\/mrcvs.ca\/\",\"logo\":{\"@type\":\"ImageObject\",\"inLanguage\":\"en-US\",\"@id\":\"https:\/\/mrcvs.ca\/#\/schema\/logo\/image\/\",\"url\":\"https:\/\/mrcvs.ca\/wp-content\/uploads\/2018\/10\/MRC_VS_LOGO.png\",\"contentUrl\":\"https:\/\/mrcvs.ca\/wp-content\/uploads\/2018\/10\/MRC_VS_LOGO.png\",\"width\":1080,\"height\":460,\"caption\":\"MRC Vaudreuil-Soulanges\"},\"image\":{\"@id\":\"https:\/\/mrcvs.ca\/#\/schema\/logo\/image\/\"},\"sameAs\":[\"https:\/\/www.facebook.com\/mrcvaudreuilsoulanges\/\"]},{\"@type\":\"Person\",\"@id\":\"https:\/\/mrcvs.ca\/#\/schema\/person\/8fd29c6e3cd29daca3de077a77e5e3d6\",\"name\":\"Marie-Eve Gingras-Gosselin\",\"sameAs\":[\"https:\/\/mrcvs.ca\"]}]}<\/script>\n<!-- \/ Yoast SEO plugin. -->","yoast_head_json":{"title":"La MRC de Vaudreuil-Soulanges adopte son Fonds d\u2019aide d\u2019urgence aux petites et moyennes entreprises : Le FLI Urgence PME - MRC of Vaudreuil-Soulanges","robots":{"index":"index","follow":"follow","max-snippet":"max-snippet:-1","max-image-preview":"max-image-preview:large","max-video-preview":"max-video-preview:-1"},"canonical":"https:\/\/mrcvs.ca\/en\/fli-urgence-pme\/","og_locale":"en_US","og_type":"article","og_title":"La MRC de Vaudreuil-Soulanges adopte son Fonds d\u2019aide d\u2019urgence aux petites et moyennes entreprises : Le FLI Urgence PME - MRC of Vaudreuil-Soulanges","og_description":"Vaudreuil-Dorion, 16 avril 2020 \u2013\u00a0Lors de la s\u00e9ance ordinaire du conseil du 15 avril, le Conseil des maires de la MRC de Vaudreuil-Soulanges a proc\u00e9d\u00e9 \u00e0 la signature d\u2019une entente avec le minist\u00e8re de l\u2019\u00c9conomie et de l\u2019Innovation qui permet la mise en place du nouveau programme d\u2019aide afin de soutenir les petites et moyennes [&hellip;]","og_url":"https:\/\/mrcvs.ca\/en\/fli-urgence-pme\/","og_site_name":"MRC of Vaudreuil-Soulanges","article_publisher":"https:\/\/www.facebook.com\/mrcvaudreuilsoulanges\/","article_published_time":"2020-04-17T12:48:28+00:00","article_modified_time":"2020-04-20T18:01:38+00:00","og_image":[{"width":2501,"height":1668,"url":"https:\/\/mrcvs.ca\/wp-content\/uploads\/2020\/04\/DEV_MRC_FLI_PME-1.jpg","type":"image\/jpeg"}],"author":"Marie-Eve Gingras-Gosselin","twitter_card":"summary_large_image","twitter_misc":{"Written by":"Marie-Eve Gingras-Gosselin","Est. reading time":"2 minutes"},"schema":{"@context":"https:\/\/schema.org","@graph":[{"@type":"Article","@id":"https:\/\/mrcvs.ca\/en\/fli-urgence-pme\/#article","isPartOf":{"@id":"https:\/\/mrcvs.ca\/en\/fli-urgence-pme\/"},"author":{"name":"Marie-Eve Gingras-Gosselin","@id":"https:\/\/mrcvs.ca\/#\/schema\/person\/8fd29c6e3cd29daca3de077a77e5e3d6"},"headline":"La MRC de Vaudreuil-Soulanges adopte son Fonds d\u2019aide d\u2019urgence aux petites et moyennes entreprises : Le FLI Urgence PME","datePublished":"2020-04-17T12:48:28+00:00","dateModified":"2020-04-20T18:01:38+00:00","mainEntityOfPage":{"@id":"https:\/\/mrcvs.ca\/en\/fli-urgence-pme\/"},"wordCount":510,"publisher":{"@id":"https:\/\/mrcvs.ca\/#organization"},"image":{"@id":"https:\/\/mrcvs.ca\/en\/fli-urgence-pme\/#primaryimage"},"thumbnailUrl":"https:\/\/mrcvs.ca\/wp-content\/uploads\/2020\/04\/DEV_MRC_FLI_PME-1.jpg","articleSection":["Citizens","Municipalities"],"inLanguage":"en-US"},{"@type":"WebPage","@id":"https:\/\/mrcvs.ca\/en\/fli-urgence-pme\/","url":"https:\/\/mrcvs.ca\/en\/fli-urgence-pme\/","name":"La MRC de Vaudreuil-Soulanges adopte son Fonds d\u2019aide d\u2019urgence aux petites et moyennes entreprises : Le FLI Urgence PME - MRC of Vaudreuil-Soulanges","isPartOf":{"@id":"https:\/\/mrcvs.ca\/#website"},"primaryImageOfPage":{"@id":"https:\/\/mrcvs.ca\/en\/fli-urgence-pme\/#primaryimage"},"image":{"@id":"https:\/\/mrcvs.ca\/en\/fli-urgence-pme\/#primaryimage"},"thumbnailUrl":"https:\/\/mrcvs.ca\/wp-content\/uploads\/2020\/04\/DEV_MRC_FLI_PME-1.jpg","datePublished":"2020-04-17T12:48:28+00:00","dateModified":"2020-04-20T18:01:38+00:00","breadcrumb":{"@id":"https:\/\/mrcvs.ca\/en\/fli-urgence-pme\/#breadcrumb"},"inLanguage":"en-US","potentialAction":[{"@type":"ReadAction","target":["https:\/\/mrcvs.ca\/en\/fli-urgence-pme\/"]}]},{"@type":"ImageObject","inLanguage":"en-US","@id":"https:\/\/mrcvs.ca\/en\/fli-urgence-pme\/#primaryimage","url":"https:\/\/mrcvs.ca\/wp-content\/uploads\/2020\/04\/DEV_MRC_FLI_PME-1.jpg","contentUrl":"https:\/\/mrcvs.ca\/wp-content\/uploads\/2020\/04\/DEV_MRC_FLI_PME-1.jpg","width":2501,"height":1668},{"@type":"BreadcrumbList","@id":"https:\/\/mrcvs.ca\/en\/fli-urgence-pme\/#breadcrumb","itemListElement":[{"@type":"ListItem","position":1,"name":"Accueil","item":"https:\/\/mrcvs.ca\/en\/"},{"@type":"ListItem","position":2,"name":"La MRC de Vaudreuil-Soulanges adopte son Fonds d\u2019aide d\u2019urgence aux petites et moyennes entreprises : Le FLI Urgence PME"}]},{"@type":"WebSite","@id":"https:\/\/mrcvs.ca\/#website","url":"https:\/\/mrcvs.ca\/","name":"MRC de Vaudreuil-Soulanges","description":"MRC of Vaudreuil-Soulanges ","publisher":{"@id":"https:\/\/mrcvs.ca\/#organization"},"potentialAction":[{"@type":"SearchAction","target":{"@type":"EntryPoint","urlTemplate":"https:\/\/mrcvs.ca\/?s={search_term_string}"},"query-input":"required name=search_term_string"}],"inLanguage":"en-US"},{"@type":"Organization","@id":"https:\/\/mrcvs.ca\/#organization","name":"MRC Vaudreuil-Soulanges","url":"https:\/\/mrcvs.ca\/","logo":{"@type":"ImageObject","inLanguage":"en-US","@id":"https:\/\/mrcvs.ca\/#\/schema\/logo\/image\/","url":"https:\/\/mrcvs.ca\/wp-content\/uploads\/2018\/10\/MRC_VS_LOGO.png","contentUrl":"https:\/\/mrcvs.ca\/wp-content\/uploads\/2018\/10\/MRC_VS_LOGO.png","width":1080,"height":460,"caption":"MRC Vaudreuil-Soulanges"},"image":{"@id":"https:\/\/mrcvs.ca\/#\/schema\/logo\/image\/"},"sameAs":["https:\/\/www.facebook.com\/mrcvaudreuilsoulanges\/"]},{"@type":"Person","@id":"https:\/\/mrcvs.ca\/#\/schema\/person\/8fd29c6e3cd29daca3de077a77e5e3d6","name":"Marie-Eve Gingras-Gosselin","sameAs":["https:\/\/mrcvs.ca"]}]}},"_links":{"self":[{"href":"https:\/\/mrcvs.ca\/en\/wp-json\/wp\/v2\/posts\/10388"}],"collection":[{"href":"https:\/\/mrcvs.ca\/en\/wp-json\/wp\/v2\/posts"}],"about":[{"href":"https:\/\/mrcvs.ca\/en\/wp-json\/wp\/v2\/types\/post"}],"author":[{"embeddable":true,"href":"https:\/\/mrcvs.ca\/en\/wp-json\/wp\/v2\/users\/5"}],"replies":[{"embeddable":true,"href":"https:\/\/mrcvs.ca\/en\/wp-json\/wp\/v2\/comments?post=10388"}],"version-history":[{"count":0,"href":"https:\/\/mrcvs.ca\/en\/wp-json\/wp\/v2\/posts\/10388\/revisions"}],"wp:featuredmedia":[{"embeddable":true,"href":"https:\/\/mrcvs.ca\/en\/wp-json\/wp\/v2\/media\/10390"}],"wp:attachment":[{"href":"https:\/\/mrcvs.ca\/en\/wp-json\/wp\/v2\/media?parent=10388"}],"wp:term":[{"taxonomy":"category","embeddable":true,"href":"https:\/\/mrcvs.ca\/en\/wp-json\/wp\/v2\/categories?post=10388"},{"taxonomy":"post_tag","embeddable":true,"href":"https:\/\/mrcvs.ca\/en\/wp-json\/wp\/v2\/tags?post=10388"}],"curies":[{"name":"wp","href":"https:\/\/api.w.org\/{rel}","templated":true}]}}